{"id":15391,"date":"2017-09-04T23:24:09","date_gmt":"2017-09-05T04:24:09","guid":{"rendered":"http:\/\/elinformanteperu.com\/?p=15391"},"modified":"2017-09-04T23:24:09","modified_gmt":"2017-09-05T04:24:09","slug":"ferrero-invoca-a-consolidar-autonomia-del-tribunal-constitucional","status":"publish","type":"post","link":"https:\/\/elinformanteperu.com\/index.php\/2017\/09\/04\/ferrero-invoca-a-consolidar-autonomia-del-tribunal-constitucional\/","title":{"rendered":"Ferrero invoca a consolidar autonom\u00eda del Tribunal Constitucional"},"content":{"rendered":"<p><strong><span style=\"color: #000000;\">El flamante magistrado del TC, Augusto Ferrero Costa, invoc\u00f3 a los dirigentes del pa\u00eds a investigar y solucionar los temas necesarios para asegurar la autonom\u00eda de esta entidad.<\/span><\/strong><\/p>\n<p><span style=\"color: #000000;\"><strong>Lima, 04 Setiembre 2017, (ANDINA).-<\/strong> El flamante magistrado del Tribunal Constitucional (TC), Augusto Ferrero Costa, invoc\u00f3 a los dirigentes del pa\u00eds a investigar y solucionar los temas necesarios para asegurar la autonom\u00eda de esta entidad y permitirle actuar con libertad y sin cuestionamientos.<\/span><\/p>\n<p><span style=\"color: #000000;\">En su discurso, tras jurar en el cargo, Ferrero expres\u00f3 tambi\u00e9n su preocupaci\u00f3n por la divulgaci\u00f3n de informaci\u00f3n reservada del Tribunal Constitucional, as\u00ed como las declaraciones de algunas personas brindadas en los medios sobre el tema.<\/span><\/p>\n<p><span style=\"color: #000000;\">\u201cNo deja de preocupar a la ciudadan\u00eda la divulgaci\u00f3n de informaci\u00f3n reservada del tribunal y algunas declaraciones de algunas personas que se han dado en los medios de comunicaci\u00f3n, invocando a nuestros dirigentes la investigaci\u00f3n y soluci\u00f3n concernientes que aseguren la autonom\u00eda del Tribunal Constitucional para actuar con libertad y sin cuestionamientos\u201d, manifest\u00f3 en referencia a la pol\u00e9mica por la sentencia sobre la ley antitr\u00e1nsfuga.<\/span><\/p>\n<p><span style=\"color: #000000;\">Ferrero tambi\u00e9n dijo asumir el cargo con el \u201ccompromiso patri\u00f3tico\u201d de entregar el m\u00e1ximo esfuerzo, empe\u00f1o, honestidad y rectitud para que el TC siga el rumbo que le corresponde como \u00f3rganos de control de la constitucionalidad de las leyes y garante de los derechos fundamentales.<\/span><\/p>\n<p><span style=\"color: #000000;\">Asimismo, agradeci\u00f3 a los legisladores que respaldaron su elecci\u00f3n en el cargo, y anunci\u00f3 su renuncia a la actividad privada para dedicarse exclusivamente a la funci\u00f3n p\u00fablica.<\/span><\/p>\n<p><span style=\"color: #000000;\">Ferrero fue elegido como magistrado del Tribunal Constitucional para el periodo 2017-2022.<\/span><\/p>\n","protected":false},"excerpt":{"rendered":"<p>El flamante magistrado del TC, Augusto Ferrero Costa, invoc\u00f3 a los dirigentes del pa\u00eds a investigar y solucionar los temas necesarios para asegurar la autonom\u00eda de esta entidad. Lima, 04 Setiembre 2017, (ANDINA).- El flamante magistrado del Tribunal Constitucional (TC), Augusto Ferrero Costa, invoc\u00f3 a los dirigentes del pa\u00eds a investigar y solucionar los temas [&hellip;]<\/p>\n","protected":false},"author":1,"featured_media":15392,"comment_status":"open","ping_status":"open","sticky":false,"template":"","format":"standard","meta":{"rop_custom_images_group":[],"rop_custom_messages_group":[],"rop_publish_now":"initial","rop_publish_now_accounts":[],"rop_publish_now_history":[],"rop_publish_now_status":"pending","footnotes":""},"categories":[5],"tags":[2043,1402,1401],"class_list":["post-15391","post","type-post","status-publish","format-standard","has-post-thumbnail","hentry","category-actualidad-informativa","tag-augusto-ferrero-costa","tag-tc","tag-tribunal-constitucional"],"_links":{"self":[{"href":"https:\/\/elinformanteperu.com\/index.php\/wp-json\/wp\/v2\/posts\/15391","targetHints":{"allow":["GET"]}}],"collection":[{"href":"https:\/\/elinformanteperu.com\/index.php\/wp-json\/wp\/v2\/posts"}],"about":[{"href":"https:\/\/elinformanteperu.com\/index.php\/wp-json\/wp\/v2\/types\/post"}],"author":[{"embeddable":true,"href":"https:\/\/elinformanteperu.com\/index.php\/wp-json\/wp\/v2\/users\/1"}],"replies":[{"embeddable":true,"href":"https:\/\/elinformanteperu.com\/index.php\/wp-json\/wp\/v2\/comments?post=15391"}],"version-history":[{"count":1,"href":"https:\/\/elinformanteperu.com\/index.php\/wp-json\/wp\/v2\/posts\/15391\/revisions"}],"predecessor-version":[{"id":15393,"href":"https:\/\/elinformanteperu.com\/index.php\/wp-json\/wp\/v2\/posts\/15391\/revisions\/15393"}],"wp:featuredmedia":[{"embeddable":true,"href":"https:\/\/elinformanteperu.com\/index.php\/wp-json\/wp\/v2\/media\/15392"}],"wp:attachment":[{"href":"https:\/\/elinformanteperu.com\/index.php\/wp-json\/wp\/v2\/media?parent=15391"}],"wp:term":[{"taxonomy":"category","embeddable":true,"href":"https:\/\/elinformanteperu.com\/index.php\/wp-json\/wp\/v2\/categories?post=15391"},{"taxonomy":"post_tag","embeddable":true,"href":"https:\/\/elinformanteperu.com\/index.php\/wp-json\/wp\/v2\/tags?post=15391"}],"curies":[{"name":"wp","href":"https:\/\/api.w.org\/{rel}","templated":true}]}}