{"id":15357,"date":"2017-09-04T19:12:27","date_gmt":"2017-09-05T00:12:27","guid":{"rendered":"http:\/\/elinformanteperu.com\/?p=15357"},"modified":"2017-09-04T19:15:03","modified_gmt":"2017-09-05T00:15:03","slug":"primer-adelanto-de-cinta-nacional-el-sistema-solar","status":"publish","type":"post","link":"https:\/\/elinformanteperu.com\/index.php\/2017\/09\/04\/primer-adelanto-de-cinta-nacional-el-sistema-solar\/","title":{"rendered":"Primer adelanto de la cinta nacional &#8216;El sistema solar&#8217;"},"content":{"rendered":"<p><strong><span style=\"color: #000000;\">Los directores Bacha Caravedo y Chin\u00f3n Higashionna nos muestran el primer adelanto de su m\u00e1s reciente producci\u00f3n, &#8216;El sistema solar&#8217;, que se estrenar\u00e1 este 16 de noviembre.<\/span><\/strong><\/p>\n<p><span style=\"color: #000000;\"><strong>Lima, 04 Setiembre 2017, (El Informante Per\u00fa).-<\/strong> El cine nacional contin\u00faa creciendo y esta vez los directores Bacha Caravedo y Chin\u00f3n Higashionna nos presentan el tr\u00e1iler oficial de su nueva entrega cinematogr\u00e1fica &#8216;El sistema solar&#8217; basada en la obra de teatro de la escritora y directora Mariana De Althaus. Este drama familiar con toque de humor negro tiene programado su estreno el pr\u00f3ximo 16 de noviembre a nivel nacional.<\/span><\/p>\n<p><span style=\"color: #000000;\">La cinta cuenta con un elenco de grandes actores nacionales como Javier Vald\u00e9s, Gisela Ponce de Le\u00f3n y C\u00e9sar Ritter; adem\u00e1s de la participaci\u00f3n de la reconocida actriz espa\u00f1ola Adriana Ugarte y el ni\u00f1o Sebasti\u00e1n Zamudio, quien hace un impecable debut actoral con esta pel\u00edcula. Todos ellos interpretan a los integrantes de la familia Del Solar, en la que gira la historia.<\/span><\/p>\n<p><span style=\"color: #000000;\">Este drama cuenta lo sucedido en una cena de Nochebuena que se convierte en una reuni\u00f3n llena de revelaciones sorprendentes, tensi\u00f3n creciente y acusaciones cruzadas entre los diferentes miembros de la familia: un drama universal con un sentido del humor muy especial.<\/span><\/p>\n<p><strong><span style=\"color: #000000;\">Sinopsis:<\/span><\/strong><\/p>\n<p><span style=\"color: #000000;\">Nochebuena en Lima. La familia Del Solar no se ha reunido desde hace dos a\u00f1os. Leonardo del Solar, el patriarca de la familia, se presenta en su antigua casa acompa\u00f1ado de su actual pareja, la madrile\u00f1a In\u00e9s, ex novia de su hijo P\u00e1vel. Edurne, tambi\u00e9n hija de Leonardo, que ahora vive en esa casa, anuncia que est\u00e1 embarazada de gemelos y que necesita un anticipo de la herencia para poder criarlos sola. Puli, el hijo de P\u00e1vel, un ni\u00f1o muy especial de nueve a\u00f1os, les observa. A partir de ah\u00ed, la reuni\u00f3n familiar se convertir\u00e1 en una sucesi\u00f3n de revelaciones sorprendentes, tensiones crecientes, acusaciones cruzadas y, quiz\u00e1s, una reconciliaci\u00f3n. \u00bfQui\u00e9n no ha pasado de la risa al llanto y del amor al odio en una cena de Navidad?<\/span><\/p>\n<p><strong><span style=\"color: #000000;\">Ficha T\u00e9cnica:<\/span><\/strong><\/p>\n<p><span style=\"color: #000000;\"><strong>Elenco:<\/strong> Gisela Ponce de Le\u00f3n, Javier Vald\u00e9s, Adriana Ugarte, C\u00e9sar Ritter, Sebasti\u00e1n Zamudio.<\/span><br \/>\n<span style=\"color: #000000;\"><strong>Duraci\u00f3n:<\/strong> 90 minutos.<\/span><br \/>\n<span style=\"color: #000000;\"><strong>G\u00e9nero:<\/strong> Comedia. Drama.<\/span><br \/>\n<span style=\"color: #000000;\"><strong>Pa\u00eds: <\/strong>Per\u00fa. Espa\u00f1a.<\/span><br \/>\n<span style=\"color: #000000;\"><strong>Directores: <\/strong>Bacha Caravedo &amp; Chin\u00f3n Higashionna.<\/span><br \/>\n<span style=\"color: #000000;\"><strong>Distribuidora:<\/strong> BF Cineplex.<\/span><\/p>\n<p><iframe src=\"https:\/\/www.youtube-nocookie.com\/embed\/J6HvgaAJNlM?rel=0&amp;controls=0&amp;showinfo=0\" width=\"560\" height=\"315\" frameborder=\"0\" allowfullscreen=\"allowfullscreen\"><\/iframe><\/p>\n","protected":false},"excerpt":{"rendered":"<p>Los directores Bacha Caravedo y Chin\u00f3n Higashionna nos muestran el primer adelanto de su m\u00e1s reciente producci\u00f3n, &#8216;El sistema solar&#8217;, que se estrenar\u00e1 este 16 de noviembre. Lima, 04 Setiembre 2017, (El Informante Per\u00fa).- El cine nacional contin\u00faa creciendo y esta vez los directores Bacha Caravedo y Chin\u00f3n Higashionna nos presentan el tr\u00e1iler oficial de [&hellip;]<\/p>\n","protected":false},"author":1,"featured_media":15358,"comment_status":"open","ping_status":"open","sticky":false,"template":"","format":"standard","meta":{"rop_custom_images_group":[],"rop_custom_messages_group":[],"rop_publish_now":"initial","rop_publish_now_accounts":[],"rop_publish_now_history":[],"rop_publish_now_status":"pending","footnotes":""},"categories":[7],"tags":[1626,2129],"class_list":["post-15357","post","type-post","status-publish","format-standard","has-post-thumbnail","hentry","category-butaca","tag-cine-peruano","tag-el-sistema-solar"],"_links":{"self":[{"href":"https:\/\/elinformanteperu.com\/index.php\/wp-json\/wp\/v2\/posts\/15357","targetHints":{"allow":["GET"]}}],"collection":[{"href":"https:\/\/elinformanteperu.com\/index.php\/wp-json\/wp\/v2\/posts"}],"about":[{"href":"https:\/\/elinformanteperu.com\/index.php\/wp-json\/wp\/v2\/types\/post"}],"author":[{"embeddable":true,"href":"https:\/\/elinformanteperu.com\/index.php\/wp-json\/wp\/v2\/users\/1"}],"replies":[{"embeddable":true,"href":"https:\/\/elinformanteperu.com\/index.php\/wp-json\/wp\/v2\/comments?post=15357"}],"version-history":[{"count":2,"href":"https:\/\/elinformanteperu.com\/index.php\/wp-json\/wp\/v2\/posts\/15357\/revisions"}],"predecessor-version":[{"id":15360,"href":"https:\/\/elinformanteperu.com\/index.php\/wp-json\/wp\/v2\/posts\/15357\/revisions\/15360"}],"wp:featuredmedia":[{"embeddable":true,"href":"https:\/\/elinformanteperu.com\/index.php\/wp-json\/wp\/v2\/media\/15358"}],"wp:attachment":[{"href":"https:\/\/elinformanteperu.com\/index.php\/wp-json\/wp\/v2\/media?parent=15357"}],"wp:term":[{"taxonomy":"category","embeddable":true,"href":"https:\/\/elinformanteperu.com\/index.php\/wp-json\/wp\/v2\/categories?post=15357"},{"taxonomy":"post_tag","embeddable":true,"href":"https:\/\/elinformanteperu.com\/index.php\/wp-json\/wp\/v2\/tags?post=15357"}],"curies":[{"name":"wp","href":"https:\/\/api.w.org\/{rel}","templated":true}]}}