{"id":15336,"date":"2017-09-04T00:08:39","date_gmt":"2017-09-04T05:08:39","guid":{"rendered":"http:\/\/elinformanteperu.com\/?p=15336"},"modified":"2017-09-04T00:08:39","modified_gmt":"2017-09-04T05:08:39","slug":"congreso-tarde-o-temprano-acatara-fallo-del-tc-afirma-ernesto-alvarez","status":"publish","type":"post","link":"https:\/\/elinformanteperu.com\/index.php\/2017\/09\/04\/congreso-tarde-o-temprano-acatara-fallo-del-tc-afirma-ernesto-alvarez\/","title":{"rendered":"Congreso tarde o temprano acatar\u00e1 fallo del TC, afirma Ernesto \u00c1lvarez"},"content":{"rendered":"<p><strong><span style=\"color: #000000;\">El expresidente del Tribunal Constitucional, Ernesto \u00c1lvarez, asegur\u00f3 que el Congreso, tarde o temprano terminar\u00e1 acatando el fallo sobre la demanda contra la ley antitr\u00e1nsfuga.<\/span><\/strong><\/p>\n<p><span style=\"color: #000000;\"><strong>Lima, 03 Setiembre 2017, (ANDINA).<\/strong>&#8211; El expresidente del Tribunal Constitucional (TC), Ernesto \u00c1lvarez, asegur\u00f3 que el Congreso de la Rep\u00fablica, tarde o temprano terminar\u00e1 acatando el fallo que emita este organismo sobre la demanda contra la denominada ley antitr\u00e1nsfuga.<\/span><\/p>\n<p><span style=\"color: #000000;\">\u00c1lvarez explic\u00f3 que las primeras reacciones de un grupo de congresistas, llamando incluso a no acatar el fallo si este es contrario a la ley aprobada por el Parlamento, \u201cson mucho m\u00e1s emotivas que reflexivas\u201d. <\/span><\/p>\n<p><span style=\"color: #000000;\">\u201cSi el Congreso no acata el fallo del TC el problema ser\u00eda grave porque cualquiera podr\u00eda recurrir al Poder Judicial y se le dar\u00eda la raz\u00f3n. Adem\u00e1s, entrar\u00edan en un conflicto innecesario, porque no admite una discusi\u00f3n jur\u00eddica el hecho que el TC pueda declarar inconstitucional una norma del Congreso; tarde o temprano van a tener que ceder, oponerse no es el camino\u201d, dijo a la Agencia Andina.<\/span><\/p>\n<p><span style=\"color: #000000;\">\u00c1lvarez precis\u00f3 que es una interpretaci\u00f3n err\u00f3nea la de un grupo de congresistas respecto a que el Reglamento del Parlamento \u201ctiene fuerza de ley\u201d, pues \u2013subray\u00f3- todas las normas \u201cson materia de control constitucional\u201d.<\/span><\/p>\n<p><span style=\"color: #000000;\">\u201cHablamos de todo tipo de leyes, las que modifican el Reglamento del Congreso, las org\u00e1nicas, ordinarias, de desarrollo constitucional e, inclusive, las que modifican la Constituci\u00f3n\u201d, se\u00f1al\u00f3.<\/span><\/p>\n<p><span style=\"color: #000000;\">En ese sentido, explic\u00f3 que el Parlamento no est\u00e1 desarmado ante una resoluci\u00f3n del TC que declare la inconstitucionalidad de una norma producida en ese \u00e1mbito, porque puede volver a aprobar una norma similar, \u201caunque teniendo en cuenta los considerandos de la sentencia del Tribunal\u201d.<\/span><\/p>\n<p><span style=\"color: #000000;\">\u201cLo que considera ese proyecto de sentencia filtrado es que no es constitucional impedir que el congresista integre nuevos grupos parlamentarios, en virtud a que no es sujeto a mandato imperativo\u201d, refiri\u00f3.<\/span><\/p>\n","protected":false},"excerpt":{"rendered":"<p>El expresidente del Tribunal Constitucional, Ernesto \u00c1lvarez, asegur\u00f3 que el Congreso, tarde o temprano terminar\u00e1 acatando el fallo sobre la demanda contra la ley antitr\u00e1nsfuga. Lima, 03 Setiembre 2017, (ANDINA).&#8211; El expresidente del Tribunal Constitucional (TC), Ernesto \u00c1lvarez, asegur\u00f3 que el Congreso de la Rep\u00fablica, tarde o temprano terminar\u00e1 acatando el fallo que emita este [&hellip;]<\/p>\n","protected":false},"author":1,"featured_media":1738,"comment_status":"open","ping_status":"open","sticky":false,"template":"","format":"standard","meta":{"rop_custom_images_group":[],"rop_custom_messages_group":[],"rop_publish_now":"initial","rop_publish_now_accounts":[],"rop_publish_now_history":[],"rop_publish_now_status":"pending","footnotes":""},"categories":[5],"tags":[192,2126,1402,1401],"class_list":["post-15336","post","type-post","status-publish","format-standard","has-post-thumbnail","hentry","category-actualidad-informativa","tag-congreso","tag-ernesto-alvarez","tag-tc","tag-tribunal-constitucional"],"_links":{"self":[{"href":"https:\/\/elinformanteperu.com\/index.php\/wp-json\/wp\/v2\/posts\/15336","targetHints":{"allow":["GET"]}}],"collection":[{"href":"https:\/\/elinformanteperu.com\/index.php\/wp-json\/wp\/v2\/posts"}],"about":[{"href":"https:\/\/elinformanteperu.com\/index.php\/wp-json\/wp\/v2\/types\/post"}],"author":[{"embeddable":true,"href":"https:\/\/elinformanteperu.com\/index.php\/wp-json\/wp\/v2\/users\/1"}],"replies":[{"embeddable":true,"href":"https:\/\/elinformanteperu.com\/index.php\/wp-json\/wp\/v2\/comments?post=15336"}],"version-history":[{"count":1,"href":"https:\/\/elinformanteperu.com\/index.php\/wp-json\/wp\/v2\/posts\/15336\/revisions"}],"predecessor-version":[{"id":15337,"href":"https:\/\/elinformanteperu.com\/index.php\/wp-json\/wp\/v2\/posts\/15336\/revisions\/15337"}],"wp:featuredmedia":[{"embeddable":true,"href":"https:\/\/elinformanteperu.com\/index.php\/wp-json\/wp\/v2\/media\/1738"}],"wp:attachment":[{"href":"https:\/\/elinformanteperu.com\/index.php\/wp-json\/wp\/v2\/media?parent=15336"}],"wp:term":[{"taxonomy":"category","embeddable":true,"href":"https:\/\/elinformanteperu.com\/index.php\/wp-json\/wp\/v2\/categories?post=15336"},{"taxonomy":"post_tag","embeddable":true,"href":"https:\/\/elinformanteperu.com\/index.php\/wp-json\/wp\/v2\/tags?post=15336"}],"curies":[{"name":"wp","href":"https:\/\/api.w.org\/{rel}","templated":true}]}}