{"id":15315,"date":"2017-09-03T22:37:44","date_gmt":"2017-09-04T03:37:44","guid":{"rendered":"http:\/\/elinformanteperu.com\/?p=15315"},"modified":"2017-09-03T22:37:44","modified_gmt":"2017-09-04T03:37:44","slug":"ancash-clases-escolares-se-extenderan-en-algunos-casos-hasta-enero-2018","status":"publish","type":"post","link":"https:\/\/elinformanteperu.com\/index.php\/2017\/09\/03\/ancash-clases-escolares-se-extenderan-en-algunos-casos-hasta-enero-2018\/","title":{"rendered":"\u00c1ncash: clases escolares se extender\u00e1n en algunos casos hasta enero 2018"},"content":{"rendered":"<p><strong><span style=\"color: #000000;\">La regi\u00f3n \u00c1ncash ya cuenta con el plan de recuperaci\u00f3n de clases que aplicar\u00e1 de manera inmediata tras el levantamiento de la huelga de los docentes.<\/span><\/strong><\/p>\n<p><span style=\"color: #000000;\"><strong>Lima, 03 Setiembre 2017, (ANDINA).-<\/strong> La regi\u00f3n \u00c1ncash ya cuenta con el plan de recuperaci\u00f3n de clases que aplicar\u00e1 de manera inmediata tras el levantamiento de la huelga de los docentes, inform\u00f3 hoy el titular de la Direcci\u00f3n Regional de Educaci\u00f3n (DREA), Miguel Arista Cueva.<\/span><\/p>\n<p><span style=\"color: #000000;\">El funcionario coment\u00f3 que el documento fue elaborado conjuntamente con los directores de la Unidad de Gesti\u00f3n Educativa Local (UGEL) de cada una de las 20 provincias de la regi\u00f3n, y ser\u00e1 alcanzado al Ministerio de Educaci\u00f3n (Minedu), ma\u00f1ana lunes 4 de setiembre.<\/span><\/p>\n<p><span style=\"color: #000000;\">En el plan- detall\u00f3- se ha anexado informaci\u00f3n concerniente a cada provincia, ya que seg\u00fan explic\u00f3 no en todas las provincias de \u00c1ncash la huelga empez\u00f3 a ser acatada en la misma fecha. Por ello, puntualiz\u00f3 que no todos los colegios deber\u00e1n estudiar hasta el mes de enero del pr\u00f3ximo a\u00f1o.<\/span><\/p>\n<p><span style=\"color: #000000;\">\u201cCada provincia y cada instituci\u00f3n educativa tendr\u00e1 un plan diferente. Eso lo van a tener que dar a conocer los directores de cada plantel m\u00e1s adelante. Lo que hemos hecho es cumplir con el documento y anexar la situaci\u00f3n de cada provincia\u201d, sostuvo Arista Cueva.<\/span><\/p>\n<p><span style=\"color: #000000;\">Luego de entregar el plan al Minedu para su aprobaci\u00f3n, la DREA emitir\u00e1 una directiva, a m\u00e1s tardar el martes, donde se\u00f1alar\u00e1n que es estricta responsabilidad de los directores de los planteles y de la UGEL, velar porque se cumplan todas las horas de clases p\u00e9rdidas por la huelga, anunci\u00f3 el funcionario.<\/span><\/p>\n<p><span style=\"color: #000000;\">\u201cQuiero enfatizar en que vamos a cuidar que se cumpla estrictamente la recuperaci\u00f3n de horas lectivas, de eso vamos a responsabilizar al director de la UGEL y al director del plantel. La directiva estar\u00e1 orientada tambi\u00e9n a explicar a los maestros que no se puede recargar de trabajo a los estudiantes, una vez iniciado el plan de recuperaci\u00f3n\u201d, subray\u00f3.<\/span><\/p>\n<p><span style=\"color: #000000;\">En el caso de \u00c1ncash, las UGEL de las provincias de Bolognesi, Santa, Huari, Antonio Raimondi, Recuay y Huaraz; s\u00ed aplicaron descuentos a los docentes durante el tiempo de huelga, por lo que ahora corresponde entablar acuerdos para la recuperaci\u00f3n de clases y la devoluci\u00f3n del dinero descontado.<\/span><\/p>\n<p><span style=\"color: #000000;\">Finalmente, invoc\u00f3 a los padres de familia a enviar a sus hijos a los colegios ma\u00f1ana lunes 4 de setiembre.<\/span><\/p>\n","protected":false},"excerpt":{"rendered":"<p>La regi\u00f3n \u00c1ncash ya cuenta con el plan de recuperaci\u00f3n de clases que aplicar\u00e1 de manera inmediata tras el levantamiento de la huelga de los docentes. Lima, 03 Setiembre 2017, (ANDINA).- La regi\u00f3n \u00c1ncash ya cuenta con el plan de recuperaci\u00f3n de clases que aplicar\u00e1 de manera inmediata tras el levantamiento de la huelga de [&hellip;]<\/p>\n","protected":false},"author":1,"featured_media":14869,"comment_status":"open","ping_status":"open","sticky":false,"template":"","format":"standard","meta":{"rop_custom_images_group":[],"rop_custom_messages_group":[],"rop_publish_now":"initial","rop_publish_now_accounts":[],"rop_publish_now_history":[],"rop_publish_now_status":"pending","footnotes":""},"categories":[10],"tags":[1234,567,1668,328],"class_list":["post-15315","post","type-post","status-publish","format-standard","has-post-thumbnail","hentry","category-actualidad-municipal","tag-gobierno-regional-de-ancash","tag-marilu-martens","tag-minedu","tag-ministerio-de-de-educacion"],"_links":{"self":[{"href":"https:\/\/elinformanteperu.com\/index.php\/wp-json\/wp\/v2\/posts\/15315","targetHints":{"allow":["GET"]}}],"collection":[{"href":"https:\/\/elinformanteperu.com\/index.php\/wp-json\/wp\/v2\/posts"}],"about":[{"href":"https:\/\/elinformanteperu.com\/index.php\/wp-json\/wp\/v2\/types\/post"}],"author":[{"embeddable":true,"href":"https:\/\/elinformanteperu.com\/index.php\/wp-json\/wp\/v2\/users\/1"}],"replies":[{"embeddable":true,"href":"https:\/\/elinformanteperu.com\/index.php\/wp-json\/wp\/v2\/comments?post=15315"}],"version-history":[{"count":1,"href":"https:\/\/elinformanteperu.com\/index.php\/wp-json\/wp\/v2\/posts\/15315\/revisions"}],"predecessor-version":[{"id":15316,"href":"https:\/\/elinformanteperu.com\/index.php\/wp-json\/wp\/v2\/posts\/15315\/revisions\/15316"}],"wp:featuredmedia":[{"embeddable":true,"href":"https:\/\/elinformanteperu.com\/index.php\/wp-json\/wp\/v2\/media\/14869"}],"wp:attachment":[{"href":"https:\/\/elinformanteperu.com\/index.php\/wp-json\/wp\/v2\/media?parent=15315"}],"wp:term":[{"taxonomy":"category","embeddable":true,"href":"https:\/\/elinformanteperu.com\/index.php\/wp-json\/wp\/v2\/categories?post=15315"},{"taxonomy":"post_tag","embeddable":true,"href":"https:\/\/elinformanteperu.com\/index.php\/wp-json\/wp\/v2\/tags?post=15315"}],"curies":[{"name":"wp","href":"https:\/\/api.w.org\/{rel}","templated":true}]}}