{"id":15310,"date":"2017-09-03T22:27:24","date_gmt":"2017-09-04T03:27:24","guid":{"rendered":"http:\/\/elinformanteperu.com\/?p=15310"},"modified":"2017-09-03T22:27:24","modified_gmt":"2017-09-04T03:27:24","slug":"diego-penny-fue-citado-de-emergencia-tras-lesion-del-arquero-leao-butron","status":"publish","type":"post","link":"https:\/\/elinformanteperu.com\/index.php\/2017\/09\/03\/diego-penny-fue-citado-de-emergencia-tras-lesion-del-arquero-leao-butron\/","title":{"rendered":"Diego Penny fue citado de emergencia tras lesi\u00f3n del arquero Leao Butr\u00f3n"},"content":{"rendered":"<p><strong><span style=\"color: #000000;\">Se lesion\u00f3 el guardameta Leao Butr\u00f3n, inmediatamente el entrenador de la selecci\u00f3n, Ricardo Gareca decidi\u00f3 convocar al portero del FBC Melgar, Diego Penny.<\/span><\/strong><\/p>\n<p><span style=\"color: #000000;\"><strong>Lima, 03 Setiembre 2017, (ANDINA).-<\/strong> Tras la inesperada lesi\u00f3n del guardameta Leao Butr\u00f3n, el entrenador de la selecci\u00f3n, Ricardo Gareca decidi\u00f3 convocar al portero del FBC Melgar, Diego Penny.<\/span><\/p>\n<p><span style=\"color: #000000;\">Diego Penny, para el duelo contra Ecuador. Diego Penny fue citado con regularidad al inicio de estas eliminatorias e incluso jug\u00f3 en el triunfo ante Paraguay por 1-0 y en la derrota ante Brasil (0-3).<\/span><\/p>\n<p><span style=\"color: #000000;\">La \u00faltima vez que ataj\u00f3 fue ante El Salvador en un amistoso (28 de mayor), adem\u00e1s integr\u00f3 el plantel que disput\u00f3 la Copa Am\u00e9rica Centenario.<\/span><\/p>\n<p><span style=\"color: #000000;\">Diego Penny no pudo ocultar su felicidad de volver a ser citado a la &#8216;blanquirroja&#8217; y public\u00f3 en su Facebook: \u00abGracias Dios por esta nueva oportunidad de estar con mi selecci\u00f3n \u00a1A ganar!\u00bb.<\/span><\/p>\n<p><img fetchpriority=\"high\" decoding=\"async\" class=\"aligncenter size-full wp-image-3716\" src=\"http:\/\/elinformanteperu.com\/wp-content\/uploads\/2017\/01\/diego-penny.jpg\" alt=\"\" width=\"796\" height=\"450\" srcset=\"https:\/\/elinformanteperu.com\/wp-content\/uploads\/2017\/01\/diego-penny.jpg 796w, https:\/\/elinformanteperu.com\/wp-content\/uploads\/2017\/01\/diego-penny-300x170.jpg 300w, https:\/\/elinformanteperu.com\/wp-content\/uploads\/2017\/01\/diego-penny-768x434.jpg 768w, https:\/\/elinformanteperu.com\/wp-content\/uploads\/2017\/01\/diego-penny-128x72.jpg 128w, https:\/\/elinformanteperu.com\/wp-content\/uploads\/2017\/01\/diego-penny-32x18.jpg 32w, https:\/\/elinformanteperu.com\/wp-content\/uploads\/2017\/01\/diego-penny-620x350.jpg 620w\" sizes=\"(max-width: 796px) 100vw, 796px\" \/><\/p>\n","protected":false},"excerpt":{"rendered":"<p>Se lesion\u00f3 el guardameta Leao Butr\u00f3n, inmediatamente el entrenador de la selecci\u00f3n, Ricardo Gareca decidi\u00f3 convocar al portero del FBC Melgar, Diego Penny. Lima, 03 Setiembre 2017, (ANDINA).- Tras la inesperada lesi\u00f3n del guardameta Leao Butr\u00f3n, el entrenador de la selecci\u00f3n, Ricardo Gareca decidi\u00f3 convocar al portero del FBC Melgar, Diego Penny. Diego Penny, para [&hellip;]<\/p>\n","protected":false},"author":1,"featured_media":15311,"comment_status":"open","ping_status":"open","sticky":false,"template":"","format":"standard","meta":{"rop_custom_images_group":[],"rop_custom_messages_group":[],"rop_publish_now":"initial","rop_publish_now_accounts":[],"rop_publish_now_history":[],"rop_publish_now_status":"pending","footnotes":""},"categories":[8],"tags":[728,175,92,137],"class_list":["post-15310","post","type-post","status-publish","format-standard","has-post-thumbnail","hentry","category-disciplinas-deportivas","tag-diego-penny","tag-eliminatorias","tag-ricardo-gareca","tag-seleccion-peruana"],"_links":{"self":[{"href":"https:\/\/elinformanteperu.com\/index.php\/wp-json\/wp\/v2\/posts\/15310","targetHints":{"allow":["GET"]}}],"collection":[{"href":"https:\/\/elinformanteperu.com\/index.php\/wp-json\/wp\/v2\/posts"}],"about":[{"href":"https:\/\/elinformanteperu.com\/index.php\/wp-json\/wp\/v2\/types\/post"}],"author":[{"embeddable":true,"href":"https:\/\/elinformanteperu.com\/index.php\/wp-json\/wp\/v2\/users\/1"}],"replies":[{"embeddable":true,"href":"https:\/\/elinformanteperu.com\/index.php\/wp-json\/wp\/v2\/comments?post=15310"}],"version-history":[{"count":1,"href":"https:\/\/elinformanteperu.com\/index.php\/wp-json\/wp\/v2\/posts\/15310\/revisions"}],"predecessor-version":[{"id":15312,"href":"https:\/\/elinformanteperu.com\/index.php\/wp-json\/wp\/v2\/posts\/15310\/revisions\/15312"}],"wp:featuredmedia":[{"embeddable":true,"href":"https:\/\/elinformanteperu.com\/index.php\/wp-json\/wp\/v2\/media\/15311"}],"wp:attachment":[{"href":"https:\/\/elinformanteperu.com\/index.php\/wp-json\/wp\/v2\/media?parent=15310"}],"wp:term":[{"taxonomy":"category","embeddable":true,"href":"https:\/\/elinformanteperu.com\/index.php\/wp-json\/wp\/v2\/categories?post=15310"},{"taxonomy":"post_tag","embeddable":true,"href":"https:\/\/elinformanteperu.com\/index.php\/wp-json\/wp\/v2\/tags?post=15310"}],"curies":[{"name":"wp","href":"https:\/\/api.w.org\/{rel}","templated":true}]}}