{"id":15308,"date":"2017-09-03T22:23:24","date_gmt":"2017-09-04T03:23:24","guid":{"rendered":"http:\/\/elinformanteperu.com\/?p=15308"},"modified":"2017-09-03T22:23:24","modified_gmt":"2017-09-04T03:23:24","slug":"edison-flores-dice-que-ante-ecuador-espera-exponer-su-maximo-nivel","status":"publish","type":"post","link":"https:\/\/elinformanteperu.com\/index.php\/2017\/09\/03\/edison-flores-dice-que-ante-ecuador-espera-exponer-su-maximo-nivel\/","title":{"rendered":"Edison Flores dice que ante Ecuador espera exponer su m\u00e1ximo nivel"},"content":{"rendered":"<p><strong><span style=\"color: #000000;\">El mediocampista peruano, Edison Flores, asegur\u00f3 que a\u00fan no expone toda su capacidad futbol\u00edstica y espera hacerlo cuando la selecci\u00f3n enfrente a Ecuador.<\/span><\/strong><\/p>\n<p><span style=\"color: #000000;\"><strong>Lima, 03 Setiembre 2017, (ANDINA).-<\/strong> El mediocampista peruano, Edison Flores, asegur\u00f3 que a\u00fan no expone toda su capacidad futbol\u00edstica y espera hacerlo cuando la selecci\u00f3n enfrente a Ecuador, el martes 5 de setiembre, en la ciudad de Quito.<\/span><\/p>\n<p><span style=\"color: #000000;\">\u00abEstoy tranquilo, ya concentrado para el partido que viene. Va a ser un partido de mucha presi\u00f3n de ellos, nosotros tambi\u00e9n tenemos que presionar, cerrarle las bandas\u00bb, dijo Flores a Movistar Deportes.<\/span><\/p>\n<p><span style=\"color: #000000;\">El elegido mejor jugador de la jornada 15 de las eliminatoias, por la FIFA, es consciente de que en la altura siempre es complicado desarrollar bien el juego. Pero conf\u00eda en su capacidad porque a\u00fan le falta exponer todo su potencial.<\/span><\/p>\n<p><span style=\"color: #000000;\">\u00abEn altura cuesta un poco. En la selecci\u00f3n nunca hay tiempo para aclimatarse, hay que jugar el partido c\u00f3mo est\u00e9s. Yo siento que puedo dar m\u00e1s, a\u00fan no me suelto como deber\u00eda\u00bb, precis\u00f3 Edison Flores tras culminar los entrenamientos con la selecci\u00f3n peruana.<\/span><\/p>\n<p><span style=\"color: #000000;\">Per\u00fa, con 21 unidades, enfrentar\u00e1 a Ecuador (20) en un partido crucial para ambas selecciones en su camino por uno de los tres cupos y medios al Mundial Rusia 2018 que quedan a Sudam\u00e9rica.<\/span><\/p>\n<p><img fetchpriority=\"high\" decoding=\"async\" class=\"aligncenter size-full wp-image-8704\" src=\"http:\/\/elinformanteperu.com\/wp-content\/uploads\/2017\/04\/edison-flores.jpg\" alt=\"\" width=\"1800\" height=\"1198\" srcset=\"https:\/\/elinformanteperu.com\/wp-content\/uploads\/2017\/04\/edison-flores.jpg 1800w, https:\/\/elinformanteperu.com\/wp-content\/uploads\/2017\/04\/edison-flores-300x200.jpg 300w, https:\/\/elinformanteperu.com\/wp-content\/uploads\/2017\/04\/edison-flores-768x511.jpg 768w, https:\/\/elinformanteperu.com\/wp-content\/uploads\/2017\/04\/edison-flores-1024x682.jpg 1024w, https:\/\/elinformanteperu.com\/wp-content\/uploads\/2017\/04\/edison-flores-128x85.jpg 128w, https:\/\/elinformanteperu.com\/wp-content\/uploads\/2017\/04\/edison-flores-32x21.jpg 32w\" sizes=\"(max-width: 1800px) 100vw, 1800px\" \/><\/p>\n","protected":false},"excerpt":{"rendered":"<p>El mediocampista peruano, Edison Flores, asegur\u00f3 que a\u00fan no expone toda su capacidad futbol\u00edstica y espera hacerlo cuando la selecci\u00f3n enfrente a Ecuador. Lima, 03 Setiembre 2017, (ANDINA).- El mediocampista peruano, Edison Flores, asegur\u00f3 que a\u00fan no expone toda su capacidad futbol\u00edstica y espera hacerlo cuando la selecci\u00f3n enfrente a Ecuador, el martes 5 de [&hellip;]<\/p>\n","protected":false},"author":1,"featured_media":8703,"comment_status":"open","ping_status":"open","sticky":false,"template":"","format":"standard","meta":{"rop_custom_images_group":[],"rop_custom_messages_group":[],"rop_publish_now":"initial","rop_publish_now_accounts":[],"rop_publish_now_history":[],"rop_publish_now_status":"pending","footnotes":""},"categories":[8],"tags":[82,175,137],"class_list":["post-15308","post","type-post","status-publish","format-standard","has-post-thumbnail","hentry","category-disciplinas-deportivas","tag-edison-flores","tag-eliminatorias","tag-seleccion-peruana"],"_links":{"self":[{"href":"https:\/\/elinformanteperu.com\/index.php\/wp-json\/wp\/v2\/posts\/15308","targetHints":{"allow":["GET"]}}],"collection":[{"href":"https:\/\/elinformanteperu.com\/index.php\/wp-json\/wp\/v2\/posts"}],"about":[{"href":"https:\/\/elinformanteperu.com\/index.php\/wp-json\/wp\/v2\/types\/post"}],"author":[{"embeddable":true,"href":"https:\/\/elinformanteperu.com\/index.php\/wp-json\/wp\/v2\/users\/1"}],"replies":[{"embeddable":true,"href":"https:\/\/elinformanteperu.com\/index.php\/wp-json\/wp\/v2\/comments?post=15308"}],"version-history":[{"count":1,"href":"https:\/\/elinformanteperu.com\/index.php\/wp-json\/wp\/v2\/posts\/15308\/revisions"}],"predecessor-version":[{"id":15309,"href":"https:\/\/elinformanteperu.com\/index.php\/wp-json\/wp\/v2\/posts\/15308\/revisions\/15309"}],"wp:featuredmedia":[{"embeddable":true,"href":"https:\/\/elinformanteperu.com\/index.php\/wp-json\/wp\/v2\/media\/8703"}],"wp:attachment":[{"href":"https:\/\/elinformanteperu.com\/index.php\/wp-json\/wp\/v2\/media?parent=15308"}],"wp:term":[{"taxonomy":"category","embeddable":true,"href":"https:\/\/elinformanteperu.com\/index.php\/wp-json\/wp\/v2\/categories?post=15308"},{"taxonomy":"post_tag","embeddable":true,"href":"https:\/\/elinformanteperu.com\/index.php\/wp-json\/wp\/v2\/tags?post=15308"}],"curies":[{"name":"wp","href":"https:\/\/api.w.org\/{rel}","templated":true}]}}