{"id":153063,"date":"2026-09-05T17:48:29","date_gmt":"2026-09-05T22:48:29","guid":{"rendered":"https:\/\/elinformanteperu.com\/?p=153063"},"modified":"2026-09-05T19:30:21","modified_gmt":"2026-09-06T00:30:21","slug":"susy-diaz-fue-a-gamarra-para-hacerse-las-medidas-para-su-vestido-de-gala-antes-de-partir-a-espana","status":"publish","type":"post","link":"https:\/\/elinformanteperu.com\/index.php\/2026\/09\/05\/susy-diaz-fue-a-gamarra-para-hacerse-las-medidas-para-su-vestido-de-gala-antes-de-partir-a-espana\/","title":{"rendered":"Susy D\u00edaz fue a Gamarra para hacerse las medidas para su vestido de gala antes de partir a Espa\u00f1a"},"content":{"rendered":"<p><strong><span style=\"color: #000000;\">La popular rubia lucir\u00e1 un dise\u00f1o exclusivo de color rojo hecho por la dise\u00f1adora Yuliana Brisseyda.<\/span><\/strong><\/p>\n<p><span style=\"color: #000000;\"><strong>Lima, 4 Setiembre 2026 (Jeanette Garc\u00eda \/ El Informante Per\u00fa).-<\/strong> Apostando firmemente por la industria nacional, la popular Susy D\u00edaz acudi\u00f3 al emporio comercial de Gamarra, en el distrito de La Victoria, para poner su vestuario en manos del talento local. Tras anunciar su pr\u00f3ximo viaje a Espa\u00f1a, la carism\u00e1tica figura p\u00fablica eligi\u00f3 a la dise\u00f1adora Yuliana Tarrillo, l\u00edder de la reconocida marca Doradas Chic, para confeccionar la prenda que lucir\u00e1 en el Viejo Continente.<\/span><\/p>\n<p><span style=\"color: #000000;\">La artista visit\u00f3 personalmente el taller ubicado en la Galer\u00eda \u2018Los Fabricantes\u2019 (Interior 1011, Piso 10). En el coraz\u00f3n de Gamarra, ambas seleccionaron las mejores telas para lograr un vestido espectacular digno de una estrella de Hollywood. El objetivo principal de la excongresista es deslumbrar en Europa e internacionalizar el dise\u00f1o peruano, demostrando el profundo orgullo que siente por la moda de su pa\u00eds.<\/span><\/p>\n<p><span style=\"color: #000000;\">\u201cEstoy emocionada con todos los dise\u00f1os que me ha mostrado Yuliana, ella es toda una profesional y ya sue\u00f1o con mi vestido. Sin duda hay mucho talento en Gamarra y merece que sea visto a nivel internacional\u2019, afirm\u00f3 Susy D\u00edaz, resaltando la calidad y creatividad de los confeccionistas victorianos.<\/span><\/p>\n<p><a href=\"https:\/\/elinformanteperu.com\/wp-content\/uploads\/2026\/09\/susy-modelo-en-gamarra1.jpg\"><img fetchpriority=\"high\" decoding=\"async\" class=\"size-large wp-image-153065 aligncenter\" src=\"https:\/\/elinformanteperu.com\/wp-content\/uploads\/2026\/09\/susy-modelo-en-gamarra1-1024x768.jpg\" alt=\"\" width=\"615\" height=\"461\" srcset=\"https:\/\/elinformanteperu.com\/wp-content\/uploads\/2026\/09\/susy-modelo-en-gamarra1-1024x768.jpg 1024w, https:\/\/elinformanteperu.com\/wp-content\/uploads\/2026\/09\/susy-modelo-en-gamarra1-300x225.jpg 300w, https:\/\/elinformanteperu.com\/wp-content\/uploads\/2026\/09\/susy-modelo-en-gamarra1-768x576.jpg 768w, https:\/\/elinformanteperu.com\/wp-content\/uploads\/2026\/09\/susy-modelo-en-gamarra1-1536x1152.jpg 1536w, https:\/\/elinformanteperu.com\/wp-content\/uploads\/2026\/09\/susy-modelo-en-gamarra1.jpg 1600w\" sizes=\"(max-width: 615px) 100vw, 615px\" \/><\/a><span style=\"color: #000000;\">Adem\u00e1s de lucir el dise\u00f1o de Gamarra en un importante homenaje, la creadora de las famosas \u00abdietas\u00bb aprovechar\u00e1 para tomarse unas vacaciones de un mes por su cumplea\u00f1os 63. En esta etapa de su vida, Susy prefiere mantenerse firmemente soltera porque su prioridad absoluta es disfrutar de la libertad.<\/span><\/p>\n<p><span style=\"color: #000000;\">Fiel a su ingenio popular, la artista aprovech\u00f3 el anuncio en el emporio comercial para lanzar su nueva frase bandera: \u201cHay que disfrutar de la vida. Si el marido te deja, olvida y disfruta la vida; si te pusieron los cuernos, olvida y disfruta la vida. La vida es tan corta que \u00bfpara qu\u00e9 amargarse? No tengo miedo de decir mi edad, a mis 63 a\u00f1os me siento con mucha energ\u00eda para trabajar y viajar. \u00bfPareja? Por ahora no quiero saber nada, he tenido mala suerte con los hombres\u201d.<\/span><\/p>\n<p><span style=\"color: #000000;\">Con esta filosof\u00eda de vida, la estrella televisiva se desconectar\u00e1 por completo de su recargada agenda laboral en la televisi\u00f3n y las redes sociales mientras recorre los paisajes europeos con orgullo peruano.<\/span><\/p>\n<p><a href=\"https:\/\/elinformanteperu.com\/wp-content\/uploads\/2026\/09\/susy-modelo-en-gamarra2-e1788648457940.jpg\"><img decoding=\"async\" class=\"wp-image-153066 aligncenter\" src=\"https:\/\/elinformanteperu.com\/wp-content\/uploads\/2026\/09\/susy-modelo-en-gamarra2-e1788648457940-492x1024.jpg\" alt=\"\" width=\"396\" height=\"824\" srcset=\"https:\/\/elinformanteperu.com\/wp-content\/uploads\/2026\/09\/susy-modelo-en-gamarra2-e1788648457940-492x1024.jpg 492w, https:\/\/elinformanteperu.com\/wp-content\/uploads\/2026\/09\/susy-modelo-en-gamarra2-e1788648457940-144x300.jpg 144w, https:\/\/elinformanteperu.com\/wp-content\/uploads\/2026\/09\/susy-modelo-en-gamarra2-e1788648457940-737x1536.jpg 737w, https:\/\/elinformanteperu.com\/wp-content\/uploads\/2026\/09\/susy-modelo-en-gamarra2-e1788648457940.jpg 768w\" sizes=\"(max-width: 396px) 100vw, 396px\" \/><\/a><\/p>\n","protected":false},"excerpt":{"rendered":"<p>La popular rubia lucir\u00e1 un dise\u00f1o exclusivo de color rojo hecho por la dise\u00f1adora Yuliana Brisseyda. Lima, 4 Setiembre 2026 (Jeanette Garc\u00eda \/ El Informante Per\u00fa).- Apostando firmemente por la industria nacional, la popular Susy D\u00edaz acudi\u00f3 al emporio comercial de Gamarra, en el distrito de La Victoria, para poner su vestuario en manos del [&hellip;]<\/p>\n","protected":false},"author":1,"featured_media":153064,"comment_status":"closed","ping_status":"closed","sticky":false,"template":"","format":"standard","meta":{"rop_custom_images_group":[],"rop_custom_messages_group":[],"rop_publish_now":"initial","rop_publish_now_accounts":[],"rop_publish_now_history":[],"rop_publish_now_status":"pending","footnotes":""},"categories":[70],"tags":[7075,8902],"class_list":["post-153063","post","type-post","status-publish","format-standard","has-post-thumbnail","hentry","category-farandula","tag-estrellas","tag-susy-diaz"],"_links":{"self":[{"href":"https:\/\/elinformanteperu.com\/index.php\/wp-json\/wp\/v2\/posts\/153063","targetHints":{"allow":["GET"]}}],"collection":[{"href":"https:\/\/elinformanteperu.com\/index.php\/wp-json\/wp\/v2\/posts"}],"about":[{"href":"https:\/\/elinformanteperu.com\/index.php\/wp-json\/wp\/v2\/types\/post"}],"author":[{"embeddable":true,"href":"https:\/\/elinformanteperu.com\/index.php\/wp-json\/wp\/v2\/users\/1"}],"replies":[{"embeddable":true,"href":"https:\/\/elinformanteperu.com\/index.php\/wp-json\/wp\/v2\/comments?post=153063"}],"version-history":[{"count":2,"href":"https:\/\/elinformanteperu.com\/index.php\/wp-json\/wp\/v2\/posts\/153063\/revisions"}],"predecessor-version":[{"id":153080,"href":"https:\/\/elinformanteperu.com\/index.php\/wp-json\/wp\/v2\/posts\/153063\/revisions\/153080"}],"wp:featuredmedia":[{"embeddable":true,"href":"https:\/\/elinformanteperu.com\/index.php\/wp-json\/wp\/v2\/media\/153064"}],"wp:attachment":[{"href":"https:\/\/elinformanteperu.com\/index.php\/wp-json\/wp\/v2\/media?parent=153063"}],"wp:term":[{"taxonomy":"category","embeddable":true,"href":"https:\/\/elinformanteperu.com\/index.php\/wp-json\/wp\/v2\/categories?post=153063"},{"taxonomy":"post_tag","embeddable":true,"href":"https:\/\/elinformanteperu.com\/index.php\/wp-json\/wp\/v2\/tags?post=153063"}],"curies":[{"name":"wp","href":"https:\/\/api.w.org\/{rel}","templated":true}]}}