{"id":153058,"date":"2026-09-03T23:29:46","date_gmt":"2026-09-04T04:29:46","guid":{"rendered":"https:\/\/elinformanteperu.com\/?p=153058"},"modified":"2026-09-03T23:29:46","modified_gmt":"2026-09-04T04:29:46","slug":"seleccion-peruana-de-voley-definio-a-sus-convocadas-para-jugar-el-campeonato-sudamericano","status":"publish","type":"post","link":"https:\/\/elinformanteperu.com\/index.php\/2026\/09\/03\/seleccion-peruana-de-voley-definio-a-sus-convocadas-para-jugar-el-campeonato-sudamericano\/","title":{"rendered":"Selecci\u00f3n peruana de v\u00f3ley defini\u00f3 a sus convocadas para jugar el Campeonato Sudamericano"},"content":{"rendered":"<p><strong><span style=\"color: #000000;\">El t\u00e9cnico Antonio Rizola eligi\u00f3 a las 14 jugadores que buscar\u00e1n el cupo para el Mundial 2027 y Juegos Ol\u00edmpicos<\/span><\/strong><\/p>\n<p><span style=\"color: #000000;\"><strong>Lima, 2 Setiembre 2026.-<\/strong> Per\u00fa defini\u00f3 a los integrantes de la selecci\u00f3n nacional que afrontar\u00e1 el Campeonato Sudamericano de V\u00f3ley 2026, que se desarrollar\u00e1 del 8 al 13 de septiembre en el Maracan\u00e3zinho de R\u00edo de Janeiro (Brasil).<\/span><\/p>\n<p><span style=\"color: #000000;\">El t\u00e9cnico brasile\u00f1o Antonio Rizola elabor\u00f3 su lista de 14 jugadoras entre las que destacan Brenda Lobat\u00f3n, Aixa Vigil, Sandra Ostos, Miriam Pati\u00f1o, Coraima G\u00f3mez, Daniella M\u00fa\u00f1oz,\u00a0 Kiara Montes y Rachell Hidalgo.<\/span><\/p>\n<p><span style=\"color: #000000;\">Como se sabe, la selecci\u00f3n peruana sufri\u00f3 una baja a \u00faltimo momento tras confirmarse la lesi\u00f3n de Diana de la Pe\u00f1a, quien contrajo una fractura del quinto metatarsiano del pie izquierdo. As\u00ed lo inform\u00f3 la Federaci\u00f3n Peruana de V\u00f3ley.<\/span><\/p>\n<p><span style=\"color: #000000;\">El Campeonato Sudamericano de V\u00f3ley 2026 brindar\u00e1 tres cupos para el Campeonato Mundial de Voleibol Femenino 2027, que se desarrollar\u00e1 en Estados Unidos y Canad\u00e1.<\/span><\/p>\n<p><span style=\"color: #000000;\">El que resulte campe\u00f3n de este certamen tambi\u00e9n se adue\u00f1ar\u00e1 del cupo para los Juegos Ol\u00edmpicos Los \u00c1ngeles 2028.<\/span><\/p>\n<p><a href=\"https:\/\/elinformanteperu.com\/wp-content\/uploads\/2026\/09\/voley-convocadas-sudamericano-2026.jpg\"><img fetchpriority=\"high\" decoding=\"async\" class=\" wp-image-153061 aligncenter\" src=\"https:\/\/elinformanteperu.com\/wp-content\/uploads\/2026\/09\/voley-convocadas-sudamericano-2026.jpg\" alt=\"\" width=\"609\" height=\"760\" srcset=\"https:\/\/elinformanteperu.com\/wp-content\/uploads\/2026\/09\/voley-convocadas-sudamericano-2026.jpg 623w, https:\/\/elinformanteperu.com\/wp-content\/uploads\/2026\/09\/voley-convocadas-sudamericano-2026-241x300.jpg 241w\" sizes=\"(max-width: 609px) 100vw, 609px\" \/><\/a><span style=\"color: #000000;\">El torneo sudamericano se disputar\u00e1 bajo el formato de\u00a0 todos contra todos, por lo que Per\u00fa en cada cotejo se jugar\u00e1 una final si desea romper la mala racha de 17 a\u00f1os sin acudir a una Copa del Mundo de v\u00f3ley.<\/span><\/p>\n<p><span style=\"color: #000000;\">La convocadas son:\u00a0 Yadhira Anchante, Brenda Lobat\u00f3n, Aixa Vigil, Lucia Magallanes, Sandra Ostos, Mirian Pati\u00f1o, Kiara Montes, Claudia Palza, Coraima G\u00f3mez, Daniela Mu\u00f1oz, Saskya Silvano, Rachell Hidalgo, Alondra Alarc\u00f3n y Andrea Villegas.<\/span><\/p>\n<p><strong><span style=\"color: #000000;\">El fixture peruano<\/span><\/strong><\/p>\n<p><span style=\"color: #000000;\">La escuadra peruana comenzar\u00e1 su andadura en el Campeonato Sudamericano de V\u00f3ley frente a Argentina, el martes 8 de septiembre (15:00 horas de Per\u00fa); luego se medir\u00e1 con Brasil, el mi\u00e9rcoles 9 (18:00 horas de Per\u00fa).<\/span><\/p>\n<p><span style=\"color: #000000;\">En la tercera jornada se enfrentar\u00e1 al sexteto venezolano, el jueves 10 de septiembre (15:00 horas de Per\u00fa). En la pen\u00faltima fecha enfrentar\u00e1 a Colombia, el s\u00e1bado 12 de septiembre (14:30 horas de Per\u00fa).<\/span><\/p>\n<p><span style=\"color: #000000;\">Cerrar\u00e1 su su participaci\u00f3n en el Sudamericana ante Chile, el domingo 13 de septiembre (13:00 horas). <strong>(ANDINA).<\/strong><\/span><\/p>\n<p><a href=\"https:\/\/elinformanteperu.com\/wp-content\/uploads\/2026\/09\/voley-programacion-sudamericano-2026.jpg\"><img decoding=\"async\" class=\"size-full wp-image-153060 aligncenter\" src=\"https:\/\/elinformanteperu.com\/wp-content\/uploads\/2026\/09\/voley-programacion-sudamericano-2026.jpg\" alt=\"\" width=\"619\" height=\"780\" srcset=\"https:\/\/elinformanteperu.com\/wp-content\/uploads\/2026\/09\/voley-programacion-sudamericano-2026.jpg 619w, https:\/\/elinformanteperu.com\/wp-content\/uploads\/2026\/09\/voley-programacion-sudamericano-2026-238x300.jpg 238w\" sizes=\"(max-width: 619px) 100vw, 619px\" \/><\/a><\/p>\n","protected":false},"excerpt":{"rendered":"<p>El t\u00e9cnico Antonio Rizola eligi\u00f3 a las 14 jugadores que buscar\u00e1n el cupo para el Mundial 2027 y Juegos Ol\u00edmpicos Lima, 2 Setiembre 2026.- Per\u00fa defini\u00f3 a los integrantes de la selecci\u00f3n nacional que afrontar\u00e1 el Campeonato Sudamericano de V\u00f3ley 2026, que se desarrollar\u00e1 del 8 al 13 de septiembre en el Maracan\u00e3zinho de R\u00edo [&hellip;]<\/p>\n","protected":false},"author":1,"featured_media":153059,"comment_status":"closed","ping_status":"closed","sticky":false,"template":"","format":"standard","meta":{"rop_custom_images_group":[],"rop_custom_messages_group":[],"rop_publish_now":"initial","rop_publish_now_accounts":[],"rop_publish_now_history":[],"rop_publish_now_status":"pending","footnotes":""},"categories":[8],"tags":[1516],"class_list":["post-153058","post","type-post","status-publish","format-standard","has-post-thumbnail","hentry","category-disciplinas-deportivas","tag-seleccion-voley"],"_links":{"self":[{"href":"https:\/\/elinformanteperu.com\/index.php\/wp-json\/wp\/v2\/posts\/153058","targetHints":{"allow":["GET"]}}],"collection":[{"href":"https:\/\/elinformanteperu.com\/index.php\/wp-json\/wp\/v2\/posts"}],"about":[{"href":"https:\/\/elinformanteperu.com\/index.php\/wp-json\/wp\/v2\/types\/post"}],"author":[{"embeddable":true,"href":"https:\/\/elinformanteperu.com\/index.php\/wp-json\/wp\/v2\/users\/1"}],"replies":[{"embeddable":true,"href":"https:\/\/elinformanteperu.com\/index.php\/wp-json\/wp\/v2\/comments?post=153058"}],"version-history":[{"count":1,"href":"https:\/\/elinformanteperu.com\/index.php\/wp-json\/wp\/v2\/posts\/153058\/revisions"}],"predecessor-version":[{"id":153062,"href":"https:\/\/elinformanteperu.com\/index.php\/wp-json\/wp\/v2\/posts\/153058\/revisions\/153062"}],"wp:featuredmedia":[{"embeddable":true,"href":"https:\/\/elinformanteperu.com\/index.php\/wp-json\/wp\/v2\/media\/153059"}],"wp:attachment":[{"href":"https:\/\/elinformanteperu.com\/index.php\/wp-json\/wp\/v2\/media?parent=153058"}],"wp:term":[{"taxonomy":"category","embeddable":true,"href":"https:\/\/elinformanteperu.com\/index.php\/wp-json\/wp\/v2\/categories?post=153058"},{"taxonomy":"post_tag","embeddable":true,"href":"https:\/\/elinformanteperu.com\/index.php\/wp-json\/wp\/v2\/tags?post=153058"}],"curies":[{"name":"wp","href":"https:\/\/api.w.org\/{rel}","templated":true}]}}