{"id":153044,"date":"2026-09-02T19:45:14","date_gmt":"2026-09-03T00:45:14","guid":{"rendered":"https:\/\/elinformanteperu.com\/?p=153044"},"modified":"2026-09-02T19:45:14","modified_gmt":"2026-09-03T00:45:14","slug":"flor-pucarina-rebelde-hasta-los-huesos-llegara-a-los-cines-peruanos-el-10-de-septiembre","status":"publish","type":"post","link":"https:\/\/elinformanteperu.com\/index.php\/2026\/09\/02\/flor-pucarina-rebelde-hasta-los-huesos-llegara-a-los-cines-peruanos-el-10-de-septiembre\/","title":{"rendered":"\u201cFlor Pucarina, rebelde hasta los huesos\u201d llegar\u00e1 a los cines peruanos el 10 de septiembre"},"content":{"rendered":"<p><span style=\"color: #000000;\"><strong>Lima, 2 Setiembre 2026.-<\/strong> Antes de ser una leyenda, Flor Pucarina fue una migrante huanca\u00edna que de ni\u00f1a lleg\u00f3 a Lima para buscar un mejor futuro, y que termin\u00f3 imponiendo su presencia. Ese es el coraz\u00f3n de \u00abFlor Pucarina, rebelde hasta los huesos\u00bb, la pel\u00edcula que reconstruye la historia de una mujer cuya voz desbord\u00f3 los escenarios para convertirse en el eco de un pueblo.<\/span><\/p>\n<p><span style=\"color: #000000;\">Dirigida por Geraldine Zuasnabar Ravelo, la cinta es un homenaje a la vida de Leonor Ch\u00e1vez Rojas, la cantante huanca\u00edna que bajo el nombre de Flor Pucarina se convirti\u00f3 en una de las m\u00e1ximas exponentes de la m\u00fasica andina peruana y en un s\u00edmbolo de mujeres migrantes.\u00a0<\/span><\/p>\n<p><span style=\"color: #000000;\">A trav\u00e9s de material de archivo, m\u00fasica y testimonios de quienes la conocieron, el filme muestra a una artista imponente, adelantada a su tiempo, que desafi\u00f3 las convenciones de su \u00e9poca para construir un espacio propio y que, en el camino, dio visibilidad a comunidades hist\u00f3ricamente invisibilizadas.<\/span><\/p>\n<p><span style=\"color: #000000;\">M\u00e1s que una biograf\u00eda musical, \u00abFlor Pucarina, rebelde hasta los huesos\u00bb es el retrato de una lucha: la de una mujer que convirti\u00f3 su voz en territorio y su rebeld\u00eda en legado. Un homenaje a la fuerza de las mujeres andinas que, como ella, sostuvieron la memoria de sus pueblos. Gracias a ello fue bautizada por la audiencia como la \u201cFaraona del Cantar Huanca\u201d.<\/span><\/p>\n<p><span style=\"color: #000000;\">\u00abLa historia de Flor Pucarina atraviesa mi vida desde mucho antes de imaginar esta pel\u00edcula. Crec\u00ed entre huaynos, mulizas, santiagos y huaylarsh. Mi madre dedic\u00f3 su vida al canto y mi infancia transcurri\u00f3 entre escenarios, fiestas patronales y comunidades donde la m\u00fasica andina no era \u00fanicamente una expresi\u00f3n art\u00edstica, sino una forma de recordar, de encontrarnos y de habitar el mundo\u00bb, cuenta Geraldine Zuasnabar Ravelo, cineasta quechua huanca\u00edna, gestora cultural y artivista comunitaria con m\u00e1s de diez a\u00f1os de trayectoria.<\/span><\/p>\n<p><span style=\"color: #000000;\">\u00abTambi\u00e9n crec\u00ed comprendiendo las profundas contradicciones de un pa\u00eds donde esa misma cultura era constantemente discriminada. En el Per\u00fa, muchas mujeres andinas han sostenido la memoria de nuestros pueblos mientras enfrentaban el racismo, el machismo y la exclusi\u00f3n\u00bb, expresa Zuasnabar.<\/span><\/p>\n<p><a href=\"https:\/\/elinformanteperu.com\/wp-content\/uploads\/2026\/09\/flor-pucarina-pelicula1.jpg\"><img fetchpriority=\"high\" decoding=\"async\" class=\"size-full wp-image-153046 aligncenter\" src=\"https:\/\/elinformanteperu.com\/wp-content\/uploads\/2026\/09\/flor-pucarina-pelicula1.jpg\" alt=\"\" width=\"827\" height=\"643\" srcset=\"https:\/\/elinformanteperu.com\/wp-content\/uploads\/2026\/09\/flor-pucarina-pelicula1.jpg 827w, https:\/\/elinformanteperu.com\/wp-content\/uploads\/2026\/09\/flor-pucarina-pelicula1-300x233.jpg 300w, https:\/\/elinformanteperu.com\/wp-content\/uploads\/2026\/09\/flor-pucarina-pelicula1-768x597.jpg 768w\" sizes=\"(max-width: 827px) 100vw, 827px\" \/><\/a><span style=\"color: #000000;\">\u00abFlor Pucarina fue una de ellas. Esta pel\u00edcula es una invitaci\u00f3n a mirar la m\u00fasica andina no solo como una expresi\u00f3n art\u00edstica, sino como un territorio de memoria, identidad y resistencia; un espacio donde las comunidades han preservado sus afectos, sus luchas y su manera de entender la vida\u00bb, a\u00f1ade la directora.<\/span><\/p>\n<p><span style=\"color: #000000;\">Zuasnabar espera que la pel\u00edcula sea, ante todo, un espacio de encuentro: \u00abQuisiera que llegue a muchas personas de a pie, a personas que quiz\u00e1s no necesariamente ven cine peruano o latinoamericano, y que puedan encontrarse con una pel\u00edcula hecha desde las regiones y, adem\u00e1s, desde la mirada de un equipo mayoritariamente de mujeres. Me gustar\u00eda que la historia de Flor Pucarina siga generando di\u00e1logos entre generaciones. Porque su m\u00fasica, su memoria y su legado todav\u00eda tienen much\u00edsimo que decirnos\u00bb.<\/span><\/p>\n<p><span style=\"color: #000000;\">\u00abFlor Pucarina, rebelde hasta los huesos\u00bb ha sido producida por Chola Contravisual, productora audiovisual comunitaria con base en Huancayo y fue ganadora del premio de producci\u00f3n del Ministerio de Cultura. Entre los trabajos anteriores de Geraldine Zuasnabar destacan \u00abTunanteras\u00bb (2019), \u00abLlaqtamchikpa Kallpan\u00bb (2023) y las series web \u00abVoces Hechiceras\u00bb (2020) y \u00abMejor Chola que Mal Acompa\u00f1ada\u00bb (2021). La pel\u00edcula se present\u00f3 en el Festival de Cine de Lima y en festivales de Austria y Estados Unidos.<\/span><\/p>\n<p><span style=\"color: #000000;\">El documental cuenta con la participaci\u00f3n de Nilda Mucha, Guillermo Joo, Paulino Torres, Antonio Monge, Ruby Palomino, Ana Espejo, An\u00edbal Alanya, Juvenal Romero, An\u00edbal R\u00edos \u00abMensajero Chupaquino\u00bb, Flor de la Oroya, entre otros. \u00abFlor Pucarina, rebelde hasta los huesos\u00bb llegar\u00e1 a los cines el 10 de septiembre en lo que ser\u00e1 definitivamente uno de los estrenos nacionales m\u00e1s destacados de la temporada. <strong>(ANDINA).<\/strong><\/span><\/p>\n<p><iframe title=\"Trailer Flor Pucarina, Rebelde hasta los huesos - Estreno 10 de septiembre \" width=\"615\" height=\"346\" src=\"https:\/\/www.youtube.com\/embed\/fwvOU8hop6c?feature=oembed\" frameborder=\"0\" allow=\"accelerometer; autoplay; clipboard-write; encrypted-media; gyroscope; picture-in-picture; web-share\" referrerpolicy=\"strict-origin-when-cross-origin\" allowfullscreen><\/iframe><\/p>\n","protected":false},"excerpt":{"rendered":"<p>Lima, 2 Setiembre 2026.- Antes de ser una leyenda, Flor Pucarina fue una migrante huanca\u00edna que de ni\u00f1a lleg\u00f3 a Lima para buscar un mejor futuro, y que termin\u00f3 imponiendo su presencia. Ese es el coraz\u00f3n de \u00abFlor Pucarina, rebelde hasta los huesos\u00bb, la pel\u00edcula que reconstruye la historia de una mujer cuya voz desbord\u00f3 [&hellip;]<\/p>\n","protected":false},"author":1,"featured_media":153045,"comment_status":"closed","ping_status":"closed","sticky":false,"template":"","format":"standard","meta":{"rop_custom_images_group":[],"rop_custom_messages_group":[],"rop_publish_now":"initial","rop_publish_now_accounts":[],"rop_publish_now_history":[],"rop_publish_now_status":"pending","footnotes":""},"categories":[7],"tags":[488],"class_list":["post-153044","post","type-post","status-publish","format-standard","has-post-thumbnail","hentry","category-butaca","tag-cine"],"_links":{"self":[{"href":"https:\/\/elinformanteperu.com\/index.php\/wp-json\/wp\/v2\/posts\/153044","targetHints":{"allow":["GET"]}}],"collection":[{"href":"https:\/\/elinformanteperu.com\/index.php\/wp-json\/wp\/v2\/posts"}],"about":[{"href":"https:\/\/elinformanteperu.com\/index.php\/wp-json\/wp\/v2\/types\/post"}],"author":[{"embeddable":true,"href":"https:\/\/elinformanteperu.com\/index.php\/wp-json\/wp\/v2\/users\/1"}],"replies":[{"embeddable":true,"href":"https:\/\/elinformanteperu.com\/index.php\/wp-json\/wp\/v2\/comments?post=153044"}],"version-history":[{"count":1,"href":"https:\/\/elinformanteperu.com\/index.php\/wp-json\/wp\/v2\/posts\/153044\/revisions"}],"predecessor-version":[{"id":153047,"href":"https:\/\/elinformanteperu.com\/index.php\/wp-json\/wp\/v2\/posts\/153044\/revisions\/153047"}],"wp:featuredmedia":[{"embeddable":true,"href":"https:\/\/elinformanteperu.com\/index.php\/wp-json\/wp\/v2\/media\/153045"}],"wp:attachment":[{"href":"https:\/\/elinformanteperu.com\/index.php\/wp-json\/wp\/v2\/media?parent=153044"}],"wp:term":[{"taxonomy":"category","embeddable":true,"href":"https:\/\/elinformanteperu.com\/index.php\/wp-json\/wp\/v2\/categories?post=153044"},{"taxonomy":"post_tag","embeddable":true,"href":"https:\/\/elinformanteperu.com\/index.php\/wp-json\/wp\/v2\/tags?post=153044"}],"curies":[{"name":"wp","href":"https:\/\/api.w.org\/{rel}","templated":true}]}}