{"id":153039,"date":"2026-09-02T03:31:46","date_gmt":"2026-09-02T08:31:46","guid":{"rendered":"https:\/\/elinformanteperu.com\/?p=153039"},"modified":"2026-09-02T03:31:46","modified_gmt":"2026-09-02T08:31:46","slug":"cabecilla-de-los-pulpos-jhonsson-pulpo-ya-esta-en-manos-de-autoridades-peruanas","status":"publish","type":"post","link":"https:\/\/elinformanteperu.com\/index.php\/2026\/09\/02\/cabecilla-de-los-pulpos-jhonsson-pulpo-ya-esta-en-manos-de-autoridades-peruanas\/","title":{"rendered":"Cabecilla de Los Pulpos, \u201cJhonsson Pulpo\u201d, ya est\u00e1 en manos de autoridades peruanas"},"content":{"rendered":"<p><strong><span style=\"color: #000000;\">Tras su captura en Bolivia<\/span><\/strong><\/p>\n<p><span style=\"color: #000000;\"><strong>Lima, 1 Setiembre 2026.-<\/strong> Jhonsson Smit Cruz Torres, alias \u2018Jhonsson Pulpo\u2019, cabecilla de la organizaci\u00f3n criminal \u201cLos Pulpos\u201d, quien fuera capturado hoy en Bolivia, ya se encuentra en manos de la polic\u00eda peruana.<\/span><\/p>\n<p><span style=\"color: #000000;\">Luego de su detenci\u00f3n esta ma\u00f1ana en La Paz, Bolivia, fue expulsado hace unas horas de dicho pa\u00eds y entregado al centro binacional de atenci\u00f3n en frontera, en Desaguadero, donde fue puesto en manos de las autoridades peruanas.<\/span><\/p>\n<p><span style=\"color: #000000;\">De acuerdo a los primeros reportes, en aproximadamente tres horas, el hombre m\u00e1s buscados del Per\u00fa y por el se ofrec\u00eda una recompensa de medio mill\u00f3n de soles, estar\u00eda llegando a la ciudad de Juliaca para luego ser trasladado a la capital donde ser\u00e1 juzgado por diversos delitos cometidos en el pa\u00eds.\u00a0<\/span><\/p>\n<p><a href=\"https:\/\/elinformanteperu.com\/wp-content\/uploads\/2024\/05\/esposado5.jpg\"><img fetchpriority=\"high\" decoding=\"async\" class=\"size-large wp-image-121021 aligncenter\" src=\"https:\/\/elinformanteperu.com\/wp-content\/uploads\/2024\/05\/esposado5-1024x682.jpg\" alt=\"\" width=\"615\" height=\"410\" srcset=\"https:\/\/elinformanteperu.com\/wp-content\/uploads\/2024\/05\/esposado5-1024x682.jpg 1024w, https:\/\/elinformanteperu.com\/wp-content\/uploads\/2024\/05\/esposado5-300x200.jpg 300w, https:\/\/elinformanteperu.com\/wp-content\/uploads\/2024\/05\/esposado5-768x512.jpg 768w, https:\/\/elinformanteperu.com\/wp-content\/uploads\/2024\/05\/esposado5-1536x1023.jpg 1536w, https:\/\/elinformanteperu.com\/wp-content\/uploads\/2024\/05\/esposado5.jpg 1800w\" sizes=\"(max-width: 615px) 100vw, 615px\" \/><\/a><span style=\"color: #000000;\">Desde el a\u00f1o 2020,\u00a0Jhonsson Pulpo, era un fantasma para la ley. Lleg\u00f3 a registrar un acta de defunci\u00f3n fraudulenta tras asesinar a un comerciante.<\/span><\/p>\n<p><span style=\"color: #000000;\">El Ministerio de Interior (Mininter), a trav\u00e9s de Migraciones y en coordinaci\u00f3n con las autoridades bolivianas, concret\u00f3 el retorno al pa\u00eds de Jhonsson Smith Cruz Torres, alias \u201cJhonsson Pulpo\u201d.\u00a0<\/span><\/p>\n<p><span style=\"color: #000000;\">El cabecilla de \u201cLos Pulpos\u201d y su c\u00f3mplice quedaron bajo custodia de la Polic\u00eda Nacional del Per\u00fa.<\/span><\/p>\n<p><span style=\"color: #000000;\">A trav\u00e9s de su cuenta oficial X, la instituci\u00f3n dio a conocer que el \u00abma\u00f1ana , el ministro del Interior, C\u00e9sar Astudillo, conducir\u00e1 su traslado a Lima para las diligencias correspondientes y su puesta a disposici\u00f3n de la justicia peruana\u00bb. <strong>(ANDINA).<\/strong><\/span><\/p>\n","protected":false},"excerpt":{"rendered":"<p>Tras su captura en Bolivia Lima, 1 Setiembre 2026.- Jhonsson Smit Cruz Torres, alias \u2018Jhonsson Pulpo\u2019, cabecilla de la organizaci\u00f3n criminal \u201cLos Pulpos\u201d, quien fuera capturado hoy en Bolivia, ya se encuentra en manos de la polic\u00eda peruana. Luego de su detenci\u00f3n esta ma\u00f1ana en La Paz, Bolivia, fue expulsado hace unas horas de dicho [&hellip;]<\/p>\n","protected":false},"author":1,"featured_media":127166,"comment_status":"closed","ping_status":"closed","sticky":false,"template":"","format":"standard","meta":{"rop_custom_images_group":[],"rop_custom_messages_group":[],"rop_publish_now":"initial","rop_publish_now_accounts":[],"rop_publish_now_history":[],"rop_publish_now_status":"pending","footnotes":""},"categories":[10,5745],"tags":[],"class_list":["post-153039","post","type-post","status-publish","format-standard","has-post-thumbnail","hentry","category-actualidad-municipal","category-lo-ultimo"],"_links":{"self":[{"href":"https:\/\/elinformanteperu.com\/index.php\/wp-json\/wp\/v2\/posts\/153039","targetHints":{"allow":["GET"]}}],"collection":[{"href":"https:\/\/elinformanteperu.com\/index.php\/wp-json\/wp\/v2\/posts"}],"about":[{"href":"https:\/\/elinformanteperu.com\/index.php\/wp-json\/wp\/v2\/types\/post"}],"author":[{"embeddable":true,"href":"https:\/\/elinformanteperu.com\/index.php\/wp-json\/wp\/v2\/users\/1"}],"replies":[{"embeddable":true,"href":"https:\/\/elinformanteperu.com\/index.php\/wp-json\/wp\/v2\/comments?post=153039"}],"version-history":[{"count":1,"href":"https:\/\/elinformanteperu.com\/index.php\/wp-json\/wp\/v2\/posts\/153039\/revisions"}],"predecessor-version":[{"id":153040,"href":"https:\/\/elinformanteperu.com\/index.php\/wp-json\/wp\/v2\/posts\/153039\/revisions\/153040"}],"wp:featuredmedia":[{"embeddable":true,"href":"https:\/\/elinformanteperu.com\/index.php\/wp-json\/wp\/v2\/media\/127166"}],"wp:attachment":[{"href":"https:\/\/elinformanteperu.com\/index.php\/wp-json\/wp\/v2\/media?parent=153039"}],"wp:term":[{"taxonomy":"category","embeddable":true,"href":"https:\/\/elinformanteperu.com\/index.php\/wp-json\/wp\/v2\/categories?post=153039"},{"taxonomy":"post_tag","embeddable":true,"href":"https:\/\/elinformanteperu.com\/index.php\/wp-json\/wp\/v2\/tags?post=153039"}],"curies":[{"name":"wp","href":"https:\/\/api.w.org\/{rel}","templated":true}]}}