{"id":153035,"date":"2026-09-02T03:28:28","date_gmt":"2026-09-02T08:28:28","guid":{"rendered":"https:\/\/elinformanteperu.com\/?p=153035"},"modified":"2026-09-02T03:28:28","modified_gmt":"2026-09-02T08:28:28","slug":"buses-que-conectan-ventanilla-con-el-callao-solo-circulan-por-dos-carriles-ante-cierre-temporal-de-una-cuadra-en-la-avenida-faucett","status":"publish","type":"post","link":"https:\/\/elinformanteperu.com\/index.php\/2026\/09\/02\/buses-que-conectan-ventanilla-con-el-callao-solo-circulan-por-dos-carriles-ante-cierre-temporal-de-una-cuadra-en-la-avenida-faucett\/","title":{"rendered":"Buses que conectan Ventanilla con el Callao solo circulan por dos carriles ante cierre temporal de una cuadra en la avenida Faucett"},"content":{"rendered":"<p><strong><span style=\"color: #000000;\">Cierre se realiza entre las avenidas N\u00e9stor Gambetta y Canad\u00e1, como parte de las obras del primer acceso a la estaci\u00f3n Gambetta de la L\u00ednea 4.<\/span><\/strong><\/p>\n<p><span style=\"color: #000000;\"><strong>Lima, 1 Setiembre 2026 (El Informante Per\u00fa).-<\/strong> Los usuarios que se movilizan en veh\u00edculos de transporte p\u00fablico entre Ventanilla y el Callao por la av. Elmer Faucett deben tener en cuenta un cambio en la circulaci\u00f3n por dicha v\u00eda. Desde ayer, lunes 31 de agosto, los buses se desplazan por dos carriles en el sentido de oeste a este, con direcci\u00f3n hacia Lima Metropolitana, debido al cierre temporal de una cuadra de la v\u00eda auxiliar, inform\u00f3 la Autoridad de Transporte Urbano para Lima y Callao (ATU).<\/span><\/p>\n<p><span style=\"color: #000000;\">El cierre comprende el tramo de la v\u00eda auxiliar ubicado entre las avenidas N\u00e9stor Gambetta y Canad\u00e1, y forma parte del plan de desv\u00edo vehicular establecido durante los trabajos para construir el primer acceso a la estaci\u00f3n E4-01 Gambetta, perteneciente al Ramal de la L\u00ednea 4 del Metro de Lima y Callao.<\/span><\/p>\n<p><span style=\"color: #000000;\">La medida tambi\u00e9n alcanza a los veh\u00edculos particulares que circulan por esta zona. Por ello, se recomienda a conductores y usuarios tomar las precauciones necesarias durante sus desplazamientos y mantenerse atentos a la se\u00f1alizaci\u00f3n temporal instalada a lo largo del tramo intervenido.<\/span><\/p>\n<p><a href=\"https:\/\/elinformanteperu.com\/wp-content\/uploads\/2026\/09\/buses-avenida-faucett1.jpg\"><img fetchpriority=\"high\" decoding=\"async\" class=\"size-full wp-image-153037 aligncenter\" src=\"https:\/\/elinformanteperu.com\/wp-content\/uploads\/2026\/09\/buses-avenida-faucett1.jpg\" alt=\"\" width=\"660\" height=\"390\" srcset=\"https:\/\/elinformanteperu.com\/wp-content\/uploads\/2026\/09\/buses-avenida-faucett1.jpg 660w, https:\/\/elinformanteperu.com\/wp-content\/uploads\/2026\/09\/buses-avenida-faucett1-300x177.jpg 300w\" sizes=\"(max-width: 660px) 100vw, 660px\" \/><\/a><strong><span style=\"color: #000000;\">\u00bfQu\u00e9 deben tener en cuenta los usuarios?<\/span><\/strong><\/p>\n<p><span style=\"color: #000000;\">Durante el cierre, el transporte p\u00fablico que se desplace entre Ventanilla y el Callao podr\u00e1 continuar circulando por los dos carriles habilitados en direcci\u00f3n hacia Lima Metropolitana. La zona intervenida contar\u00e1 con se\u00f1alizaci\u00f3n temporal para orientar el tr\u00e1nsito durante la aplicaci\u00f3n del plan de desv\u00edo.<\/span><\/p>\n<p><span style=\"color: #000000;\">Asimismo, efectivos de la Polic\u00eda Nacional del Per\u00fa, orientadores y personal t\u00e9cnico de la ATU permanecer\u00e1n en la zona para facilitar la circulaci\u00f3n y brindar informaci\u00f3n a conductores y usuarios.<\/span><\/p>\n<p><strong><span style=\"color: #000000;\">Avanzan obras de la estaci\u00f3n Gambetta<\/span><\/strong><\/p>\n<p><span style=\"color: #000000;\">El cierre temporal permitir\u00e1 continuar con los trabajos del primer acceso a la estaci\u00f3n E4-01 Gambetta, ubicada en la avenida Elmer Faucett, en las inmediaciones del \u00f3valo 200 Millas. Esta infraestructura registra actualmente un avance f\u00edsico total de 82.85 %, mientras que las obras civiles alcanzan el 95.31 %.<\/span><\/p>\n","protected":false},"excerpt":{"rendered":"<p>Cierre se realiza entre las avenidas N\u00e9stor Gambetta y Canad\u00e1, como parte de las obras del primer acceso a la estaci\u00f3n Gambetta de la L\u00ednea 4. Lima, 1 Setiembre 2026 (El Informante Per\u00fa).- Los usuarios que se movilizan en veh\u00edculos de transporte p\u00fablico entre Ventanilla y el Callao por la av. Elmer Faucett deben tener [&hellip;]<\/p>\n","protected":false},"author":1,"featured_media":153036,"comment_status":"closed","ping_status":"closed","sticky":false,"template":"","format":"standard","meta":{"rop_custom_images_group":[],"rop_custom_messages_group":[],"rop_publish_now":"initial","rop_publish_now_accounts":[],"rop_publish_now_history":[],"rop_publish_now_status":"pending","footnotes":""},"categories":[10],"tags":[5422,4559,535,4642],"class_list":["post-153035","post","type-post","status-publish","format-standard","has-post-thumbnail","hentry","category-actualidad-municipal","tag-atu","tag-autoridad-de-transporte-urbano","tag-callao","tag-ventanilla"],"_links":{"self":[{"href":"https:\/\/elinformanteperu.com\/index.php\/wp-json\/wp\/v2\/posts\/153035","targetHints":{"allow":["GET"]}}],"collection":[{"href":"https:\/\/elinformanteperu.com\/index.php\/wp-json\/wp\/v2\/posts"}],"about":[{"href":"https:\/\/elinformanteperu.com\/index.php\/wp-json\/wp\/v2\/types\/post"}],"author":[{"embeddable":true,"href":"https:\/\/elinformanteperu.com\/index.php\/wp-json\/wp\/v2\/users\/1"}],"replies":[{"embeddable":true,"href":"https:\/\/elinformanteperu.com\/index.php\/wp-json\/wp\/v2\/comments?post=153035"}],"version-history":[{"count":1,"href":"https:\/\/elinformanteperu.com\/index.php\/wp-json\/wp\/v2\/posts\/153035\/revisions"}],"predecessor-version":[{"id":153038,"href":"https:\/\/elinformanteperu.com\/index.php\/wp-json\/wp\/v2\/posts\/153035\/revisions\/153038"}],"wp:featuredmedia":[{"embeddable":true,"href":"https:\/\/elinformanteperu.com\/index.php\/wp-json\/wp\/v2\/media\/153036"}],"wp:attachment":[{"href":"https:\/\/elinformanteperu.com\/index.php\/wp-json\/wp\/v2\/media?parent=153035"}],"wp:term":[{"taxonomy":"category","embeddable":true,"href":"https:\/\/elinformanteperu.com\/index.php\/wp-json\/wp\/v2\/categories?post=153035"},{"taxonomy":"post_tag","embeddable":true,"href":"https:\/\/elinformanteperu.com\/index.php\/wp-json\/wp\/v2\/tags?post=153035"}],"curies":[{"name":"wp","href":"https:\/\/api.w.org\/{rel}","templated":true}]}}