{"id":153025,"date":"2026-09-02T03:09:09","date_gmt":"2026-09-02T08:09:09","guid":{"rendered":"https:\/\/elinformanteperu.com\/?p=153025"},"modified":"2026-09-02T03:54:12","modified_gmt":"2026-09-02T08:54:12","slug":"senamhi-advierte-la-costa-norte-presentara-lluvias-localizadas-en-los-proximos-dias","status":"publish","type":"post","link":"https:\/\/elinformanteperu.com\/index.php\/2026\/09\/02\/senamhi-advierte-la-costa-norte-presentara-lluvias-localizadas-en-los-proximos-dias\/","title":{"rendered":"Senamhi advierte: la costa norte presentar\u00e1 lluvias localizadas en los pr\u00f3ximos d\u00edas"},"content":{"rendered":"<p><strong><span style=\"color: #000000;\">Se registrar\u00e1n, principalmente, en zonas de Tumbes y Piura, con acumulados de hasta 15 mm\/d\u00eda.<\/span><\/strong><\/p>\n<p><span style=\"color: #000000;\"><strong>Lima, 1 Setiembre 2026.-<\/strong> El Servicio Nacional de Meteorolog\u00eda e Hidrolog\u00eda (Senamhi), adscrito al Ministerio del Ambiente (Minam), inform\u00f3 que el martes 2 y el mi\u00e9rcoles 3 de setiembre se registrar\u00e1n lluvias localizadas en la costa norte del pa\u00eds, principalmente, en distritos de las regiones de Tumbes y Piura, pr\u00f3ximos a la frontera.<\/span><\/p>\n<p><span style=\"color: #000000;\">De acuerdo con el pron\u00f3stico, en estas zonas se esperan acumulados de entre 3 mil\u00edmetros por d\u00eda (mm\/d\u00eda) y 15 mm\/d\u00eda. Adem\u00e1s, no se descarta la ocurrencia de lluvias o chubascos en otros sectores de la costa y la sierra norte.<\/span><\/p>\n<p><a href=\"https:\/\/elinformanteperu.com\/wp-content\/uploads\/2026\/08\/lluvias-selva.jpg\"><img fetchpriority=\"high\" decoding=\"async\" class=\"size-full wp-image-152687 aligncenter\" src=\"https:\/\/elinformanteperu.com\/wp-content\/uploads\/2026\/08\/lluvias-selva.jpg\" alt=\"\" width=\"829\" height=\"550\" srcset=\"https:\/\/elinformanteperu.com\/wp-content\/uploads\/2026\/08\/lluvias-selva.jpg 829w, https:\/\/elinformanteperu.com\/wp-content\/uploads\/2026\/08\/lluvias-selva-300x199.jpg 300w, https:\/\/elinformanteperu.com\/wp-content\/uploads\/2026\/08\/lluvias-selva-768x510.jpg 768w\" sizes=\"(max-width: 829px) 100vw, 829px\" \/><\/a><span style=\"color: #000000;\">Especialistas del Senamhi explican que este escenario responde a la interacci\u00f3n de diversos factores, entre ellos el calentamiento de la temperatura superficial del mar, una fase favorable de la oscilaci\u00f3n Madden-Julian, el incremento de la humedad atmosf\u00e9rica y el ingreso de vientos del norte en niveles bajos.<\/span><\/p>\n<p><span style=\"color: #000000;\">Estas condiciones propiciar\u00e1n las precipitaciones previstas, en especial en sectores alejados del litoral.<\/span><\/p>\n<p><span style=\"color: #000000;\">El Minam, a trav\u00e9s del Senamhi, continuar\u00e1 monitoreando las condiciones meteorol\u00f3gicas para brindar informaci\u00f3n oportuna a la poblaci\u00f3n. Los pron\u00f3sticos y avisos meteorol\u00f3gicos pueden consultarse en la p\u00e1gina web institucional y en sus redes sociales.<strong> (ANDINA).<\/strong><\/span><\/p>\n<p><a href=\"https:\/\/elinformanteperu.com\/wp-content\/uploads\/2026\/07\/lluvias-costa-peruana.jpg\"><img decoding=\"async\" class=\"size-full wp-image-150587 aligncenter\" src=\"https:\/\/elinformanteperu.com\/wp-content\/uploads\/2026\/07\/lluvias-costa-peruana.jpg\" alt=\"\" width=\"841\" height=\"560\" srcset=\"https:\/\/elinformanteperu.com\/wp-content\/uploads\/2026\/07\/lluvias-costa-peruana.jpg 841w, https:\/\/elinformanteperu.com\/wp-content\/uploads\/2026\/07\/lluvias-costa-peruana-300x200.jpg 300w, https:\/\/elinformanteperu.com\/wp-content\/uploads\/2026\/07\/lluvias-costa-peruana-768x511.jpg 768w\" sizes=\"(max-width: 841px) 100vw, 841px\" \/><\/a><\/p>\n","protected":false},"excerpt":{"rendered":"<p>Se registrar\u00e1n, principalmente, en zonas de Tumbes y Piura, con acumulados de hasta 15 mm\/d\u00eda. Lima, 1 Setiembre 2026.- El Servicio Nacional de Meteorolog\u00eda e Hidrolog\u00eda (Senamhi), adscrito al Ministerio del Ambiente (Minam), inform\u00f3 que el martes 2 y el mi\u00e9rcoles 3 de setiembre se registrar\u00e1n lluvias localizadas en la costa norte del pa\u00eds, principalmente, [&hellip;]<\/p>\n","protected":false},"author":1,"featured_media":153026,"comment_status":"closed","ping_status":"closed","sticky":false,"template":"","format":"standard","meta":{"rop_custom_images_group":[],"rop_custom_messages_group":[],"rop_publish_now":"initial","rop_publish_now_accounts":[],"rop_publish_now_history":[],"rop_publish_now_status":"pending","footnotes":""},"categories":[10,5745],"tags":[368,367,514],"class_list":["post-153025","post","type-post","status-publish","format-standard","has-post-thumbnail","hentry","category-actualidad-municipal","category-lo-ultimo","tag-minam","tag-ministerio-del-ambiente","tag-senamhi"],"_links":{"self":[{"href":"https:\/\/elinformanteperu.com\/index.php\/wp-json\/wp\/v2\/posts\/153025","targetHints":{"allow":["GET"]}}],"collection":[{"href":"https:\/\/elinformanteperu.com\/index.php\/wp-json\/wp\/v2\/posts"}],"about":[{"href":"https:\/\/elinformanteperu.com\/index.php\/wp-json\/wp\/v2\/types\/post"}],"author":[{"embeddable":true,"href":"https:\/\/elinformanteperu.com\/index.php\/wp-json\/wp\/v2\/users\/1"}],"replies":[{"embeddable":true,"href":"https:\/\/elinformanteperu.com\/index.php\/wp-json\/wp\/v2\/comments?post=153025"}],"version-history":[{"count":1,"href":"https:\/\/elinformanteperu.com\/index.php\/wp-json\/wp\/v2\/posts\/153025\/revisions"}],"predecessor-version":[{"id":153027,"href":"https:\/\/elinformanteperu.com\/index.php\/wp-json\/wp\/v2\/posts\/153025\/revisions\/153027"}],"wp:featuredmedia":[{"embeddable":true,"href":"https:\/\/elinformanteperu.com\/index.php\/wp-json\/wp\/v2\/media\/153026"}],"wp:attachment":[{"href":"https:\/\/elinformanteperu.com\/index.php\/wp-json\/wp\/v2\/media?parent=153025"}],"wp:term":[{"taxonomy":"category","embeddable":true,"href":"https:\/\/elinformanteperu.com\/index.php\/wp-json\/wp\/v2\/categories?post=153025"},{"taxonomy":"post_tag","embeddable":true,"href":"https:\/\/elinformanteperu.com\/index.php\/wp-json\/wp\/v2\/tags?post=153025"}],"curies":[{"name":"wp","href":"https:\/\/api.w.org\/{rel}","templated":true}]}}