{"id":153015,"date":"2026-09-02T02:57:55","date_gmt":"2026-09-02T07:57:55","guid":{"rendered":"https:\/\/elinformanteperu.com\/?p=153015"},"modified":"2026-09-02T02:57:55","modified_gmt":"2026-09-02T07:57:55","slug":"la-musica-latina-a-europa-premios-juventud-por-primera-vez-en-espana","status":"publish","type":"post","link":"https:\/\/elinformanteperu.com\/index.php\/2026\/09\/02\/la-musica-latina-a-europa-premios-juventud-por-primera-vez-en-espana\/","title":{"rendered":"La m\u00fasica latina a Europa: Premios Juventud por primera vez en Espa\u00f1a"},"content":{"rendered":"<p><strong><span style=\"color: #000000;\">\u2022 Marc Anthony, Camilo, Christian Nodal, Wisin, Yandel, Quevedo, Morat, Ana Mena, \u00c1ngela Aguilar, Farruko, Alofoke Music, La Oreja de Van Gogh, Kenia Os y muchos otros m\u00e1s se dar\u00e1n cita el 3 de septiembre en Starlite, en una noche que lleva la m\u00fasica latina a Europa.<\/span><\/strong><\/p>\n<p><span style=\"color: #000000;\"><strong>Lima, 1 Setiembre 2026 (Especial para El Informante Per\u00fa).-<\/strong> Latinoam\u00e9rica le cede el testigo a Espa\u00f1a y por primera vez en 23 a\u00f1os el 3 de septiembre la ciudad de Marbella ser\u00e1 el epicentro mundial de la m\u00fasica latina. En esta edici\u00f3n, los Premios Juventud celebrar\u00e1n su primera edici\u00f3n europea en Starlite Marbella. A lo largo de sus 22 ediciones anteriores, desde 2004 hasta 2025, la aclamada ceremonia siempre se hab\u00eda celebrado en el continente americano, teniendo como sedes Miami (Estados Unidos), San Juan (Puerto Rico) y la Ciudad de Panam\u00e1.<\/span><\/p>\n<p><span style=\"color: #000000;\">El cartel confirmado para Starlite &#8211; Premios Juventud 2026 reunir\u00e1 a una generaci\u00f3n de artistas que representa la enorme diversidad y alcance actual de la m\u00fasica en espa\u00f1ol. El elenco confirmado de actuaciones incluye a: Marc Anthony, Camilo, Natanael Cano, Xavi, Kapo, Fariana, Greeicy, Kiko El Crazy, Arlene MC y Jey One, Alofoke Music, adem\u00e1s de Manuel Carrasco, Christian Nodal, Wisin, Yandel, Farruko, Elvis Crespo, Eladio Carri\u00f3n, Quevedo, Morat, La Oreja de Van Gogh, Ana Mena, \u00c1ngela Aguilar, Kenia Os, Mau y Ricky, Elena Rose, Alleh, Silvestre Dangond y Juan Mag\u00e1n, entre otros.<\/span><\/p>\n<p><span style=\"color: #000000;\">La gala contar\u00e1 adem\u00e1s con la participaci\u00f3n de creadores y personalidades como Lola Lolita y Antonio Banderas, sumando a la m\u00fasica la influencia de la cultura digital, el entretenimiento y la creaci\u00f3n de contenidos. Y los presentadores, Jes\u00fas V\u00e1zquez, Alejandra Espinoza y Clarissa Molina, tres rostros ampliamente reconocidos y queridos por la audiencia hispana.<\/span><\/p>\n<p><a href=\"https:\/\/elinformanteperu.com\/wp-content\/uploads\/2026\/09\/antonio-banderas-y-sandra-garcia-san-juan-anfitriones-premios-juventud-scaled.jpg\"><img fetchpriority=\"high\" decoding=\"async\" class=\"wp-image-153017 aligncenter\" src=\"https:\/\/elinformanteperu.com\/wp-content\/uploads\/2026\/09\/antonio-banderas-y-sandra-garcia-san-juan-anfitriones-premios-juventud-869x1024.jpg\" alt=\"\" width=\"472\" height=\"556\" srcset=\"https:\/\/elinformanteperu.com\/wp-content\/uploads\/2026\/09\/antonio-banderas-y-sandra-garcia-san-juan-anfitriones-premios-juventud-869x1024.jpg 869w, https:\/\/elinformanteperu.com\/wp-content\/uploads\/2026\/09\/antonio-banderas-y-sandra-garcia-san-juan-anfitriones-premios-juventud-255x300.jpg 255w, https:\/\/elinformanteperu.com\/wp-content\/uploads\/2026\/09\/antonio-banderas-y-sandra-garcia-san-juan-anfitriones-premios-juventud-768x905.jpg 768w, https:\/\/elinformanteperu.com\/wp-content\/uploads\/2026\/09\/antonio-banderas-y-sandra-garcia-san-juan-anfitriones-premios-juventud-1304x1536.jpg 1304w, https:\/\/elinformanteperu.com\/wp-content\/uploads\/2026\/09\/antonio-banderas-y-sandra-garcia-san-juan-anfitriones-premios-juventud-1739x2048.jpg 1739w\" sizes=\"(max-width: 472px) 100vw, 472px\" \/><\/a><span style=\"color: #000000;\">En esta ocasi\u00f3n la premiaci\u00f3n contar\u00e1 con m\u00e1s de 250 artistas invitados, m\u00e1s de 3,500 asistentes y una veintena de actuaciones, que convertir\u00e1n la cita en uno de los grandes acontecimientos musicales del a\u00f1o. La gala podr\u00e1 seguirse en directo desde Espa\u00f1a, Estados Unidos y Latinoam\u00e9rica, con una se\u00f1al que llegar\u00e1 a m\u00e1s de 150 pa\u00edses de todo el mundo.<\/span><\/p>\n<p><span style=\"color: #000000;\">La historia de los Premios Juventud est\u00e1 estrechamente ligada a la evoluci\u00f3n de artistas que comenzaron consolidando su popularidad en este escenario y posteriormente alcanzaron dimensi\u00f3n global, entre ellos Bad Bunny, Karol G, Maluma y J Balvin.<\/span><\/p>\n<p><span style=\"color: #000000;\">\u201cLa llegada a Marbella supone un nuevo cap\u00edtulo para unos premios que durante m\u00e1s de dos d\u00e9cadas han acompa\u00f1ado la evoluci\u00f3n de la m\u00fasica y la cultura popular latina. Premios Juventud naci\u00f3 en Miami en 2004 y se mantuvo all\u00ed en sus primeras ediciones. Posteriormente, entre 2022 y 2024, la ceremonia se celebr\u00f3 en San Juan de Puerto Rico, antes de trasladarse en 2025 a Ciudad de Panam\u00e1. Ahora, en 2026, da su mayor salto internacional al celebrar por primera vez una edici\u00f3n en Europa\u201d declar\u00f3 Sandra Garc\u00eda-Sanju\u00e1n, cofundadora y presidenta ejecutiva de Starlite.<\/span><\/p>\n<p><span style=\"color: #000000;\">Este salto internacional tiene un precedente reciente. El 15 de diciembre de 2025, Starlite llev\u00f3 a Madrid por primera vez el formato Billboard No. 1s fuera de Estados Unidos, convirtiendo Espa\u00f1a en el primer mercado internacional en acoger este formato. Menos de un a\u00f1o despu\u00e9s, Marbella vuelve a situarse en el centro de la conversaci\u00f3n internacional con la llegada de Premios Juventud a Starlite.<\/span><\/p>\n<p><span style=\"color: #000000;\">Un Evento de Relevancia Mundial. A modo de ejemplo, en pasadas ediciones en Estados Unidos ha registrado resultados de audiencia superiores a los MTV Video Music Awards y un porcentaje de seguimiento en directo superior al de los Grammy entre los adultos hispanos, seg\u00fan datos de Televisa\/Univision.<\/span><\/p>\n<p><a href=\"https:\/\/elinformanteperu.com\/wp-content\/uploads\/2026\/09\/starlite-billboard-scaled.jpg\"><img decoding=\"async\" class=\"size-large wp-image-153018 aligncenter\" src=\"https:\/\/elinformanteperu.com\/wp-content\/uploads\/2026\/09\/starlite-billboard-1024x683.jpg\" alt=\"\" width=\"615\" height=\"410\" srcset=\"https:\/\/elinformanteperu.com\/wp-content\/uploads\/2026\/09\/starlite-billboard-1024x683.jpg 1024w, https:\/\/elinformanteperu.com\/wp-content\/uploads\/2026\/09\/starlite-billboard-300x200.jpg 300w, https:\/\/elinformanteperu.com\/wp-content\/uploads\/2026\/09\/starlite-billboard-768x512.jpg 768w, https:\/\/elinformanteperu.com\/wp-content\/uploads\/2026\/09\/starlite-billboard-1536x1024.jpg 1536w, https:\/\/elinformanteperu.com\/wp-content\/uploads\/2026\/09\/starlite-billboard-2048x1365.jpg 2048w\" sizes=\"(max-width: 615px) 100vw, 615px\" \/><\/a><\/p>\n","protected":false},"excerpt":{"rendered":"<p>\u2022 Marc Anthony, Camilo, Christian Nodal, Wisin, Yandel, Quevedo, Morat, Ana Mena, \u00c1ngela Aguilar, Farruko, Alofoke Music, La Oreja de Van Gogh, Kenia Os y muchos otros m\u00e1s se dar\u00e1n cita el 3 de septiembre en Starlite, en una noche que lleva la m\u00fasica latina a Europa. Lima, 1 Setiembre 2026 (Especial para El Informante [&hellip;]<\/p>\n","protected":false},"author":1,"featured_media":153016,"comment_status":"closed","ping_status":"closed","sticky":false,"template":"","format":"standard","meta":{"rop_custom_images_group":[],"rop_custom_messages_group":[],"rop_publish_now":"initial","rop_publish_now_accounts":[],"rop_publish_now_history":[],"rop_publish_now_status":"pending","footnotes":""},"categories":[69],"tags":[6927,8900],"class_list":["post-153015","post","type-post","status-publish","format-standard","has-post-thumbnail","hentry","category-musica","tag-conciertos-peru","tag-premios-juventud-2026"],"_links":{"self":[{"href":"https:\/\/elinformanteperu.com\/index.php\/wp-json\/wp\/v2\/posts\/153015","targetHints":{"allow":["GET"]}}],"collection":[{"href":"https:\/\/elinformanteperu.com\/index.php\/wp-json\/wp\/v2\/posts"}],"about":[{"href":"https:\/\/elinformanteperu.com\/index.php\/wp-json\/wp\/v2\/types\/post"}],"author":[{"embeddable":true,"href":"https:\/\/elinformanteperu.com\/index.php\/wp-json\/wp\/v2\/users\/1"}],"replies":[{"embeddable":true,"href":"https:\/\/elinformanteperu.com\/index.php\/wp-json\/wp\/v2\/comments?post=153015"}],"version-history":[{"count":1,"href":"https:\/\/elinformanteperu.com\/index.php\/wp-json\/wp\/v2\/posts\/153015\/revisions"}],"predecessor-version":[{"id":153019,"href":"https:\/\/elinformanteperu.com\/index.php\/wp-json\/wp\/v2\/posts\/153015\/revisions\/153019"}],"wp:featuredmedia":[{"embeddable":true,"href":"https:\/\/elinformanteperu.com\/index.php\/wp-json\/wp\/v2\/media\/153016"}],"wp:attachment":[{"href":"https:\/\/elinformanteperu.com\/index.php\/wp-json\/wp\/v2\/media?parent=153015"}],"wp:term":[{"taxonomy":"category","embeddable":true,"href":"https:\/\/elinformanteperu.com\/index.php\/wp-json\/wp\/v2\/categories?post=153015"},{"taxonomy":"post_tag","embeddable":true,"href":"https:\/\/elinformanteperu.com\/index.php\/wp-json\/wp\/v2\/tags?post=153015"}],"curies":[{"name":"wp","href":"https:\/\/api.w.org\/{rel}","templated":true}]}}