{"id":153002,"date":"2026-09-02T02:27:07","date_gmt":"2026-09-02T07:27:07","guid":{"rendered":"https:\/\/elinformanteperu.com\/?p=153002"},"modified":"2026-09-02T02:27:07","modified_gmt":"2026-09-02T07:27:07","slug":"ayacucho-soportara-tres-dias-de-intenso-calor-con-altos-niveles-de-radiacion-ultravioleta","status":"publish","type":"post","link":"https:\/\/elinformanteperu.com\/index.php\/2026\/09\/02\/ayacucho-soportara-tres-dias-de-intenso-calor-con-altos-niveles-de-radiacion-ultravioleta\/","title":{"rendered":"Ayacucho soportar\u00e1 tres d\u00edas de intenso calor con altos niveles de radiaci\u00f3n ultravioleta"},"content":{"rendered":"<p><span style=\"color: #000000;\"><strong>Ayacucho, 1 Setiembre 2026.-<\/strong> El Centro de Operaciones de Emergencia Regional (COER) Ayacucho alert\u00f3 a la poblaci\u00f3n ante el incremento de la temperatura diurna que se registrar\u00e1 en varias provincias de la regi\u00f3n entre el 1 y el 3 de setiembre, acompa\u00f1ado de altos niveles de radiaci\u00f3n ultravioleta (UV) debido a la escasa nubosidad.<\/span><\/p>\n<p><span style=\"color: #000000;\">De acuerdo con el aviso meteorol\u00f3gico del Servicio Nacional de Meteorolog\u00eda e Hidrolog\u00eda del Per\u00fa (Senamhi), durante estos tres d\u00edas se presentar\u00e1n condiciones de moderada a extrema intensidad en la costa y sierra del pa\u00eds.\u00a0<\/span><\/p>\n<p><span style=\"color: #000000;\">En la sierra se esperan temperaturas m\u00e1ximas que podr\u00edan alcanzar entre 14 \u00b0C y 27 \u00b0C en la sierra sur, mientras que en la sierra central los valores podr\u00edan llegar hasta 29 \u00b0C. Ayacucho se encuentra entre las regiones comprendidas en este aviso.\u00a0<\/span><\/p>\n<p><a href=\"https:\/\/elinformanteperu.com\/wp-content\/uploads\/2026\/09\/ayacucho-alto-calor1.jpg\"><img fetchpriority=\"high\" decoding=\"async\" class=\"size-full wp-image-153004 aligncenter\" src=\"https:\/\/elinformanteperu.com\/wp-content\/uploads\/2026\/09\/ayacucho-alto-calor1.jpg\" alt=\"\" width=\"633\" height=\"526\" srcset=\"https:\/\/elinformanteperu.com\/wp-content\/uploads\/2026\/09\/ayacucho-alto-calor1.jpg 633w, https:\/\/elinformanteperu.com\/wp-content\/uploads\/2026\/09\/ayacucho-alto-calor1-300x250.jpg 300w\" sizes=\"(max-width: 633px) 100vw, 633px\" \/><\/a><strong><span style=\"color: #000000;\">Mayor exposici\u00f3n al sol<\/span><\/strong><\/p>\n<p><span style=\"color: #000000;\">La escasa presencia de nubes durante las horas centrales del d\u00eda favorecer\u00e1 una mayor incidencia de la radiaci\u00f3n\u00a0 UV.<\/span><\/p>\n<p><span style=\"color: #000000;\">El aviso del Senamhi contempla a las provincias de Huamanga, La Mar, Cangallo, Fajardo, Huanca Sancos, Vilcas Huam\u00e1n, Sucre, Lucanas, Parinacochas y P\u00e1ucar del Sara Sara.\u00a0<\/span><\/p>\n<p><span style=\"color: #000000;\">Bajo este escenario, el COER Ayacucho recomend\u00f3 evitar la exposici\u00f3n directa al sol entre las 10:00 a. m. y las 3:00 p. m., periodo en el que la radiaci\u00f3n solar suele alcanzar sus mayores niveles.<\/span><\/p>\n<p><span style=\"color: #000000;\">Tambi\u00e9n exhort\u00f3 utilizar sombreros o gorros de ala ancha, lentes con protecci\u00f3n UV, bloqueador solar y ropa de manga larga, especialmente cuando sea inevitable permanecer en espacios abiertos.\u00a0<\/span><\/p>\n<p><span style=\"color: #000000;\">La hidrataci\u00f3n tambi\u00e9n ser\u00e1 fundamental. Las autoridades recomendaron beber abundante agua durante el d\u00eda, incluso antes de sentir sed, y evitar permanecer por tiempos prolongados bajo los rayos solares. <strong>(ANDINA).<\/strong><\/span><\/p>\n","protected":false},"excerpt":{"rendered":"<p>Ayacucho, 1 Setiembre 2026.- El Centro de Operaciones de Emergencia Regional (COER) Ayacucho alert\u00f3 a la poblaci\u00f3n ante el incremento de la temperatura diurna que se registrar\u00e1 en varias provincias de la regi\u00f3n entre el 1 y el 3 de setiembre, acompa\u00f1ado de altos niveles de radiaci\u00f3n ultravioleta (UV) debido a la escasa nubosidad. De [&hellip;]<\/p>\n","protected":false},"author":1,"featured_media":153003,"comment_status":"closed","ping_status":"closed","sticky":false,"template":"","format":"standard","meta":{"rop_custom_images_group":[],"rop_custom_messages_group":[],"rop_publish_now":"initial","rop_publish_now_accounts":[],"rop_publish_now_history":[],"rop_publish_now_status":"pending","footnotes":""},"categories":[10],"tags":[3801],"class_list":["post-153002","post","type-post","status-publish","format-standard","has-post-thumbnail","hentry","category-actualidad-municipal","tag-ayacucho"],"_links":{"self":[{"href":"https:\/\/elinformanteperu.com\/index.php\/wp-json\/wp\/v2\/posts\/153002","targetHints":{"allow":["GET"]}}],"collection":[{"href":"https:\/\/elinformanteperu.com\/index.php\/wp-json\/wp\/v2\/posts"}],"about":[{"href":"https:\/\/elinformanteperu.com\/index.php\/wp-json\/wp\/v2\/types\/post"}],"author":[{"embeddable":true,"href":"https:\/\/elinformanteperu.com\/index.php\/wp-json\/wp\/v2\/users\/1"}],"replies":[{"embeddable":true,"href":"https:\/\/elinformanteperu.com\/index.php\/wp-json\/wp\/v2\/comments?post=153002"}],"version-history":[{"count":1,"href":"https:\/\/elinformanteperu.com\/index.php\/wp-json\/wp\/v2\/posts\/153002\/revisions"}],"predecessor-version":[{"id":153005,"href":"https:\/\/elinformanteperu.com\/index.php\/wp-json\/wp\/v2\/posts\/153002\/revisions\/153005"}],"wp:featuredmedia":[{"embeddable":true,"href":"https:\/\/elinformanteperu.com\/index.php\/wp-json\/wp\/v2\/media\/153003"}],"wp:attachment":[{"href":"https:\/\/elinformanteperu.com\/index.php\/wp-json\/wp\/v2\/media?parent=153002"}],"wp:term":[{"taxonomy":"category","embeddable":true,"href":"https:\/\/elinformanteperu.com\/index.php\/wp-json\/wp\/v2\/categories?post=153002"},{"taxonomy":"post_tag","embeddable":true,"href":"https:\/\/elinformanteperu.com\/index.php\/wp-json\/wp\/v2\/tags?post=153002"}],"curies":[{"name":"wp","href":"https:\/\/api.w.org\/{rel}","templated":true}]}}