{"id":152998,"date":"2026-09-02T02:22:48","date_gmt":"2026-09-02T07:22:48","guid":{"rendered":"https:\/\/elinformanteperu.com\/?p=152998"},"modified":"2026-09-02T02:22:48","modified_gmt":"2026-09-02T07:22:48","slug":"ana-identifica-44-puntos-criticos-en-los-valles-de-camana-y-majes-en-arequipa","status":"publish","type":"post","link":"https:\/\/elinformanteperu.com\/index.php\/2026\/09\/02\/ana-identifica-44-puntos-criticos-en-los-valles-de-camana-y-majes-en-arequipa\/","title":{"rendered":"ANA identifica 44 puntos cr\u00edticos en los valles de Caman\u00e1 y Majes en Arequipa"},"content":{"rendered":"<p><strong><span style=\"color: #000000;\">La informaci\u00f3n permitir\u00e1 ejecutar acciones preventivas frente a hechos asociados al fen\u00f3meno El Ni\u00f1o<\/span><\/strong><\/p>\n<p><span style=\"color: #000000;\"><strong>Arequipa, 1 Setiembre 2026.-<\/strong> La Autoridad Nacional del Agua (ANA) identific\u00f3 44 puntos cr\u00edticos en los valles de Caman\u00e1 y Majes, en la regi\u00f3n Arequipa, como parte de las acciones de prevenci\u00f3n frente a posibles incrementos de caudal durante la temporada de lluvias y eventos asociados al fen\u00f3meno El Ni\u00f1o.<\/span><\/p>\n<p><span style=\"color: #000000;\">Los especialistas de la Administraci\u00f3n Local de Agua (ALA) Caman\u00e1-Majes recopilaron informaci\u00f3n t\u00e9cnica de cada punto como su ubicaci\u00f3n georreferenciada, caracter\u00edsticas del tramo, nivel de vulnerabilidad y necesidades de intervenci\u00f3n.<\/span><\/p>\n<p><span style=\"color: #000000;\">Tras la evaluaci\u00f3n se realizaron recomendaciones entre las que se encuentran el reforzamiento y enrocado de diques, as\u00ed como la limpieza y descolmataci\u00f3n de cauces, de acuerdo con las condiciones de cada sector.<\/span><\/p>\n<p><a href=\"https:\/\/elinformanteperu.com\/wp-content\/uploads\/2026\/09\/rios-valles-arequipa1.jpg\"><img fetchpriority=\"high\" decoding=\"async\" class=\"size-full wp-image-153000 aligncenter\" src=\"https:\/\/elinformanteperu.com\/wp-content\/uploads\/2026\/09\/rios-valles-arequipa1.jpg\" alt=\"\" width=\"827\" height=\"464\" srcset=\"https:\/\/elinformanteperu.com\/wp-content\/uploads\/2026\/09\/rios-valles-arequipa1.jpg 827w, https:\/\/elinformanteperu.com\/wp-content\/uploads\/2026\/09\/rios-valles-arequipa1-300x168.jpg 300w, https:\/\/elinformanteperu.com\/wp-content\/uploads\/2026\/09\/rios-valles-arequipa1-768x431.jpg 768w\" sizes=\"(max-width: 827px) 100vw, 827px\" \/><\/a><span style=\"color: #000000;\">Del total de puntos cr\u00edticos, 26 sectores corresponden al valle de Caman\u00e1, ubicados en los \u00e1mbitos de las comisiones de usuarios de los subsectores hidr\u00e1ulicos Montes Nuevos, Pucch\u00fan y El Cusco.<\/span><\/p>\n<p><span style=\"color: #000000;\">As\u00ed como El Molino, La Bomb\u00f3n, Pampat\u00e1, Characta, Pisques, Sonay y Socso, en los distritos de Mariscal C\u00e1ceres, Nicol\u00e1s de Pi\u00e9rola y Jos\u00e9 Mar\u00eda Qu\u00edmper, en la provincia de Caman\u00e1.<\/span><\/p>\n<p><span style=\"color: #000000;\">Mientras que en el valle de Majes, provincia de Castilla, se recopil\u00f3 informaci\u00f3n de 18 puntos cr\u00edticos, ubicados en los sectores de las comisiones de usuarios La Real y El Monte.<\/span><\/p>\n<p><span style=\"color: #000000;\">Adem\u00e1s de Querulpa, Uraca, Sogiata, San Vicente, Cantas, Pedregal, Pitis, Sarcas, Tor\u00e1n, Beringa, Cosos, Aplao y Ongoro,\u00a0 Ongoro Bajo, en los distritos de Aplao, Huancarqui y Uraca.<\/span><\/p>\n<p><span style=\"color: #000000;\">Los especialistas de la ALA Caman\u00e1-Majes elaborar\u00e1n las fichas t\u00e9cnicas correspondientes, que ser\u00e1n socializadas con las entidades competentes para que, seg\u00fan sus funciones, eval\u00faen las medidas de intervenci\u00f3n que correspondan.<\/span><\/p>\n<p><span style=\"color: #000000;\">Es importante indicar que la informaci\u00f3n obtenida permitir\u00e1 a la ANA contar con una base t\u00e9cnica para priorizar acciones preventivas y coordinar su atenci\u00f3n con los gobiernos regionales y locales. <strong>(ANDINA).\u00a0<\/strong><\/span><\/p>\n","protected":false},"excerpt":{"rendered":"<p>La informaci\u00f3n permitir\u00e1 ejecutar acciones preventivas frente a hechos asociados al fen\u00f3meno El Ni\u00f1o Arequipa, 1 Setiembre 2026.- La Autoridad Nacional del Agua (ANA) identific\u00f3 44 puntos cr\u00edticos en los valles de Caman\u00e1 y Majes, en la regi\u00f3n Arequipa, como parte de las acciones de prevenci\u00f3n frente a posibles incrementos de caudal durante la temporada [&hellip;]<\/p>\n","protected":false},"author":1,"featured_media":152999,"comment_status":"closed","ping_status":"closed","sticky":false,"template":"","format":"standard","meta":{"rop_custom_images_group":[],"rop_custom_messages_group":[],"rop_publish_now":"initial","rop_publish_now_accounts":[],"rop_publish_now_history":[],"rop_publish_now_status":"pending","footnotes":""},"categories":[10],"tags":[769,8821,4164],"class_list":["post-152998","post","type-post","status-publish","format-standard","has-post-thumbnail","hentry","category-actualidad-municipal","tag-arequipa","tag-fenomeno-del-nino","tag-fenomeno-el-nino"],"_links":{"self":[{"href":"https:\/\/elinformanteperu.com\/index.php\/wp-json\/wp\/v2\/posts\/152998","targetHints":{"allow":["GET"]}}],"collection":[{"href":"https:\/\/elinformanteperu.com\/index.php\/wp-json\/wp\/v2\/posts"}],"about":[{"href":"https:\/\/elinformanteperu.com\/index.php\/wp-json\/wp\/v2\/types\/post"}],"author":[{"embeddable":true,"href":"https:\/\/elinformanteperu.com\/index.php\/wp-json\/wp\/v2\/users\/1"}],"replies":[{"embeddable":true,"href":"https:\/\/elinformanteperu.com\/index.php\/wp-json\/wp\/v2\/comments?post=152998"}],"version-history":[{"count":1,"href":"https:\/\/elinformanteperu.com\/index.php\/wp-json\/wp\/v2\/posts\/152998\/revisions"}],"predecessor-version":[{"id":153001,"href":"https:\/\/elinformanteperu.com\/index.php\/wp-json\/wp\/v2\/posts\/152998\/revisions\/153001"}],"wp:featuredmedia":[{"embeddable":true,"href":"https:\/\/elinformanteperu.com\/index.php\/wp-json\/wp\/v2\/media\/152999"}],"wp:attachment":[{"href":"https:\/\/elinformanteperu.com\/index.php\/wp-json\/wp\/v2\/media?parent=152998"}],"wp:term":[{"taxonomy":"category","embeddable":true,"href":"https:\/\/elinformanteperu.com\/index.php\/wp-json\/wp\/v2\/categories?post=152998"},{"taxonomy":"post_tag","embeddable":true,"href":"https:\/\/elinformanteperu.com\/index.php\/wp-json\/wp\/v2\/tags?post=152998"}],"curies":[{"name":"wp","href":"https:\/\/api.w.org\/{rel}","templated":true}]}}