{"id":152990,"date":"2026-09-02T02:10:49","date_gmt":"2026-09-02T07:10:49","guid":{"rendered":"https:\/\/elinformanteperu.com\/?p=152990"},"modified":"2026-09-02T02:10:49","modified_gmt":"2026-09-02T07:10:49","slug":"la-afa-despide-a-messi-tras-su-renuncia-al-seleccionado-gracias-por-unir-a-todo-un-pais","status":"publish","type":"post","link":"https:\/\/elinformanteperu.com\/index.php\/2026\/09\/02\/la-afa-despide-a-messi-tras-su-renuncia-al-seleccionado-gracias-por-unir-a-todo-un-pais\/","title":{"rendered":"La AFA despide a Messi tras su renuncia al seleccionado: \u00abGracias por unir a todo un pa\u00eds\u00bb"},"content":{"rendered":"<p><strong><span style=\"color: #000000;\">La Asociaci\u00f3n del F\u00fatbol Argentino dedic\u00f3 emotivo video que repasa los m\u00e1s de 20 a\u00f1os del astro en la Albiceleste<\/span><\/strong><\/p>\n<p><span style=\"color: #000000;\"><strong>Buenos Aires, 1 Setiembre 2026.-<\/strong> La Asociaci\u00f3n del F\u00fatbol Argentino (AFA) despidi\u00f3 este martes a Lionel Messi, tras el anuncio de su retiro de la selecci\u00f3n argentina de f\u00fatbol, con un emotivo video que repasa sus m\u00e1s de 20 a\u00f1os en el equipo y destaca el alcance mundial de su legado.<\/span><\/p>\n<p><span style=\"color: #000000;\">\u00abNunca tanta gente alrededor del mundo llev\u00f3 la celeste y blanca conmigo en el pecho y eso te lo debemos a vos\u00bb, afirma el video, publicado en las redes oficiales de la instituci\u00f3n y narrado desde la perspectiva del escudo de la selecci\u00f3n argentina.<\/span><\/p>\n<p><span style=\"color: #000000;\">El video, que agradece a Messi por haber unido a toda la Argentina \u00abdetr\u00e1s de su escudo\u00bb, recorre algunos de los principales momentos del \u00eddolo con la camiseta de la selecci\u00f3n y muestra im\u00e1genes junto a sus compa\u00f1eros, integrantes del cuerpo t\u00e9cnico y aficionados que lo acompa\u00f1aron durante dos d\u00e9cadas.<\/span><\/p>\n<p><span style=\"color: #000000;\">\u00abMe llevaste con orgullo en el pecho y me cambiaste para siempre, porque yo ten\u00eda dos y vos me pusiste la tercera estrella\u00bb, dice en referencia al Mundial conquistado en Catar en 2022.<\/span><\/p>\n<p><span style=\"color: #000000;\">La narraci\u00f3n recuerda tambi\u00e9n los momentos m\u00e1s dif\u00edciles de su trayectoria, cuando el delantero renunci\u00f3 temporalmente al seleccionado en 2016 tras perder tres finales consecutivas.<\/span><\/p>\n<p><span style=\"color: #000000;\">\u00abAunque en alg\u00fan momento pensaste que no era para vos y ah\u00ed escuch\u00e9 c\u00f3mo se romp\u00eda tu coraz\u00f3n\u00bb, se\u00f1ala la voz que representa al escudo argentino.<\/span><\/p>\n<p><span style=\"color: #000000;\">La pieza audiovisual rememora, entre otros hitos, la consagraci\u00f3n en la Copa Am\u00e9rica de 2021 en el estadio Maracan\u00e1 de R\u00edo de Janeiro y el triunfo ante Inglaterra en las semifinales del \u00faltimo Mundial, antes de llegar a las im\u00e1genes de la conquista de Catar 2022 y las multitudinarias celebraciones en las calles argentinas.<\/span><\/p>\n<p><span style=\"color: #000000;\">Sobre el final destaca el ejemplo de Messi para las nuevas generaciones: \u00abCada vez hay m\u00e1s chicos que se ponen esta camiseta y, \u00bfsab\u00e9s qu\u00e9 les escucho decir cada vez que la usan? Que cuando sean grandes todos quieren ser como vos\u00bb.<\/span><\/p>\n<p><span style=\"color: #000000;\">Messi anunci\u00f3 este lunes su retiro de la selecci\u00f3n argentina, con la que disput\u00f3 207 partidos, marc\u00f3 125 goles y dio 68 asistencias.<\/span><\/p>\n<p><span style=\"color: #000000;\">El capit\u00e1n deja una etapa de m\u00e1s de 20 a\u00f1os en la Albiceleste, en la que conquist\u00f3 el Mundial de Catar 2022 y las Copas Am\u00e9rica de 2021 y 2024, adem\u00e1s de convertirse en el m\u00e1ximo goleador y el jugador con m\u00e1s presencias en la historia del seleccionado argentino. <strong>(ANDINA).<\/strong><\/span><\/p>\n<blockquote class=\"twitter-tweet\">\n<p dir=\"ltr\" lang=\"es\">El escudo m\u00e1s lindo de todos tambi\u00e9n quer\u00eda dedicarte unas palabras, Capit\u00e1n \ud83d\udc10\ud83d\udd1f.<\/p>\n<p>Gracias, una vez m\u00e1s. Tu legado ser\u00e1 infinito. <a href=\"https:\/\/t.co\/3TZfqVTFLs\">pic.twitter.com\/3TZfqVTFLs<\/a><\/p>\n<p>\u2014 \ud83c\udde6\ud83c\uddf7 Selecci\u00f3n Argentina \u2b50\u2b50\u2b50 (@Argentina) <a href=\"https:\/\/x.com\/Argentina\/status\/2094843712652100080?ref_src=twsrc%5Etfw\">September 1, 2026<\/a><\/p><\/blockquote>\n<p><script async src=\"https:\/\/platform.x.com\/widgets.js\" charset=\"utf-8\"><\/script><\/p>\n","protected":false},"excerpt":{"rendered":"<p>La Asociaci\u00f3n del F\u00fatbol Argentino dedic\u00f3 emotivo video que repasa los m\u00e1s de 20 a\u00f1os del astro en la Albiceleste Buenos Aires, 1 Setiembre 2026.- La Asociaci\u00f3n del F\u00fatbol Argentino (AFA) despidi\u00f3 este martes a Lionel Messi, tras el anuncio de su retiro de la selecci\u00f3n argentina de f\u00fatbol, con un emotivo video que repasa [&hellip;]<\/p>\n","protected":false},"author":1,"featured_media":152991,"comment_status":"closed","ping_status":"closed","sticky":false,"template":"","format":"standard","meta":{"rop_custom_images_group":[],"rop_custom_messages_group":[],"rop_publish_now":"initial","rop_publish_now_accounts":[],"rop_publish_now_history":[],"rop_publish_now_status":"pending","footnotes":""},"categories":[8],"tags":[1606,302],"class_list":["post-152990","post","type-post","status-publish","format-standard","has-post-thumbnail","hentry","category-disciplinas-deportivas","tag-afa","tag-lionel-messi"],"_links":{"self":[{"href":"https:\/\/elinformanteperu.com\/index.php\/wp-json\/wp\/v2\/posts\/152990","targetHints":{"allow":["GET"]}}],"collection":[{"href":"https:\/\/elinformanteperu.com\/index.php\/wp-json\/wp\/v2\/posts"}],"about":[{"href":"https:\/\/elinformanteperu.com\/index.php\/wp-json\/wp\/v2\/types\/post"}],"author":[{"embeddable":true,"href":"https:\/\/elinformanteperu.com\/index.php\/wp-json\/wp\/v2\/users\/1"}],"replies":[{"embeddable":true,"href":"https:\/\/elinformanteperu.com\/index.php\/wp-json\/wp\/v2\/comments?post=152990"}],"version-history":[{"count":1,"href":"https:\/\/elinformanteperu.com\/index.php\/wp-json\/wp\/v2\/posts\/152990\/revisions"}],"predecessor-version":[{"id":152992,"href":"https:\/\/elinformanteperu.com\/index.php\/wp-json\/wp\/v2\/posts\/152990\/revisions\/152992"}],"wp:featuredmedia":[{"embeddable":true,"href":"https:\/\/elinformanteperu.com\/index.php\/wp-json\/wp\/v2\/media\/152991"}],"wp:attachment":[{"href":"https:\/\/elinformanteperu.com\/index.php\/wp-json\/wp\/v2\/media?parent=152990"}],"wp:term":[{"taxonomy":"category","embeddable":true,"href":"https:\/\/elinformanteperu.com\/index.php\/wp-json\/wp\/v2\/categories?post=152990"},{"taxonomy":"post_tag","embeddable":true,"href":"https:\/\/elinformanteperu.com\/index.php\/wp-json\/wp\/v2\/tags?post=152990"}],"curies":[{"name":"wp","href":"https:\/\/api.w.org\/{rel}","templated":true}]}}