{"id":152970,"date":"2026-09-02T01:45:11","date_gmt":"2026-09-02T06:45:11","guid":{"rendered":"https:\/\/elinformanteperu.com\/?p=152970"},"modified":"2026-09-02T01:45:11","modified_gmt":"2026-09-02T06:45:11","slug":"ronaldo-y-roberto-carlos-compran-pequeno-club-de-la-tercera-division-de-brasil","status":"publish","type":"post","link":"https:\/\/elinformanteperu.com\/index.php\/2026\/09\/02\/ronaldo-y-roberto-carlos-compran-pequeno-club-de-la-tercera-division-de-brasil\/","title":{"rendered":"Ronaldo y Roberto Carlos compran peque\u00f1o club de la tercera divisi\u00f3n de Brasil"},"content":{"rendered":"<p><strong><span style=\"color: #000000;\">El Inter de Limeira fue fundado en el 1913 y ocupa la quinta posici\u00f3n del torneo<\/span><\/strong><\/p>\n<p><span style=\"color: #000000;\"><strong>Lima, 1 Setiembre 2026.-<\/strong> El Inter de Limeira, un peque\u00f1o club del interior de Sao Paulo, anunci\u00f3 la venta del 80% de sus acciones a un grupo de inversionistas que incluye a los excampeones mundiales Roberto Carlos y Ronaldo.<\/span><\/p>\n<p><span style=\"color: #000000;\">Fundado en 1913, el Internacional de Limeira disputa la tercera divisi\u00f3n del f\u00fatbol brasile\u00f1o y ocupa la quinta casilla del torneo.<\/span><\/p>\n<p><span style=\"color: #000000;\">La venta \u00abmarca el inicio de una nueva etapa en la historia\u00bb de este equipo de una ciudad de unos 340.000 habitantes, celebr\u00f3 el club en un comunicado, sin informar el precio de la transacci\u00f3n.<\/span><\/p>\n<p><span style=\"color: #000000;\">Ronaldo y Roberto Carlos fueron parte de la selecci\u00f3n brasile\u00f1a en el \u00faltimo de sus cinco campeonatos mundiales, en Corea del Sur y Jap\u00f3n 2002.<\/span><\/p>\n<p><span style=\"color: #000000;\">La negociaci\u00f3n para comprar el Inter de Limeira comenz\u00f3 en diciembre y culmin\u00f3 este lunes con su aprobaci\u00f3n en una asamblea general extraordinaria del club.<\/span><\/p>\n<p><span style=\"color: #000000;\">Adem\u00e1s de los exjugadores, uno de los nuevos socios del Inter es Enrico Ambrogini, director de operaciones del Cruzeiro durante la etapa de Ronaldo como accionista del club (2021-2024).<\/span><\/p>\n<p><span style=\"color: #000000;\">Con Ronaldo como m\u00e1ximo accionista, el Cruzeiro tuvo una dr\u00e1stica reestructuraci\u00f3n financiera para evitar la quiebra y subi\u00f3 a primera divisi\u00f3n.<\/span><\/p>\n<p><span style=\"color: #000000;\">En Espa\u00f1a, el exgoleador fue propietario del Real Valladolid (2018-2025), en un ciclo, por el contrario, marcado por altibajos.<\/span><\/p>\n<p><span style=\"color: #000000;\">En julio, Roberto Carlos coment\u00f3 que buscaba comprar el Inter para desarrollar nuevos talentos capaces de llegar a la selecci\u00f3n brasile\u00f1a.<\/span><\/p>\n<p><span style=\"color: #000000;\">Equipos como Flamengo y Palmeiras han sido dominantes en los \u00faltimos a\u00f1os en la Copa Libertadores y Brasil sigue siendo el mayor exportador de talento hacia el f\u00fatbol europeo.<\/span><\/p>\n<p><span style=\"color: #000000;\">Pero fracasos sucesivos en el Mundial 2026 han puesto en debate el sistema de formaci\u00f3n de jugadores de este pa\u00eds.<strong> (ANDINA).<\/strong><\/span><\/p>\n<blockquote class=\"twitter-tweet\">\n<p dir=\"ltr\" lang=\"pt\">MAIS UMA SAF NO FUTEBOL PAULISTA! \u26ab\u26aa<\/p>\n<p>A SAF da Inter de Limeira foi aprovada pelo Conselho Deliberativo do Clube \ud83e\udd81\ud83d\udcb0<\/p>\n<p>O projeto \u00e9 liderado pelo empres\u00e1rio Enrico Ambrogini ao lado de investidores como Ronaldo, Roberto Carlos e o pr\u00edncipe saudita Abdullah bin Saad e outro\u2026 <a href=\"https:\/\/t.co\/zyfCpjQEE8\">pic.twitter.com\/zyfCpjQEE8<\/a><\/p>\n<p>\u2014 SportyNet (@SportyNetBrasil) <a href=\"https:\/\/x.com\/SportyNetBrasil\/status\/2094585483217064219?ref_src=twsrc%5Etfw\">September 1, 2026<\/a><\/p><\/blockquote>\n<p><script async src=\"https:\/\/platform.x.com\/widgets.js\" charset=\"utf-8\"><\/script><\/p>\n","protected":false},"excerpt":{"rendered":"<p>El Inter de Limeira fue fundado en el 1913 y ocupa la quinta posici\u00f3n del torneo Lima, 1 Setiembre 2026.- El Inter de Limeira, un peque\u00f1o club del interior de Sao Paulo, anunci\u00f3 la venta del 80% de sus acciones a un grupo de inversionistas que incluye a los excampeones mundiales Roberto Carlos y Ronaldo. [&hellip;]<\/p>\n","protected":false},"author":1,"featured_media":152971,"comment_status":"closed","ping_status":"closed","sticky":false,"template":"","format":"standard","meta":{"rop_custom_images_group":[],"rop_custom_messages_group":[],"rop_publish_now":"initial","rop_publish_now_accounts":[],"rop_publish_now_history":[],"rop_publish_now_status":"pending","footnotes":""},"categories":[8],"tags":[3231,3239],"class_list":["post-152970","post","type-post","status-publish","format-standard","has-post-thumbnail","hentry","category-disciplinas-deportivas","tag-roberto-carlos","tag-ronaldo"],"_links":{"self":[{"href":"https:\/\/elinformanteperu.com\/index.php\/wp-json\/wp\/v2\/posts\/152970","targetHints":{"allow":["GET"]}}],"collection":[{"href":"https:\/\/elinformanteperu.com\/index.php\/wp-json\/wp\/v2\/posts"}],"about":[{"href":"https:\/\/elinformanteperu.com\/index.php\/wp-json\/wp\/v2\/types\/post"}],"author":[{"embeddable":true,"href":"https:\/\/elinformanteperu.com\/index.php\/wp-json\/wp\/v2\/users\/1"}],"replies":[{"embeddable":true,"href":"https:\/\/elinformanteperu.com\/index.php\/wp-json\/wp\/v2\/comments?post=152970"}],"version-history":[{"count":1,"href":"https:\/\/elinformanteperu.com\/index.php\/wp-json\/wp\/v2\/posts\/152970\/revisions"}],"predecessor-version":[{"id":152972,"href":"https:\/\/elinformanteperu.com\/index.php\/wp-json\/wp\/v2\/posts\/152970\/revisions\/152972"}],"wp:featuredmedia":[{"embeddable":true,"href":"https:\/\/elinformanteperu.com\/index.php\/wp-json\/wp\/v2\/media\/152971"}],"wp:attachment":[{"href":"https:\/\/elinformanteperu.com\/index.php\/wp-json\/wp\/v2\/media?parent=152970"}],"wp:term":[{"taxonomy":"category","embeddable":true,"href":"https:\/\/elinformanteperu.com\/index.php\/wp-json\/wp\/v2\/categories?post=152970"},{"taxonomy":"post_tag","embeddable":true,"href":"https:\/\/elinformanteperu.com\/index.php\/wp-json\/wp\/v2\/tags?post=152970"}],"curies":[{"name":"wp","href":"https:\/\/api.w.org\/{rel}","templated":true}]}}