{"id":152967,"date":"2026-09-02T01:40:27","date_gmt":"2026-09-02T06:40:27","guid":{"rendered":"https:\/\/elinformanteperu.com\/?p=152967"},"modified":"2026-09-02T01:40:27","modified_gmt":"2026-09-02T06:40:27","slug":"el-barcelona-hizo-oficial-el-fichaje-del-delantero-brasileno-gabriel-jesus-hasta-el-2029","status":"publish","type":"post","link":"https:\/\/elinformanteperu.com\/index.php\/2026\/09\/02\/el-barcelona-hizo-oficial-el-fichaje-del-delantero-brasileno-gabriel-jesus-hasta-el-2029\/","title":{"rendered":"El Barcelona hizo oficial el fichaje del delantero brasile\u00f1o Gabriel Jes\u00fas hasta el 2029"},"content":{"rendered":"<p><strong><span style=\"color: #000000;\">La entidad catalana cerr\u00f3 un acuerdo de unos 10 millones de euros m\u00e1s variables con el Arsenal de Inglaterra<\/span><\/strong><\/p>\n<p><span style=\"color: #000000;\"><strong>Barcelona, 1 Setiembre 2026.-<\/strong> El Barcelona hizo oficial el fichaje del delantero centro brasile\u00f1o Gabriel Jesus, procedente del Arsenal, que firma un contrato de tres temporadas, hasta el 30 de junio de 2029.<\/span><\/p>\n<p><span style=\"color: #000000;\">La entidad catalana cierra un acuerdo de unos 10 millones de euros m\u00e1s variables con el club ingl\u00e9s para reforzar la posici\u00f3n de delantero centro ante la negativa del Atl\u00e9tico de Madrid a traspasar al internacional argentino Juli\u00e1n \u00c1lvarez, que la direcci\u00f3n deportiva azulgrana no descarta con vistas a las pr\u00f3ximas ventanas del mercado de fichajes.<\/span><\/p>\n<p><span style=\"color: #000000;\">Las primeras informaciones apuntaban a que Gabriel Jesus, de 29 a\u00f1os, firmar\u00eda por dos temporadas, hasta 2028, m\u00e1s otra opcional, pero finalmente el acuerdo entre las partes se ha cerrado por tres a\u00f1os fijos, seg\u00fan ha informado la entidad catalana.<\/span><\/p>\n<p><span style=\"color: #000000;\">El Bar\u00e7a ha esperado hasta los \u00faltimos dos d\u00edas de la ventana estival de fichajes para lanzarse a por un &#8216;9&#8217;, uno de los objetivos primordiales del t\u00e9cnico, Hansi Flick, y del director deportivo del club, Anderson Luis de Souza &#8216;Deco&#8217;, tras la marcha de los delanteros Robert Lewandowski y Ferran Torres.<\/span><\/p>\n<p><strong><span style=\"color: #000000;\">Objetivo fallido<\/span><\/strong><\/p>\n<p><span style=\"color: #000000;\">Juli\u00e1n \u00c1lvarez era el principal objetivo del Bar\u00e7a en esta ventana de fichajes para ocupar dicho puesto, pero la imposibilidad de negociar el traspaso del argentino con el Atl\u00e9tico de Madrid oblig\u00f3 al Bar\u00e7a a buscar una alternativa en el mercado.<\/span><\/p>\n<p><span style=\"color: #000000;\">El club azulgrana se decant\u00f3 finalmente por un atacante contrastado en el f\u00fatbol ingl\u00e9s, cuyo rendimiento en el Manchester City (2017-22) y el Arsenal (2022-26) ha estado marcado por los altibajos debido a las lesiones en la rodilla.<\/span><\/p>\n<p><span style=\"color: #000000;\">Pese a la llegada del delantero brasile\u00f1o, la entidad azulgrana sigue interesada en contratar, en un futuro, al jugador del Atl\u00e9tico de Madrid, campe\u00f3n del mundo con Argentina en Catar 2022, que este verano manifest\u00f3 p\u00fablicamente su intenci\u00f3n de abandonar la entidad rojiblanca, con preferencia por incorporarse al club catal\u00e1n.<\/span><\/p>\n<p><span style=\"color: #000000;\">Formado en el Palmeiras brasile\u00f1o, Gabriel Jes\u00fas, internacional con la selecci\u00f3n brasile\u00f1a, es un experimentado delantero centro que en el f\u00fatbol europeo ha marcado 127 goles, 95 en 236 partidos con el Manchester City y 32 en 123 duelos en las filas del Arsenal, su \u00faltimo club.<\/span><\/p>\n<p><span style=\"color: #000000;\">En verano de 2022, el club londinense pag\u00f3 algo m\u00e1s de 50 millones de euros al club mancuniano por su fichaje.<\/span><\/p>\n<p><span style=\"color: #000000;\">Su rendimiento en Londres ha sido algo irregular debido a la rotura del ligamento cruzado anterior de la rodilla izquierda que sufri\u00f3 en enero de 2025. Tras recuperarse de esta grave lesi\u00f3n, Gabriel Jes\u00fas jug\u00f3 el curso pasado 27 partidos en los que anot\u00f3 6 tantos.<strong>\u00a0(ANDINA).<\/strong><\/span><\/p>\n<blockquote class=\"twitter-tweet\">\n<p dir=\"ltr\" lang=\"es\">Presi\u00f3n. Intensidad. Instinto. Gol.<br \/>\nLl\u00e1malo Gabriel Jesus. <a href=\"https:\/\/t.co\/cGZkbNzrdF\">pic.twitter.com\/cGZkbNzrdF<\/a><\/p>\n<p>\u2014 FC Barcelona (@FCBarcelona_es) <a href=\"https:\/\/x.com\/FCBarcelona_es\/status\/2094769871468802485?ref_src=twsrc%5Etfw\">September 1, 2026<\/a><\/p><\/blockquote>\n<p><script async src=\"https:\/\/platform.x.com\/widgets.js\" charset=\"utf-8\"><\/script><\/p>\n","protected":false},"excerpt":{"rendered":"<p>La entidad catalana cerr\u00f3 un acuerdo de unos 10 millones de euros m\u00e1s variables con el Arsenal de Inglaterra Barcelona, 1 Setiembre 2026.- El Barcelona hizo oficial el fichaje del delantero centro brasile\u00f1o Gabriel Jesus, procedente del Arsenal, que firma un contrato de tres temporadas, hasta el 30 de junio de 2029. La entidad catalana [&hellip;]<\/p>\n","protected":false},"author":1,"featured_media":152968,"comment_status":"closed","ping_status":"closed","sticky":false,"template":"","format":"standard","meta":{"rop_custom_images_group":[],"rop_custom_messages_group":[],"rop_publish_now":"initial","rop_publish_now_accounts":[],"rop_publish_now_history":[],"rop_publish_now_status":"pending","footnotes":""},"categories":[1],"tags":[303,667],"class_list":["post-152967","post","type-post","status-publish","format-standard","has-post-thumbnail","hentry","category-uncategorized","tag-barcelona","tag-gabriel-jesus"],"_links":{"self":[{"href":"https:\/\/elinformanteperu.com\/index.php\/wp-json\/wp\/v2\/posts\/152967","targetHints":{"allow":["GET"]}}],"collection":[{"href":"https:\/\/elinformanteperu.com\/index.php\/wp-json\/wp\/v2\/posts"}],"about":[{"href":"https:\/\/elinformanteperu.com\/index.php\/wp-json\/wp\/v2\/types\/post"}],"author":[{"embeddable":true,"href":"https:\/\/elinformanteperu.com\/index.php\/wp-json\/wp\/v2\/users\/1"}],"replies":[{"embeddable":true,"href":"https:\/\/elinformanteperu.com\/index.php\/wp-json\/wp\/v2\/comments?post=152967"}],"version-history":[{"count":1,"href":"https:\/\/elinformanteperu.com\/index.php\/wp-json\/wp\/v2\/posts\/152967\/revisions"}],"predecessor-version":[{"id":152969,"href":"https:\/\/elinformanteperu.com\/index.php\/wp-json\/wp\/v2\/posts\/152967\/revisions\/152969"}],"wp:featuredmedia":[{"embeddable":true,"href":"https:\/\/elinformanteperu.com\/index.php\/wp-json\/wp\/v2\/media\/152968"}],"wp:attachment":[{"href":"https:\/\/elinformanteperu.com\/index.php\/wp-json\/wp\/v2\/media?parent=152967"}],"wp:term":[{"taxonomy":"category","embeddable":true,"href":"https:\/\/elinformanteperu.com\/index.php\/wp-json\/wp\/v2\/categories?post=152967"},{"taxonomy":"post_tag","embeddable":true,"href":"https:\/\/elinformanteperu.com\/index.php\/wp-json\/wp\/v2\/tags?post=152967"}],"curies":[{"name":"wp","href":"https:\/\/api.w.org\/{rel}","templated":true}]}}