{"id":152957,"date":"2026-09-02T01:20:26","date_gmt":"2026-09-02T06:20:26","guid":{"rendered":"https:\/\/elinformanteperu.com\/?p=152957"},"modified":"2026-09-02T01:20:26","modified_gmt":"2026-09-02T06:20:26","slug":"edith-barr-murio-una-grande-del-criollismo-a-los-90-anos","status":"publish","type":"post","link":"https:\/\/elinformanteperu.com\/index.php\/2026\/09\/02\/edith-barr-murio-una-grande-del-criollismo-a-los-90-anos\/","title":{"rendered":"Edith Barr: muri\u00f3 una grande del criollismo a los 90 a\u00f1os"},"content":{"rendered":"<p><span style=\"color: #000000;\"><strong>Lima, 1 Setiembre 2026.-<\/strong> Edith Barr, una de las voces m\u00e1s importantes del criollismo, muri\u00f3 a los 90 a\u00f1os. La noticia la confirm\u00f3 su hija Mily Salvany.<\/span><\/p>\n<p><span style=\"color: #000000;\">Barr, mejor conocida como la \u00abFlor Morena de la Canci\u00f3n Criolla\u00bb, se encontraba alejada de la vida p\u00fablica tras d\u00e9cadas de entregarnos su arte y hace algunos d\u00edas fue internada de emergencia debido a una embolia pulmonar.<\/span><\/p>\n<p><span style=\"color: #000000;\">Fue la int\u00e9rprete Cecilia Bracamonte quien dio a conocer la triste noticia \u00abinolvidable Edith, mi coraz\u00f3n est\u00e1 triste por tu partida\u00bb, dijo en sus redes sociales.<\/span><\/p>\n<p><span style=\"color: #000000;\">\u00abComadre, amiga, compa\u00f1era y mi \u00fanica referente, he tenido la dicha de que hayamos sido todas estas cosas en la vida. Momentos inolvidables que nunca he dejado de recordar, risas y tambi\u00e9n l\u00e1grimas que estar\u00e1n siempre en mi coraz\u00f3n\u00bb, expres\u00f3.<\/span><\/p>\n<p><span style=\"color: #000000;\">\u00abGracias por tu talento, por tus ense\u00f1anzas y tu entrega por la m\u00fasica. He tratado de seguir tu ejemplo y creo que dio sus resultados, por eso te agradecer\u00e9 siempre, por lo que sembraste en m\u00ed y por el ejemplo que me diste, sin querer queriendo. Porque antes que todo y que nada, \u00e9ramos amigas. Te recordar\u00e9 por siempre\u00bb, dijo en en su emotivo mensaje.<strong> (ANDINA).<\/strong><\/span><\/p>\n<p><iframe title=\"Producciones Iempsa - Edith Barr - Lime\u00f1a (Visualizer Oficial )\" width=\"615\" height=\"346\" src=\"https:\/\/www.youtube.com\/embed\/Nf7aLeBXXlk?feature=oembed\" frameborder=\"0\" allow=\"accelerometer; autoplay; clipboard-write; encrypted-media; gyroscope; picture-in-picture; web-share\" referrerpolicy=\"strict-origin-when-cross-origin\" allowfullscreen><\/iframe><\/p>\n","protected":false},"excerpt":{"rendered":"<p>Lima, 1 Setiembre 2026.- Edith Barr, una de las voces m\u00e1s importantes del criollismo, muri\u00f3 a los 90 a\u00f1os. La noticia la confirm\u00f3 su hija Mily Salvany. Barr, mejor conocida como la \u00abFlor Morena de la Canci\u00f3n Criolla\u00bb, se encontraba alejada de la vida p\u00fablica tras d\u00e9cadas de entregarnos su arte y hace algunos d\u00edas [&hellip;]<\/p>\n","protected":false},"author":1,"featured_media":152958,"comment_status":"closed","ping_status":"closed","sticky":false,"template":"","format":"standard","meta":{"rop_custom_images_group":[],"rop_custom_messages_group":[],"rop_publish_now":"initial","rop_publish_now_accounts":[],"rop_publish_now_history":[],"rop_publish_now_status":"pending","footnotes":""},"categories":[69],"tags":[],"class_list":["post-152957","post","type-post","status-publish","format-standard","has-post-thumbnail","hentry","category-musica"],"_links":{"self":[{"href":"https:\/\/elinformanteperu.com\/index.php\/wp-json\/wp\/v2\/posts\/152957","targetHints":{"allow":["GET"]}}],"collection":[{"href":"https:\/\/elinformanteperu.com\/index.php\/wp-json\/wp\/v2\/posts"}],"about":[{"href":"https:\/\/elinformanteperu.com\/index.php\/wp-json\/wp\/v2\/types\/post"}],"author":[{"embeddable":true,"href":"https:\/\/elinformanteperu.com\/index.php\/wp-json\/wp\/v2\/users\/1"}],"replies":[{"embeddable":true,"href":"https:\/\/elinformanteperu.com\/index.php\/wp-json\/wp\/v2\/comments?post=152957"}],"version-history":[{"count":1,"href":"https:\/\/elinformanteperu.com\/index.php\/wp-json\/wp\/v2\/posts\/152957\/revisions"}],"predecessor-version":[{"id":152959,"href":"https:\/\/elinformanteperu.com\/index.php\/wp-json\/wp\/v2\/posts\/152957\/revisions\/152959"}],"wp:featuredmedia":[{"embeddable":true,"href":"https:\/\/elinformanteperu.com\/index.php\/wp-json\/wp\/v2\/media\/152958"}],"wp:attachment":[{"href":"https:\/\/elinformanteperu.com\/index.php\/wp-json\/wp\/v2\/media?parent=152957"}],"wp:term":[{"taxonomy":"category","embeddable":true,"href":"https:\/\/elinformanteperu.com\/index.php\/wp-json\/wp\/v2\/categories?post=152957"},{"taxonomy":"post_tag","embeddable":true,"href":"https:\/\/elinformanteperu.com\/index.php\/wp-json\/wp\/v2\/tags?post=152957"}],"curies":[{"name":"wp","href":"https:\/\/api.w.org\/{rel}","templated":true}]}}