{"id":152951,"date":"2026-09-01T03:26:35","date_gmt":"2026-09-01T08:26:35","guid":{"rendered":"https:\/\/elinformanteperu.com\/?p=152951"},"modified":"2026-09-01T03:26:36","modified_gmt":"2026-09-01T08:26:36","slug":"congreso-comision-del-senado-acuerda-convocar-a-cinco-ministros-de-estado","status":"publish","type":"post","link":"https:\/\/elinformanteperu.com\/index.php\/2026\/09\/01\/congreso-comision-del-senado-acuerda-convocar-a-cinco-ministros-de-estado\/","title":{"rendered":"Congreso: Comisi\u00f3n del Senado acuerda convocar a cinco ministros de Estado"},"content":{"rendered":"<p><span style=\"color: #000000;\"><strong>Lima, 31 Agosto 2026.-<\/strong> La Comisi\u00f3n en asuntos de Salud, Educaci\u00f3n, Cultura, Mujer y Desarrollo Social y Digital del Senado, acord\u00f3 invitar a cinco ministros de Estado para que informen sobre la situaci\u00f3n actual de sus respectivos sectores y las principales acciones que desarrollar\u00e1n durante el periodo 2026-2027.<\/span><\/p>\n<p><span style=\"color: #000000;\">El acuerdo fue adoptado durante la primera sesi\u00f3n ordinaria de este grupo parlamentario y comprende la convocatoria a los ministros de Salud, Luis Dyer; de Educaci\u00f3n, Jos\u00e9 Chang; de Cultura, Alberto Beingolea; de la Mujer y Poblaciones Vulnerables, Mara Seminario; y de Desarrollo e Inclusi\u00f3n Social, Maritza Canales.<\/span><\/p>\n<p><span style=\"color: #000000;\">Los titulares de estas carteras deber\u00e1n exponer ante la comisi\u00f3n el estado situacional de cada sector, as\u00ed como sus principales lineamientos de gesti\u00f3n, las pol\u00edticas que proyectan implementar y los objetivos, metas e indicadores establecidos para el presente a\u00f1o.<\/span><\/p>\n<p><span style=\"color: #000000;\">Asimismo, los ministros deber\u00e1n informar y responder sobre los temas que propongan los integrantes de la comisi\u00f3n, con el prop\u00f3sito de conocer los principales problemas, necesidades y desaf\u00edos existentes en los sectores comprendidos dentro de su \u00e1mbito de competencia.<\/span><\/p>\n<p><span style=\"color: #000000;\">\u201cDe acuerdo con lo aprobado se priorizar\u00e1 la concurrencia de los ministros\u201d, dijo el vicepresidente de la comisi\u00f3n, Jos\u00e9 Chipana (Juntos por el Per\u00fa), quien condujo la sesi\u00f3n.<\/span><\/p>\n<p><strong><span style=\"color: #000000;\">Plan de trabajo<\/span><\/strong><\/p>\n<p><span style=\"color: #000000;\">Previamente, la comisi\u00f3n debati\u00f3 su Plan de Trabajo para el Per\u00edodo Anual de Sesiones 2026-2027, el mismo que ser\u00e1 sometido a votaci\u00f3n en una pr\u00f3xima sesi\u00f3n debido a que se incluir\u00e1n las sugerencias alcanzadas por diferentes senadores.<\/span><\/p>\n<p><span style=\"color: #000000;\">Dicho instrumento orientar\u00e1 la labor legislativa, de seguimiento y fiscalizaci\u00f3n, control pol\u00edtico y representaci\u00f3n del grupo parlamentario. El documento establece que estas acciones deber\u00e1n desarrollarse con criterios de especializaci\u00f3n, pluralidad, sustento t\u00e9cnico, transparencia y orientaci\u00f3n a resultados.<\/span><\/p>\n<p><span style=\"color: #000000;\">\u201cHemos organizado el plan de la comisi\u00f3n en siete macro ejes: salud y poblaci\u00f3n; educaci\u00f3n, juventud y deporte; ciencia, tecnolog\u00eda, innovaci\u00f3n y desarrollo digital; cultura y patrimonio cultural; mujer, familia, ni\u00f1ez, adolescencia, personas adultas mayores y cuidados; inclusi\u00f3n social, personas con discapacidad y protecci\u00f3n social; e interculturalidad, pueblos ind\u00edgenas, originarios y pueblo afroperuano\u201d, inform\u00f3 el vicepresidente de la comisi\u00f3n, Jos\u00e9 Chipana Chipana (Juntos por el Per\u00fa).<strong> (ANDINA).<\/strong><\/span><\/p>\n<p><a href=\"https:\/\/elinformanteperu.com\/wp-content\/uploads\/2025\/10\/congreso-fachada.webp\"><img fetchpriority=\"high\" decoding=\"async\" class=\" wp-image-143233 aligncenter\" src=\"https:\/\/elinformanteperu.com\/wp-content\/uploads\/2025\/10\/congreso-fachada.webp\" alt=\"\" width=\"787\" height=\"524\" srcset=\"https:\/\/elinformanteperu.com\/wp-content\/uploads\/2025\/10\/congreso-fachada.webp 500w, https:\/\/elinformanteperu.com\/wp-content\/uploads\/2025\/10\/congreso-fachada-300x200.webp 300w\" sizes=\"(max-width: 787px) 100vw, 787px\" \/><\/a><\/p>\n","protected":false},"excerpt":{"rendered":"<p>Lima, 31 Agosto 2026.- La Comisi\u00f3n en asuntos de Salud, Educaci\u00f3n, Cultura, Mujer y Desarrollo Social y Digital del Senado, acord\u00f3 invitar a cinco ministros de Estado para que informen sobre la situaci\u00f3n actual de sus respectivos sectores y las principales acciones que desarrollar\u00e1n durante el periodo 2026-2027. El acuerdo fue adoptado durante la primera [&hellip;]<\/p>\n","protected":false},"author":1,"featured_media":142360,"comment_status":"closed","ping_status":"closed","sticky":false,"template":"","format":"standard","meta":{"rop_custom_images_group":[],"rop_custom_messages_group":[],"rop_publish_now":"initial","rop_publish_now_accounts":[],"rop_publish_now_history":[],"rop_publish_now_status":"pending","footnotes":""},"categories":[5,5745],"tags":[192,1421,2013],"class_list":["post-152951","post","type-post","status-publish","format-standard","has-post-thumbnail","hentry","category-actualidad-informativa","category-lo-ultimo","tag-congreso","tag-poder-ejecutivo","tag-poder-legislativo"],"_links":{"self":[{"href":"https:\/\/elinformanteperu.com\/index.php\/wp-json\/wp\/v2\/posts\/152951","targetHints":{"allow":["GET"]}}],"collection":[{"href":"https:\/\/elinformanteperu.com\/index.php\/wp-json\/wp\/v2\/posts"}],"about":[{"href":"https:\/\/elinformanteperu.com\/index.php\/wp-json\/wp\/v2\/types\/post"}],"author":[{"embeddable":true,"href":"https:\/\/elinformanteperu.com\/index.php\/wp-json\/wp\/v2\/users\/1"}],"replies":[{"embeddable":true,"href":"https:\/\/elinformanteperu.com\/index.php\/wp-json\/wp\/v2\/comments?post=152951"}],"version-history":[{"count":1,"href":"https:\/\/elinformanteperu.com\/index.php\/wp-json\/wp\/v2\/posts\/152951\/revisions"}],"predecessor-version":[{"id":152952,"href":"https:\/\/elinformanteperu.com\/index.php\/wp-json\/wp\/v2\/posts\/152951\/revisions\/152952"}],"wp:featuredmedia":[{"embeddable":true,"href":"https:\/\/elinformanteperu.com\/index.php\/wp-json\/wp\/v2\/media\/142360"}],"wp:attachment":[{"href":"https:\/\/elinformanteperu.com\/index.php\/wp-json\/wp\/v2\/media?parent=152951"}],"wp:term":[{"taxonomy":"category","embeddable":true,"href":"https:\/\/elinformanteperu.com\/index.php\/wp-json\/wp\/v2\/categories?post=152951"},{"taxonomy":"post_tag","embeddable":true,"href":"https:\/\/elinformanteperu.com\/index.php\/wp-json\/wp\/v2\/tags?post=152951"}],"curies":[{"name":"wp","href":"https:\/\/api.w.org\/{rel}","templated":true}]}}