{"id":152933,"date":"2026-09-01T02:25:10","date_gmt":"2026-09-01T07:25:10","guid":{"rendered":"https:\/\/elinformanteperu.com\/?p=152933"},"modified":"2026-09-01T02:25:10","modified_gmt":"2026-09-01T07:25:10","slug":"candidatos-a-gobernadores-regionales-debatiran-a-partir-del-8-de-setiembre","status":"publish","type":"post","link":"https:\/\/elinformanteperu.com\/index.php\/2026\/09\/01\/candidatos-a-gobernadores-regionales-debatiran-a-partir-del-8-de-setiembre\/","title":{"rendered":"Candidatos a gobernadores regionales debatir\u00e1n a partir del 8 de setiembre"},"content":{"rendered":"<p><strong><span style=\"color: #000000;\">Jornadas de difusi\u00f3n de propuestas se inician en Jun\u00edn, informa el JNE<\/span><\/strong><\/p>\n<p><span style=\"color: #000000;\"><strong>Lima, 31 Agosto 2026.-<\/strong> A partir del martes 8 de setiembre las principales ciudades de las regiones del pa\u00eds ser\u00e1n escenario de debates entre los candidatos a gobernador en las elecciones regionales del 4 de octubre.<\/span><\/p>\n<p><span style=\"color: #000000;\">En declaraciones a la Agencia Andina, el director de Educaci\u00f3n, Participaci\u00f3n y Formaci\u00f3n C\u00edvica Electoral. del Jurado Nacional de Elecciones (JNE), Carlos Vilela, inform\u00f3 que dichas jornadas se iniciar\u00e1n en Jun\u00edn, en la fecha mencionada, y que est\u00e1n siendo organizadas por la entidad que encabeza al Sistema Electoral en el pa\u00eds.<\/span><\/p>\n<p><span style=\"color: #000000;\">Posteriormente, el mi\u00e9rcoles 9 de setiembre, el intercambio y difusi\u00f3n de propuestas electorales se efectuar\u00e1n, de manera simult\u00e1nea, en Ica, Moquegua y Piura, indic\u00f3.<\/span><\/p>\n<p><span style=\"color: #000000;\">En los d\u00edas posteriores se efectuar\u00e1n similares debates en las dem\u00e1s regiones del pa\u00eds; jornadas que culminar\u00e1n los d\u00edas 21 y 22 de setiembre; d\u00edas en los que se efectuar\u00e1n los debates entre los postulantes a la Alcald\u00eda de Lima Metropolitana.<\/span><\/p>\n<p><a href=\"https:\/\/elinformanteperu.com\/wp-content\/uploads\/2024\/03\/jne55.jpg\"><img fetchpriority=\"high\" decoding=\"async\" class=\"size-large wp-image-119506 aligncenter\" src=\"https:\/\/elinformanteperu.com\/wp-content\/uploads\/2024\/03\/jne55-1024x683.jpg\" alt=\"\" width=\"615\" height=\"410\" srcset=\"https:\/\/elinformanteperu.com\/wp-content\/uploads\/2024\/03\/jne55-1024x683.jpg 1024w, https:\/\/elinformanteperu.com\/wp-content\/uploads\/2024\/03\/jne55-300x200.jpg 300w, https:\/\/elinformanteperu.com\/wp-content\/uploads\/2024\/03\/jne55-768x512.jpg 768w, https:\/\/elinformanteperu.com\/wp-content\/uploads\/2024\/03\/jne55-1536x1024.jpg 1536w, https:\/\/elinformanteperu.com\/wp-content\/uploads\/2024\/03\/jne55.jpg 1800w\" sizes=\"(max-width: 615px) 100vw, 615px\" \/><\/a><strong><span style=\"color: #000000;\">\u2018Voto Informado\u2019<\/span><\/strong><\/p>\n<p><span style=\"color: #000000;\">El funcionario se\u00f1al\u00f3 que el cronograma podr\u00e1 conocerse pr\u00f3ximamente en la p\u00e1gina web del JNE, ingresando a la secci\u00f3n\u00a0&#8216;Voto Informado&#8217;.<\/span><\/p>\n<p><span style=\"color: #000000;\">En este enlace se podr\u00e1n encontrar los registros audiovisuales de cada debate, se\u00f1al\u00f3 Vilela. Asimismo, se consignar\u00e1n las hojas de vida de los candidatos participantes en la carrera para ser gobernadores, vicegobernadores y consejeros regionales, adem\u00e1s de alcaldes y regidores municipales provinciales y distritales, indic\u00f3,<\/span><\/p>\n<p><span style=\"color: #000000;\">De la misma manera, all\u00ed podr\u00e1n ubicarse los planes de gobierno de las organizaciones participantes en los comicios regionales y municipales.<\/span><\/p>\n<p><span style=\"color: #000000;\">\u201cEs importante que toda la ciudadan\u00eda conozca qu\u00e9 es lo que est\u00e1n proponiendo los candidatos en cada una de las localidades donde uno vive\u201d, expres\u00f3.<\/span><\/p>\n<p><span style=\"color: #000000;\">En cuanto a la posibilidad de que se convoque a debates entre los candidatos a las alcald\u00edas provinciales y distritales del resto del pa\u00eds, el representante del JNE consider\u00f3 que, al tratarse de m\u00e1s de 1900 municipalidades, \u201cel soporte log\u00edstico ser\u00eda bastante complejo\u201d.<\/span><\/p>\n<p><span style=\"color: #000000;\">\u201cSin perjuicio de ello, estamos haciendo grandes esfuerzos para que toda la ciudadan\u00eda conozca las propuestas de las organizaciones pol\u00edticas desde las gobernaciones regionales\u201d, expres\u00f3. <strong>(ANDINA).<\/strong><\/span><\/p>\n<p><a href=\"https:\/\/elinformanteperu.com\/wp-content\/uploads\/2026\/08\/JNE-plataforma-voto-informado.jpg\"><img decoding=\"async\" class=\" wp-image-151830 aligncenter\" src=\"https:\/\/elinformanteperu.com\/wp-content\/uploads\/2026\/08\/JNE-plataforma-voto-informado.jpg\" alt=\"\" width=\"671\" height=\"449\" srcset=\"https:\/\/elinformanteperu.com\/wp-content\/uploads\/2026\/08\/JNE-plataforma-voto-informado.jpg 844w, https:\/\/elinformanteperu.com\/wp-content\/uploads\/2026\/08\/JNE-plataforma-voto-informado-300x201.jpg 300w, https:\/\/elinformanteperu.com\/wp-content\/uploads\/2026\/08\/JNE-plataforma-voto-informado-768x514.jpg 768w\" sizes=\"(max-width: 671px) 100vw, 671px\" \/><\/a><\/p>\n","protected":false},"excerpt":{"rendered":"<p>Jornadas de difusi\u00f3n de propuestas se inician en Jun\u00edn, informa el JNE Lima, 31 Agosto 2026.- A partir del martes 8 de setiembre las principales ciudades de las regiones del pa\u00eds ser\u00e1n escenario de debates entre los candidatos a gobernador en las elecciones regionales del 4 de octubre. En declaraciones a la Agencia Andina, el [&hellip;]<\/p>\n","protected":false},"author":1,"featured_media":152934,"comment_status":"closed","ping_status":"closed","sticky":false,"template":"","format":"standard","meta":{"rop_custom_images_group":[],"rop_custom_messages_group":[],"rop_publish_now":"initial","rop_publish_now_accounts":[],"rop_publish_now_history":[],"rop_publish_now_status":"pending","footnotes":""},"categories":[10],"tags":[8841,184,185],"class_list":["post-152933","post","type-post","status-publish","format-standard","has-post-thumbnail","hentry","category-actualidad-municipal","tag-erm-2026","tag-jne","tag-jurado-nacional-de-elecciones"],"_links":{"self":[{"href":"https:\/\/elinformanteperu.com\/index.php\/wp-json\/wp\/v2\/posts\/152933","targetHints":{"allow":["GET"]}}],"collection":[{"href":"https:\/\/elinformanteperu.com\/index.php\/wp-json\/wp\/v2\/posts"}],"about":[{"href":"https:\/\/elinformanteperu.com\/index.php\/wp-json\/wp\/v2\/types\/post"}],"author":[{"embeddable":true,"href":"https:\/\/elinformanteperu.com\/index.php\/wp-json\/wp\/v2\/users\/1"}],"replies":[{"embeddable":true,"href":"https:\/\/elinformanteperu.com\/index.php\/wp-json\/wp\/v2\/comments?post=152933"}],"version-history":[{"count":1,"href":"https:\/\/elinformanteperu.com\/index.php\/wp-json\/wp\/v2\/posts\/152933\/revisions"}],"predecessor-version":[{"id":152936,"href":"https:\/\/elinformanteperu.com\/index.php\/wp-json\/wp\/v2\/posts\/152933\/revisions\/152936"}],"wp:featuredmedia":[{"embeddable":true,"href":"https:\/\/elinformanteperu.com\/index.php\/wp-json\/wp\/v2\/media\/152934"}],"wp:attachment":[{"href":"https:\/\/elinformanteperu.com\/index.php\/wp-json\/wp\/v2\/media?parent=152933"}],"wp:term":[{"taxonomy":"category","embeddable":true,"href":"https:\/\/elinformanteperu.com\/index.php\/wp-json\/wp\/v2\/categories?post=152933"},{"taxonomy":"post_tag","embeddable":true,"href":"https:\/\/elinformanteperu.com\/index.php\/wp-json\/wp\/v2\/tags?post=152933"}],"curies":[{"name":"wp","href":"https:\/\/api.w.org\/{rel}","templated":true}]}}