{"id":152929,"date":"2026-09-01T02:17:35","date_gmt":"2026-09-01T07:17:35","guid":{"rendered":"https:\/\/elinformanteperu.com\/?p=152929"},"modified":"2026-09-01T02:17:35","modified_gmt":"2026-09-01T07:17:35","slug":"miguel-cordano-destaca-deseo-de-los-chalacos-para-la-construccion-de-una-nueva-region","status":"publish","type":"post","link":"https:\/\/elinformanteperu.com\/index.php\/2026\/09\/01\/miguel-cordano-destaca-deseo-de-los-chalacos-para-la-construccion-de-una-nueva-region\/","title":{"rendered":"Miguel Cordano destaca deseo de los chalacos para la construcci\u00f3n de una nueva regi\u00f3n"},"content":{"rendered":"<p><strong><span style=\"color: #000000;\">\u2022 Candidato al Gobierno Regional del Callao por Fuerza Popular encabez\u00f3 multitudinaria caravana en Ventanilla.<\/span><\/strong><\/p>\n<p><span style=\"color: #000000;\"><strong>Lima, 31 Agosto 2026 (El Informante Per\u00fa).-<\/strong> Con el firme prop\u00f3sito de seguir recorriendo las calles del primer puerto, el candidato al Gobierno Regional del Callao por Fuerza Popular, Miguel Cordano, encabez\u00f3 una inmensa caravana y caminata por el distrito de Ventanilla acompa\u00f1ado de decenas de simpatizantes.<\/span><\/p>\n<p><span style=\"color: #000000;\">En la actividad participaron vecinos de Ventanilla, Mi Per\u00fa, Pachac\u00fatec y otros sectores del Callao Sur, quienes acompa\u00f1aron al aspirante regional ofreciendo muestras de respaldo.<\/span><\/p>\n<p><span style=\"color: #000000;\">\u00abMe emociona ver la fuerza de una comunidad que quiere ser escuchada y participar en la construcci\u00f3n de una nueva regi\u00f3n Callao\u00bb, sostuvo Cordano qui\u00e9n agradeci\u00f3 el apoyo que le brinda el pueblo chalaco.<\/span><\/p>\n<p><span style=\"color: #000000;\">\u00abM\u00e1s de 3 km de chalacos me acompa\u00f1aron, muy comprometidos con la recuperaci\u00f3n del Callao hicieron que esta gran caminata y caravana fuera un \u00e9xito total\u00bb, expres\u00f3 muy agradecido.<\/span><\/p>\n<p><a href=\"https:\/\/elinformanteperu.com\/wp-content\/uploads\/2026\/09\/Miguel-Cordano-candidato-region-callao-FP1.jpg\"><img fetchpriority=\"high\" decoding=\"async\" class=\"size-full wp-image-152931 aligncenter\" src=\"https:\/\/elinformanteperu.com\/wp-content\/uploads\/2026\/09\/Miguel-Cordano-candidato-region-callao-FP1.jpg\" alt=\"\" width=\"810\" height=\"540\" srcset=\"https:\/\/elinformanteperu.com\/wp-content\/uploads\/2026\/09\/Miguel-Cordano-candidato-region-callao-FP1.jpg 810w, https:\/\/elinformanteperu.com\/wp-content\/uploads\/2026\/09\/Miguel-Cordano-candidato-region-callao-FP1-300x200.jpg 300w, https:\/\/elinformanteperu.com\/wp-content\/uploads\/2026\/09\/Miguel-Cordano-candidato-region-callao-FP1-768x512.jpg 768w\" sizes=\"(max-width: 810px) 100vw, 810px\" \/><\/a><\/p>\n","protected":false},"excerpt":{"rendered":"<p>\u2022 Candidato al Gobierno Regional del Callao por Fuerza Popular encabez\u00f3 multitudinaria caravana en Ventanilla. Lima, 31 Agosto 2026 (El Informante Per\u00fa).- Con el firme prop\u00f3sito de seguir recorriendo las calles del primer puerto, el candidato al Gobierno Regional del Callao por Fuerza Popular, Miguel Cordano, encabez\u00f3 una inmensa caravana y caminata por el distrito [&hellip;]<\/p>\n","protected":false},"author":1,"featured_media":152930,"comment_status":"closed","ping_status":"closed","sticky":false,"template":"","format":"standard","meta":{"rop_custom_images_group":[],"rop_custom_messages_group":[],"rop_publish_now":"initial","rop_publish_now_accounts":[],"rop_publish_now_history":[],"rop_publish_now_status":"pending","footnotes":""},"categories":[10],"tags":[535,8841,330],"class_list":["post-152929","post","type-post","status-publish","format-standard","has-post-thumbnail","hentry","category-actualidad-municipal","tag-callao","tag-erm-2026","tag-gobierno-regional-del-callao"],"_links":{"self":[{"href":"https:\/\/elinformanteperu.com\/index.php\/wp-json\/wp\/v2\/posts\/152929","targetHints":{"allow":["GET"]}}],"collection":[{"href":"https:\/\/elinformanteperu.com\/index.php\/wp-json\/wp\/v2\/posts"}],"about":[{"href":"https:\/\/elinformanteperu.com\/index.php\/wp-json\/wp\/v2\/types\/post"}],"author":[{"embeddable":true,"href":"https:\/\/elinformanteperu.com\/index.php\/wp-json\/wp\/v2\/users\/1"}],"replies":[{"embeddable":true,"href":"https:\/\/elinformanteperu.com\/index.php\/wp-json\/wp\/v2\/comments?post=152929"}],"version-history":[{"count":1,"href":"https:\/\/elinformanteperu.com\/index.php\/wp-json\/wp\/v2\/posts\/152929\/revisions"}],"predecessor-version":[{"id":152932,"href":"https:\/\/elinformanteperu.com\/index.php\/wp-json\/wp\/v2\/posts\/152929\/revisions\/152932"}],"wp:featuredmedia":[{"embeddable":true,"href":"https:\/\/elinformanteperu.com\/index.php\/wp-json\/wp\/v2\/media\/152930"}],"wp:attachment":[{"href":"https:\/\/elinformanteperu.com\/index.php\/wp-json\/wp\/v2\/media?parent=152929"}],"wp:term":[{"taxonomy":"category","embeddable":true,"href":"https:\/\/elinformanteperu.com\/index.php\/wp-json\/wp\/v2\/categories?post=152929"},{"taxonomy":"post_tag","embeddable":true,"href":"https:\/\/elinformanteperu.com\/index.php\/wp-json\/wp\/v2\/tags?post=152929"}],"curies":[{"name":"wp","href":"https:\/\/api.w.org\/{rel}","templated":true}]}}