{"id":152919,"date":"2026-09-01T02:04:39","date_gmt":"2026-09-01T07:04:39","guid":{"rendered":"https:\/\/elinformanteperu.com\/?p=152919"},"modified":"2026-09-01T02:04:39","modified_gmt":"2026-09-01T07:04:39","slug":"reggiardo-anuncia-proceso-para-poner-en-servicio-el-tren-lima-chosica","status":"publish","type":"post","link":"https:\/\/elinformanteperu.com\/index.php\/2026\/09\/01\/reggiardo-anuncia-proceso-para-poner-en-servicio-el-tren-lima-chosica\/","title":{"rendered":"Reggiardo anuncia proceso para poner en servicio el Tren Lima-Chosica"},"content":{"rendered":"<p><strong><span style=\"color: #000000;\">Los coches ser\u00e1n trasladados progresivamente al patio de maniobras y mantenimiento de Chosica, mientras se eval\u00faa destinar parte de ellos a Puno y Tacna .<\/span><\/strong><\/p>\n<p><span style=\"color: #000000;\"><strong>Lima, 31 Agosto 2026 (El Informante Per\u00fa).-<\/strong> El alcalde de Lima, Renzo Reggiardo, anunci\u00f3 que pr\u00f3ximamente continuar\u00e1 el traslado de los coches ferroviarios donados a la capital hacia el patio de maniobras y mantenimiento ubicado en Chosica, como parte del proceso para ponerlos en servicio.<\/span><\/p>\n<p><span style=\"color: #000000;\">La autoridad edil inform\u00f3 que recientemente sostuvo una reuni\u00f3n con ejecutivos de ProInversi\u00f3n y se\u00f1al\u00f3 que tambi\u00e9n abord\u00f3 este tema con la presidenta de la rep\u00fablica, Keiko Fujimori.<\/span><\/p>\n<p><span style=\"color: #000000;\">\u201cEl Gobierno central va a derivarle a ProInversi\u00f3n todo lo concerniente al contrato y todo lo pendiente respecto a la movilizaci\u00f3n del tren. El tren se va a mover, yo se lo digo porque lo he conversado con la propia presidenta de la rep\u00fablica. Hay que cumplir con los procedimientos y los plazos, pero hacia eso estamos yendo y va a empezar a funcionar pronto\u201d, afirm\u00f3.<\/span><\/p>\n<p><span style=\"color: #000000;\">En esa l\u00ednea, explic\u00f3 que los coches ser\u00e1n trasladados progresivamente a Chosica para continuar con los trabajos de mantenimiento y preparaci\u00f3n necesarios antes de su puesta en funcionamiento. Record\u00f3 que, en una primera etapa, cinco coches ya fueron movilizados mediante una locomotora hasta este patio de maniobras.<\/span><\/p>\n<p><a href=\"https:\/\/elinformanteperu.com\/wp-content\/uploads\/2026\/09\/reggiardo-tren1.jpg\"><img fetchpriority=\"high\" decoding=\"async\" class=\"size-full wp-image-152921 aligncenter\" src=\"https:\/\/elinformanteperu.com\/wp-content\/uploads\/2026\/09\/reggiardo-tren1.jpg\" alt=\"\" width=\"1024\" height=\"683\" srcset=\"https:\/\/elinformanteperu.com\/wp-content\/uploads\/2026\/09\/reggiardo-tren1.jpg 1024w, https:\/\/elinformanteperu.com\/wp-content\/uploads\/2026\/09\/reggiardo-tren1-300x200.jpg 300w, https:\/\/elinformanteperu.com\/wp-content\/uploads\/2026\/09\/reggiardo-tren1-768x512.jpg 768w\" sizes=\"(max-width: 1024px) 100vw, 1024px\" \/><\/a><span style=\"color: #000000;\">\u201cPronto los vamos a empezar a mover y pronto vamos a empezar a llevar los coches que en una primera etapa logramos llevar con una locomotora al patio de maniobras de mantenimiento en Chosica, y vamos a empezar a llevar los dem\u00e1s\u201d, se\u00f1al\u00f3.<\/span><\/p>\n<p><span style=\"color: #000000;\">El alcalde sostuvo que esta primera movilizaci\u00f3n permiti\u00f3 comprobar que los coches pueden recorrer la ruta y descart\u00f3 los cuestionamientos relacionados con su paso por los t\u00faneles o su compatibilidad con los rieles. \u201cYa se movieron. Hay cinco coches con una locomotora en Chosica que funciona perfectamente\u201d, manifest\u00f3.<\/span><\/p>\n<p><span style=\"color: #000000;\">\u201cFunciona el sistema, funciona todo. Hay temas que hay que ajustar, que hay que mejorar, que hay que implementar para que se haga de la mejor manera y podamos tener el servicio lo m\u00e1s pronto posible\u201d, explic\u00f3.<\/span><\/p>\n<p><strong><span style=\"color: #000000;\">Eval\u00faan destinar parte de los coches a Puno y Tacna<\/span><\/strong><\/p>\n<p><a href=\"https:\/\/elinformanteperu.com\/wp-content\/uploads\/2026\/09\/reggiardo-tren2.jpg\"><img decoding=\"async\" class=\"size-full wp-image-152922 aligncenter\" src=\"https:\/\/elinformanteperu.com\/wp-content\/uploads\/2026\/09\/reggiardo-tren2.jpg\" alt=\"\" width=\"1024\" height=\"683\" srcset=\"https:\/\/elinformanteperu.com\/wp-content\/uploads\/2026\/09\/reggiardo-tren2.jpg 1024w, https:\/\/elinformanteperu.com\/wp-content\/uploads\/2026\/09\/reggiardo-tren2-300x200.jpg 300w, https:\/\/elinformanteperu.com\/wp-content\/uploads\/2026\/09\/reggiardo-tren2-768x512.jpg 768w\" sizes=\"(max-width: 1024px) 100vw, 1024px\" \/><\/a><span style=\"color: #000000;\">Renzo Reggiardo detall\u00f3 que se cuentan con cerca de 100 coches ferroviarios, los cuales, seg\u00fan indic\u00f3, se encuentran en buenas condiciones y cuentan con equipamiento como butacas, aire acondicionado y servicios higi\u00e9nicos.<\/span><\/p>\n<p><span style=\"color: #000000;\">Ante la cantidad de unidades disponibles, el alcalde se\u00f1al\u00f3 que se eval\u00faa la posibilidad de destinar parte de los coches a Puno y Tacna, con la finalidad de que puedan ser utilizados para brindar un servicio ferroviario en estas ciudades.<\/span><\/p>\n<p><span style=\"color: #000000;\">\u201cSon casi 100 coches y son coches todos en perfectas condiciones, muy bien presentados, de acero inoxidable, con butacas, con aire acondicionado, con servicios higi\u00e9nicos, todo de primer nivel\u201d, sostuvo.<\/span><\/p>\n<p><span style=\"color: #000000;\">Precis\u00f3 que ya existen conversaciones preliminares con los gobernadores de ambas regiones, aunque aclar\u00f3 que esta alternativa todav\u00eda se encuentra en una etapa inicial. \u201cHay la posibilidad de que se le pueda llevar un servicio de primer nivel a la ciudad de Puno y a la ciudad de Tacna, y hay conversaciones que se han venido tratando de forma preliminar con los gobernadores de estas ciudades\u201d, se\u00f1al\u00f3.<\/span><\/p>\n<p><span style=\"color: #000000;\">El alcalde explic\u00f3 que una eventual modificaci\u00f3n del destino de las unidades requerir\u00eda revisar el acuerdo original de donaci\u00f3n, debido a que este contempla su utilizaci\u00f3n en Lima Metropolitana. Por ello, indic\u00f3 que ser\u00e1 necesario coordinar con Caltrain, empresa estadounidense que realiz\u00f3 la donaci\u00f3n.<\/span><\/p>\n<p><span style=\"color: #000000;\">\u201cTendremos que hablar con la empresa Caltrain de los Estados Unidos, seguramente haremos una coordinaci\u00f3n previa con el embajador de Norteam\u00e9rica, Bernie Navarro, para ver la posibilidad de modificar, a trav\u00e9s de una adenda, el contrato original, porque el contrato original contemplaba que estos vendr\u00edan para ser utilizados en Lima Metropolitana\u201d, manifest\u00f3.<\/span><\/p>\n<p><a href=\"https:\/\/elinformanteperu.com\/wp-content\/uploads\/2026\/09\/reggiardo-tren3.jpg\"><img decoding=\"async\" class=\"size-full wp-image-152923 aligncenter\" src=\"https:\/\/elinformanteperu.com\/wp-content\/uploads\/2026\/09\/reggiardo-tren3.jpg\" alt=\"\" width=\"1024\" height=\"683\" srcset=\"https:\/\/elinformanteperu.com\/wp-content\/uploads\/2026\/09\/reggiardo-tren3.jpg 1024w, https:\/\/elinformanteperu.com\/wp-content\/uploads\/2026\/09\/reggiardo-tren3-300x200.jpg 300w, https:\/\/elinformanteperu.com\/wp-content\/uploads\/2026\/09\/reggiardo-tren3-768x512.jpg 768w\" sizes=\"(max-width: 1024px) 100vw, 1024px\" \/><\/a><\/p>\n","protected":false},"excerpt":{"rendered":"<p>Los coches ser\u00e1n trasladados progresivamente al patio de maniobras y mantenimiento de Chosica, mientras se eval\u00faa destinar parte de ellos a Puno y Tacna . Lima, 31 Agosto 2026 (El Informante Per\u00fa).- El alcalde de Lima, Renzo Reggiardo, anunci\u00f3 que pr\u00f3ximamente continuar\u00e1 el traslado de los coches ferroviarios donados a la capital hacia el patio [&hellip;]<\/p>\n","protected":false},"author":1,"featured_media":152920,"comment_status":"closed","ping_status":"closed","sticky":false,"template":"","format":"standard","meta":{"rop_custom_images_group":[],"rop_custom_messages_group":[],"rop_publish_now":"initial","rop_publish_now_accounts":[],"rop_publish_now_history":[],"rop_publish_now_status":"pending","footnotes":""},"categories":[10],"tags":[122,3440],"class_list":["post-152919","post","type-post","status-publish","format-standard","has-post-thumbnail","hentry","category-actualidad-municipal","tag-municipalidad-de-lima","tag-renzo-reggiardo"],"_links":{"self":[{"href":"https:\/\/elinformanteperu.com\/index.php\/wp-json\/wp\/v2\/posts\/152919","targetHints":{"allow":["GET"]}}],"collection":[{"href":"https:\/\/elinformanteperu.com\/index.php\/wp-json\/wp\/v2\/posts"}],"about":[{"href":"https:\/\/elinformanteperu.com\/index.php\/wp-json\/wp\/v2\/types\/post"}],"author":[{"embeddable":true,"href":"https:\/\/elinformanteperu.com\/index.php\/wp-json\/wp\/v2\/users\/1"}],"replies":[{"embeddable":true,"href":"https:\/\/elinformanteperu.com\/index.php\/wp-json\/wp\/v2\/comments?post=152919"}],"version-history":[{"count":1,"href":"https:\/\/elinformanteperu.com\/index.php\/wp-json\/wp\/v2\/posts\/152919\/revisions"}],"predecessor-version":[{"id":152924,"href":"https:\/\/elinformanteperu.com\/index.php\/wp-json\/wp\/v2\/posts\/152919\/revisions\/152924"}],"wp:featuredmedia":[{"embeddable":true,"href":"https:\/\/elinformanteperu.com\/index.php\/wp-json\/wp\/v2\/media\/152920"}],"wp:attachment":[{"href":"https:\/\/elinformanteperu.com\/index.php\/wp-json\/wp\/v2\/media?parent=152919"}],"wp:term":[{"taxonomy":"category","embeddable":true,"href":"https:\/\/elinformanteperu.com\/index.php\/wp-json\/wp\/v2\/categories?post=152919"},{"taxonomy":"post_tag","embeddable":true,"href":"https:\/\/elinformanteperu.com\/index.php\/wp-json\/wp\/v2\/tags?post=152919"}],"curies":[{"name":"wp","href":"https:\/\/api.w.org\/{rel}","templated":true}]}}