{"id":152915,"date":"2026-09-01T01:58:02","date_gmt":"2026-09-01T06:58:02","guid":{"rendered":"https:\/\/elinformanteperu.com\/?p=152915"},"modified":"2026-09-01T01:58:02","modified_gmt":"2026-09-01T06:58:02","slug":"minedu-planea-mantenimiento-de-techos-de-colegios-en-riesgo-ante-lluvias-por-el-nino","status":"publish","type":"post","link":"https:\/\/elinformanteperu.com\/index.php\/2026\/09\/01\/minedu-planea-mantenimiento-de-techos-de-colegios-en-riesgo-ante-lluvias-por-el-nino\/","title":{"rendered":"Minedu planea mantenimiento de techos de colegios en riesgo ante lluvias por El Ni\u00f1o"},"content":{"rendered":"<p><strong><span style=\"color: #000000;\">Titular de Pronied se\u00f1ala que unas 27 mil escuelas se encuentra en estado de riesgo<\/span><\/strong><\/p>\n<p><span style=\"color: #000000;\"><strong>Lima, 31 Agosto 2026.-<\/strong> El Programa Nacional de Infraestructura Educativa (Pronied) del Ministerio de Educaci\u00f3n (Minedu) realizar\u00e1 el mantenimiento de los techos de las instituciones educativas que se encuentra en riesgo ante la previsible intensificaci\u00f3n del periodo de lluvias por la presencia del fen\u00f3meno El Ni\u00f1o.<\/span><\/p>\n<p><span style=\"color: #000000;\">\u201cEn estos pocos meses que faltan para la llegada de las lluvias, estamos pensado hacer un mantenimiento preventivo de todos los techos de los colegios que podr\u00edan ser afectados\u201d, inform\u00f3 el presidente ejecutivo del Pronied, Pedro Morales Gonzales, en entrevista con el Canal Online de la Agencia Andina.<\/span><\/p>\n<p><span style=\"color: #000000;\">\u201cLas coberturas de los colegios se resanar\u00e1n totalmente, estamos a tiempo para hacerlo\u201d, asegur\u00f3 el funcionario, quien se\u00f1al\u00f3 que, de las m\u00e1s de 55 mil instituciones educativas p\u00fablicas que existen en el pa\u00eds, alrededor de \u201c27 mil se encuentra en estado de riesgo\u201d, la mayor\u00eda de las cuales est\u00e1n ubicadas en las zonas suburbanas de la costa, en la sierra centro y sur, y en la selva.\u00a0<\/span><\/p>\n<p><span style=\"color: #000000;\">El plan del Pronied tambi\u00e9n incluye la reparaci\u00f3n de las canaletas rotas, as\u00ed como la instalaci\u00f3n de las mismas en las instituciones que no cuenten con este sistema. \u201cSe van a colocar para discurrir el agua de las lluvias hacia zonas de bajas pendientes para que no se acumulen ni inunden las aulas\u201d, precis\u00f3 Morales.<\/span><\/p>\n<p><span style=\"color: #000000;\">Para materializar el plan de mantenimiento,\u00a0es necesaria la asignaci\u00f3n de una partida presupuestaria que ser\u00e1 abordada la siguiente semana en una reuni\u00f3n que sostendr\u00e1n los representantes del sector de Educaci\u00f3n con el Ministerio de Econom\u00eda y Finanzas, detall\u00f3 el presidente de Pronied.<\/span><\/p>\n<p><a href=\"https:\/\/elinformanteperu.com\/wp-content\/uploads\/2026\/09\/minedu-mantenimiento-de-techos-colegios1.jpg\"><img fetchpriority=\"high\" decoding=\"async\" class=\"size-full wp-image-152917 aligncenter\" src=\"https:\/\/elinformanteperu.com\/wp-content\/uploads\/2026\/09\/minedu-mantenimiento-de-techos-colegios1.jpg\" alt=\"\" width=\"829\" height=\"620\" srcset=\"https:\/\/elinformanteperu.com\/wp-content\/uploads\/2026\/09\/minedu-mantenimiento-de-techos-colegios1.jpg 829w, https:\/\/elinformanteperu.com\/wp-content\/uploads\/2026\/09\/minedu-mantenimiento-de-techos-colegios1-300x224.jpg 300w, https:\/\/elinformanteperu.com\/wp-content\/uploads\/2026\/09\/minedu-mantenimiento-de-techos-colegios1-768x574.jpg 768w\" sizes=\"(max-width: 829px) 100vw, 829px\" \/><\/a><strong><span style=\"color: #000000;\">Infraestructura educativa en emergencia<\/span><\/strong><\/p>\n<p><span style=\"color: #000000;\">Estas acciones se llevar\u00e1n acabo en el marco de la declaratoria de emergencia de la infraestructura educativa p\u00fablica a escala nacional dispuesta por el Gobierno Central.\u00a0<\/span><\/p>\n<p><span style=\"color: #000000;\">Pedro Morales dijo que como parte de la medida -establecida mediante el Decreto Supremo N.\u00b0 013-2026-MINEDU-, se prev\u00e9 construir 2.000 nuevos colegios durante los pr\u00f3ximos cinco a\u00f1os e intervenir en otros 3.000.<\/span><\/p>\n<p><span style=\"color: #000000;\">Las necesidades de las instituciones educativas contemplan diferentes tipos de respuesta, porque mientras algunos colegios requerir\u00e1n mantenimiento o rehabilitaci\u00f3n, otros necesitar\u00e1n una intervenci\u00f3n integral o la construcci\u00f3n de una nueva infraestructura.<\/span><\/p>\n<p><span style=\"color: #000000;\">\u201cEl objetivo es avanzar en la construcci\u00f3n de 2.000 nuevos colegios durante los pr\u00f3ximos cinco a\u00f1os, de acuerdo con las prioridades. Asimismo, otros 3.000 colegios ser\u00e1n intervenidos para su refacci\u00f3n y recuperaci\u00f3n, en un proceso de identificaci\u00f3n que se desarrolla en las diferentes regiones del pa\u00eds\u201d, dijo. <strong>(ANDINA).<\/strong><\/span><\/p>\n","protected":false},"excerpt":{"rendered":"<p>Titular de Pronied se\u00f1ala que unas 27 mil escuelas se encuentra en estado de riesgo Lima, 31 Agosto 2026.- El Programa Nacional de Infraestructura Educativa (Pronied) del Ministerio de Educaci\u00f3n (Minedu) realizar\u00e1 el mantenimiento de los techos de las instituciones educativas que se encuentra en riesgo ante la previsible intensificaci\u00f3n del periodo de lluvias por [&hellip;]<\/p>\n","protected":false},"author":1,"featured_media":152916,"comment_status":"closed","ping_status":"closed","sticky":false,"template":"","format":"standard","meta":{"rop_custom_images_group":[],"rop_custom_messages_group":[],"rop_publish_now":"initial","rop_publish_now_accounts":[],"rop_publish_now_history":[],"rop_publish_now_status":"pending","footnotes":""},"categories":[10],"tags":[1049,8821,4164,1668,328,8247],"class_list":["post-152915","post","type-post","status-publish","format-standard","has-post-thumbnail","hentry","category-actualidad-municipal","tag-colegios","tag-fenomeno-del-nino","tag-fenomeno-el-nino","tag-minedu","tag-ministerio-de-de-educacion","tag-pronied"],"_links":{"self":[{"href":"https:\/\/elinformanteperu.com\/index.php\/wp-json\/wp\/v2\/posts\/152915","targetHints":{"allow":["GET"]}}],"collection":[{"href":"https:\/\/elinformanteperu.com\/index.php\/wp-json\/wp\/v2\/posts"}],"about":[{"href":"https:\/\/elinformanteperu.com\/index.php\/wp-json\/wp\/v2\/types\/post"}],"author":[{"embeddable":true,"href":"https:\/\/elinformanteperu.com\/index.php\/wp-json\/wp\/v2\/users\/1"}],"replies":[{"embeddable":true,"href":"https:\/\/elinformanteperu.com\/index.php\/wp-json\/wp\/v2\/comments?post=152915"}],"version-history":[{"count":1,"href":"https:\/\/elinformanteperu.com\/index.php\/wp-json\/wp\/v2\/posts\/152915\/revisions"}],"predecessor-version":[{"id":152918,"href":"https:\/\/elinformanteperu.com\/index.php\/wp-json\/wp\/v2\/posts\/152915\/revisions\/152918"}],"wp:featuredmedia":[{"embeddable":true,"href":"https:\/\/elinformanteperu.com\/index.php\/wp-json\/wp\/v2\/media\/152916"}],"wp:attachment":[{"href":"https:\/\/elinformanteperu.com\/index.php\/wp-json\/wp\/v2\/media?parent=152915"}],"wp:term":[{"taxonomy":"category","embeddable":true,"href":"https:\/\/elinformanteperu.com\/index.php\/wp-json\/wp\/v2\/categories?post=152915"},{"taxonomy":"post_tag","embeddable":true,"href":"https:\/\/elinformanteperu.com\/index.php\/wp-json\/wp\/v2\/tags?post=152915"}],"curies":[{"name":"wp","href":"https:\/\/api.w.org\/{rel}","templated":true}]}}