{"id":152906,"date":"2026-09-01T01:43:26","date_gmt":"2026-09-01T06:43:26","guid":{"rendered":"https:\/\/elinformanteperu.com\/?p=152906"},"modified":"2026-09-01T01:43:26","modified_gmt":"2026-09-01T06:43:26","slug":"barranco-municipalidad-continuara-recuperacion-de-espacio-publico-donde-se-ubica-bordemar","status":"publish","type":"post","link":"https:\/\/elinformanteperu.com\/index.php\/2026\/09\/01\/barranco-municipalidad-continuara-recuperacion-de-espacio-publico-donde-se-ubica-bordemar\/","title":{"rendered":"Barranco: municipalidad continuar\u00e1 recuperaci\u00f3n de espacio p\u00fablico donde se ubica Bordemar\u00bb"},"content":{"rendered":"<p><strong><span style=\"color: #000000;\">Las playas son de todos y nuestra obligaci\u00f3n es defenderlas\u00bb, se\u00f1ala alcaldesa distrital<\/span><\/strong><\/p>\n<p><span style=\"color: #000000;\"><strong>Lima, 31 Agosto 2026.-<\/strong> La Municipalidad de Barranco anunci\u00f3 que iniciar\u00e1 el proceso de demolici\u00f3n como parte de las acciones administrativas enmarcadas en la recuperaci\u00f3n del espacio p\u00fablico ocupado actualmente por el complejo Bordemar, ubicado en el sector de la playa Las Cascadas.<\/span><\/p>\n<p><span style=\"color: #000000;\">El municipio inform\u00f3 que la empresa World Entertainment &amp; Communication (WE&amp;C), operadora de Bordemar, ha sido notificada en el marco de un procedimiento administrativo relacionado con la ocupaci\u00f3n de v\u00edas y\/o \u00e1reas de uso p\u00fablico, conducta contemplada en la normativa municipal vigente.<\/span><\/p>\n<p><span style=\"color: #000000;\">De acuerdo con la municipalidad, informes t\u00e9cnicos de las \u00e1reas competentes han advertido condiciones de deterioro y deficiencias en determinadas estructuras del sector, por lo que resulta necesario adoptar acciones preventivas y administrativas oportunas para proteger la integridad de las personas, as\u00ed como prevenir riesgos de contaminaci\u00f3n, insalubridad y ante la llegada del fen\u00f3meno del ni\u00f1o.<\/span><\/p>\n<p><span style=\"color: #000000;\">Tampoco consta alg\u00fan acuerdo de concejo ni ordenanza de la Municipalidad Metropolitana de Lima que apruebe el cambio de zonificaci\u00f3n, agrega la comuna. Al respecto, la Autoridad del Proyecto Costa Verde ha remitido su Oficio N\u00b0 132 con fecha 26 de agosto del 2026 que indica que no cuentan con opini\u00f3n favorable relacionada con el cambio de Zona de Servicios (ZS) a Zona Tur\u00edstica 1 (ZT1).<\/span><\/p>\n<p><span style=\"color: #000000;\">La actuaci\u00f3n municipal, se indic\u00f3, busca principalmente recuperar un espacio cuya naturaleza y finalidad son p\u00fablicas y que actualmente viene siendo ocupado para fines particulares.\u00a0<\/span><\/p>\n<p><strong><span style=\"color: #000000;\">Las playas son de todos<\/span><\/strong><\/p>\n<p><span style=\"color: #000000;\">La alcaldesa de Barranco, Jessica Vargas, se\u00f1al\u00f3 que la defensa y recuperaci\u00f3n de los espacios p\u00fablicos constituye una pol\u00edtica permanente de la actual gesti\u00f3n.<\/span><\/p>\n<p><span style=\"color: #000000;\">\u201cNo es el \u00fanico caso en el que hemos defendido nuestras playas. Tambi\u00e9n actuamos frente al proyecto que pretend\u00eda desarrollarse en la playa Las Sombrillas. Nuestra responsabilidad es proteger los espacios p\u00fablicos y evitar que \u00e1reas que pertenecen a todos sean destinadas a usos incompatibles con su naturaleza. Las playas de Barranco son de todos y nuestra obligaci\u00f3n es defenderlas\u201d, afirm\u00f3.<\/span><\/p>\n<p><span style=\"color: #000000;\">El municipio desminti\u00f3 categ\u00f3ricamente las declaraciones difundidas la madrugada del 29 de agosto: \u201cNo se realiz\u00f3 ning\u00fan operativo de demolici\u00f3n en la playa Las Cascadas; el personal de serenazgo, como todos los fines de semana, programa acciones preventivas de seguridad en la zona costera de Barranco\u201d.\u00a0<\/span><\/p>\n<p><span style=\"color: #000000;\">\u201cNegamos rotundamente haber ingresado con bombardas o efectuado disparos, nuestros serenos no portan armas de fuego. Durante el operativo, nuestro personal fue interceptado por dos camionetas particulares que interrumpieron nuestro patrullaje rutinario\u201d, a\u00f1adi\u00f3.<\/span><\/p>\n<p><span style=\"color: #000000;\">Asimismo, la alcaldesa Jessica Vargas y el Subgerente de fiscalizaci\u00f3n, William Cornejo se\u00f1alaron haber recibido amenazas, lo cual ser\u00e1 denunciado a la comisaria del sector y pedir garant\u00edas por sus vidas.<\/span><\/p>\n<p><span style=\"color: #000000;\">En comunicaci\u00f3n con Latina Noticias, Damian Ode, representante de los empresarios de Bordemar, se\u00f1al\u00f3 que cuenta con un pronunciamiento favorable del Poder Judicial para el cambio de zonificaci\u00f3n. Sin embargo, el Subgerente de fiscalizaci\u00f3n de Barranco ratific\u00f3 que la autoridad competente para pronunciarse sobre este tema es el concejo de la Municipalidad Metropolitana de Lima.<\/span><\/p>\n<p><strong><span style=\"color: #000000;\">El caso Bordemar<\/span><\/strong><\/p>\n<p><span style=\"color: #000000;\">Los antecedentes administrativos vinculados a Bordemar se remontan a diversas gestiones municipales. En 2010 se ampli\u00f3 la concesi\u00f3n otorgada a WE&amp;C y se realizaron modificaciones vinculadas a la zonificaci\u00f3n del sector. Posteriormente, en 2011, la Autoridad del Proyecto Costa Verde observ\u00f3 dicha modificaci\u00f3n y solicit\u00f3 la adopci\u00f3n de las acciones correspondientes. Durante una gesti\u00f3n posterior, la Municipalidad de Barranco dej\u00f3 sin efecto el cambio de zonificaci\u00f3n.<\/span><\/p>\n<p><span style=\"color: #000000;\">Asimismo, el 27 de agosto de 2021, la Municipalidad dej\u00f3 sin efecto el acuerdo municipal de 1994 que autoriz\u00f3 la concesi\u00f3n, as\u00ed como la resoluci\u00f3n de 2005 mediante la cual se aprob\u00f3 la cesi\u00f3n de la posici\u00f3n contractual a favor de WE&amp;C.<\/span><\/p>\n<p><span style=\"color: #000000;\">La Municipalidad de Barranco reafirma que continuar\u00e1 adoptando las acciones que correspondan, dentro del marco de sus competencias y respetando el debido procedimiento, para proteger la seguridad de las personas, el medio ambiente, la salubridad y, principalmente, el car\u00e1cter p\u00fablico de las playas y dem\u00e1s espacios de uso com\u00fan del distrito. (ANDINA).<\/span><\/p>\n","protected":false},"excerpt":{"rendered":"<p>Las playas son de todos y nuestra obligaci\u00f3n es defenderlas\u00bb, se\u00f1ala alcaldesa distrital Lima, 31 Agosto 2026.- La Municipalidad de Barranco anunci\u00f3 que iniciar\u00e1 el proceso de demolici\u00f3n como parte de las acciones administrativas enmarcadas en la recuperaci\u00f3n del espacio p\u00fablico ocupado actualmente por el complejo Bordemar, ubicado en el sector de la playa Las [&hellip;]<\/p>\n","protected":false},"author":1,"featured_media":152907,"comment_status":"closed","ping_status":"closed","sticky":false,"template":"","format":"standard","meta":{"rop_custom_images_group":[],"rop_custom_messages_group":[],"rop_publish_now":"initial","rop_publish_now_accounts":[],"rop_publish_now_history":[],"rop_publish_now_status":"pending","footnotes":""},"categories":[10],"tags":[1638],"class_list":["post-152906","post","type-post","status-publish","format-standard","has-post-thumbnail","hentry","category-actualidad-municipal","tag-municipalidad-de-barranco"],"_links":{"self":[{"href":"https:\/\/elinformanteperu.com\/index.php\/wp-json\/wp\/v2\/posts\/152906","targetHints":{"allow":["GET"]}}],"collection":[{"href":"https:\/\/elinformanteperu.com\/index.php\/wp-json\/wp\/v2\/posts"}],"about":[{"href":"https:\/\/elinformanteperu.com\/index.php\/wp-json\/wp\/v2\/types\/post"}],"author":[{"embeddable":true,"href":"https:\/\/elinformanteperu.com\/index.php\/wp-json\/wp\/v2\/users\/1"}],"replies":[{"embeddable":true,"href":"https:\/\/elinformanteperu.com\/index.php\/wp-json\/wp\/v2\/comments?post=152906"}],"version-history":[{"count":1,"href":"https:\/\/elinformanteperu.com\/index.php\/wp-json\/wp\/v2\/posts\/152906\/revisions"}],"predecessor-version":[{"id":152908,"href":"https:\/\/elinformanteperu.com\/index.php\/wp-json\/wp\/v2\/posts\/152906\/revisions\/152908"}],"wp:featuredmedia":[{"embeddable":true,"href":"https:\/\/elinformanteperu.com\/index.php\/wp-json\/wp\/v2\/media\/152907"}],"wp:attachment":[{"href":"https:\/\/elinformanteperu.com\/index.php\/wp-json\/wp\/v2\/media?parent=152906"}],"wp:term":[{"taxonomy":"category","embeddable":true,"href":"https:\/\/elinformanteperu.com\/index.php\/wp-json\/wp\/v2\/categories?post=152906"},{"taxonomy":"post_tag","embeddable":true,"href":"https:\/\/elinformanteperu.com\/index.php\/wp-json\/wp\/v2\/tags?post=152906"}],"curies":[{"name":"wp","href":"https:\/\/api.w.org\/{rel}","templated":true}]}}