{"id":152900,"date":"2026-09-01T01:35:17","date_gmt":"2026-09-01T06:35:17","guid":{"rendered":"https:\/\/elinformanteperu.com\/?p=152900"},"modified":"2026-09-01T01:38:23","modified_gmt":"2026-09-01T06:38:23","slug":"viii-encuentro-de-escritoras-peruanas-rinde-homenaje-a-filosofa-pepi-patron","status":"publish","type":"post","link":"https:\/\/elinformanteperu.com\/index.php\/2026\/09\/01\/viii-encuentro-de-escritoras-peruanas-rinde-homenaje-a-filosofa-pepi-patron\/","title":{"rendered":"VIII Encuentro de Escritoras Peruanas rinde homenaje a fil\u00f3sofa Pepi Patr\u00f3n"},"content":{"rendered":"<p><strong><span style=\"color: #000000;\">El encuentro se realizar\u00e1 del 1 al 4 de septiembre en la Biblioteca del ICPNA de Miraflores. El ingreso es libre, previa inscripci\u00f3n.<\/span><\/strong><\/p>\n<p><span style=\"color: #000000;\"><strong>Lima, 31 Agosto 2026 (El Informante Per\u00fa).<\/strong>&#8211; \u00bfQu\u00e9 significa para las mujeres peruanas escribir hoy? \u00bfC\u00f3mo cambian sus formas de contar cuando aparecen nuevas tecnolog\u00edas, nuevas narrativas y maneras de relacionarnos con el mundo? Estas y otras preguntas estar\u00e1n presentes en el VIII Encuentro de Escritoras Peruanas, organizado por el Instituto Cultural Peruano Norteamericano (ICPNA), que se realizar\u00e1 del 1 al 4 de septiembre, de 7:00 a 9:00 p. m., en la Biblioteca del ICPNA de Miraflores.<\/span><\/p>\n<p><span style=\"color: #000000;\">Desde su primera edici\u00f3n, el Encuentro de Escritoras Peruanas ha propuesto una mirada amplia sobre el oficio de la escritura al reunir mujeres vinculadas con la literatura y otras disciplinas en las que la palabra, la investigaci\u00f3n, la creaci\u00f3n y la reflexi\u00f3n ocupan un lugar central. La edici\u00f3n de este a\u00f1o contin\u00faa esa apuesta con un programa que aborda algunos de los debates y transformaciones que atraviesan la creaci\u00f3n contempor\u00e1nea.<\/span><\/p>\n<p><span style=\"color: #000000;\">La programaci\u00f3n se inicia con la mesa \u00abPalabras en tr\u00e1nsito: escritoras peruanas en Estados Unidos, entre la academia y la creaci\u00f3n\u00bb, que pondr\u00e1 en di\u00e1logo las experiencias de creaci\u00f3n y reflexi\u00f3n desarrolladas desde distintos espacios y geograf\u00edas. Tambi\u00e9n se abordar\u00e1 la relaci\u00f3n con el mundo natural a trav\u00e9s de \u00abNarrando a la madre naturaleza\u00bb, una conversaci\u00f3n sobre las posibilidades de la escritura para representar y repensar nuestro v\u00ednculo con el entorno.<\/span><\/p>\n<p><span style=\"color: #000000;\">Hay un espacio reservado para la reflexi\u00f3n sobre el periodismo y las nuevas tecnolog\u00edas en la mesa \u00ab\u00bfQui\u00e9n quiere ser periodista? El rigor en tiempos de IA\u00bb, donde se debatir\u00e1 la transformaci\u00f3n en las formas de producir, verificar y consumir informaci\u00f3n. A esta se suma \u00abEl arte de dibujar historias\u00bb, dedicada a las posibilidades narrativas que surgen cuando la palabra y la imagen se encuentran.<\/span><\/p>\n<p><span style=\"color: #000000;\">La programaci\u00f3n tambi\u00e9n propone mirar hacia las transformaciones de la literatura contempor\u00e1nea con \u00abNueva narrativa del siglo XXI\u00bb, mientras que la poes\u00eda tendr\u00e1 un espacio propio en \u00abPoes\u00eda en dos tiempos\u00bb. Esta \u00faltima mesa reunir\u00e1 dos momentos: uno dedicado a poetas contempor\u00e1neas que leer\u00e1n sus propios textos y otro que recuperar\u00e1 la obra de poetas que ya no est\u00e1n con nosotros, entre ellas Blanca Varela, Mar\u00eda Emilia Cornejo, Magda Portal y Ana Estrada.<\/span><\/p>\n<p><strong><span style=\"color: #000000;\">Homenaje a Pepi Patr\u00f3n<\/span><\/strong><\/p>\n<p><a href=\"https:\/\/elinformanteperu.com\/wp-content\/uploads\/2026\/09\/pepi-patron.png\"><img fetchpriority=\"high\" decoding=\"async\" class=\"wp-image-152902 aligncenter\" src=\"https:\/\/elinformanteperu.com\/wp-content\/uploads\/2026\/09\/pepi-patron.png\" alt=\"\" width=\"354\" height=\"354\" srcset=\"https:\/\/elinformanteperu.com\/wp-content\/uploads\/2026\/09\/pepi-patron.png 1024w, https:\/\/elinformanteperu.com\/wp-content\/uploads\/2026\/09\/pepi-patron-300x300.png 300w, https:\/\/elinformanteperu.com\/wp-content\/uploads\/2026\/09\/pepi-patron-150x150.png 150w, https:\/\/elinformanteperu.com\/wp-content\/uploads\/2026\/09\/pepi-patron-768x768.png 768w, https:\/\/elinformanteperu.com\/wp-content\/uploads\/2026\/09\/pepi-patron-60x60.png 60w, https:\/\/elinformanteperu.com\/wp-content\/uploads\/2026\/09\/pepi-patron-50x50.png 50w\" sizes=\"(max-width: 354px) 100vw, 354px\" \/><\/a><span style=\"color: #000000;\">Como parte de la tradici\u00f3n del Encuentro, la edici\u00f3n 2026 rendir\u00e1 homenaje a Pepi Patr\u00f3n, fil\u00f3sofa, docente e investigadora peruana cuya trayectoria ha estado vinculada a la filosof\u00eda, la educaci\u00f3n, la investigaci\u00f3n y la reflexi\u00f3n sobre la vida p\u00fablica. Pepi Patr\u00f3n es doctora en Filosof\u00eda por la Universidad de Lovaina la Nueva, B\u00e9lgica, y profesora principal de la Secci\u00f3n de Filosof\u00eda del Departamento Acad\u00e9mico de Humanidades de la Pontificia Universidad Cat\u00f3lica del Per\u00fa. Entre 2009 y 2018 se desempe\u00f1\u00f3 como vicerrectora de Investigaci\u00f3n de esta universidad. Tambi\u00e9n fue presidenta de la Asociaci\u00f3n Civil Transparencia y ha recibido, entre otros reconocimientos, la Orden al M\u00e9rito de la Mujer 2010 y la distinci\u00f3n de Personalidad Meritoria de la Cultura por su aporte a la educaci\u00f3n y la filosof\u00eda, otorgada por el Ministerio de Cultura en 2015.<\/span><\/p>\n<p><span style=\"color: #000000;\">Su trabajo acad\u00e9mico comprende temas como la hermen\u00e9utica, la filosof\u00eda pol\u00edtica, la filosof\u00eda pr\u00e1ctica, el desarrollo humano y el g\u00e9nero. Es autora de diversos art\u00edculos especializados y de publicaciones como \u00abPresencia social, ausencia pol\u00edtica. Espacios p\u00fablicos y participaci\u00f3n femenina\u00bb, adem\u00e1s de trabajos sobre \u00e9tica, g\u00e9nero y participaci\u00f3n de las mujeres en la vida p\u00fablica. Su producci\u00f3n acad\u00e9mica contin\u00faa vigente: entre sus publicaciones recientes figura un cap\u00edtulo de 2025 dedicado a la participaci\u00f3n de las mujeres en el poder pol\u00edtico en el Per\u00fa y la perpetuaci\u00f3n de la violencia de g\u00e9nero.<\/span><\/p>\n<p><span style=\"color: #000000;\">El homenaje a Pepi Patr\u00f3n cerrar\u00e1 el VIII Encuentro de Escritoras Peruanas y ser\u00e1 una oportunidad para reconocer una trayectoria dedicada a la filosof\u00eda y a la construcci\u00f3n de espacios de reflexi\u00f3n sobre la sociedad, la democracia y la participaci\u00f3n ciudadana.<\/span><\/p>\n<p><span style=\"color: #000000;\">Con esta octava edici\u00f3n, el ICPNA reafirma su compromiso con la promoci\u00f3n de la creaci\u00f3n y el pensamiento producido por mujeres, as\u00ed como con la generaci\u00f3n de espacios de di\u00e1logo que permitan acercarse a las distintas formas en que las escritoras peruanas observan, interpretan y narran el presente.<\/span><\/p>\n<p><strong><span style=\"color: #000000;\">Sobre el evento:<\/span><\/strong><\/p>\n<p><strong><span style=\"color: #000000;\">VIII Encuentro de Escritoras Peruanas<\/span><\/strong><\/p>\n<p><span style=\"color: #000000;\"><strong>Fecha:<\/strong> Del 1 al 4 de septiembre de 2026<\/span><\/p>\n<p><span style=\"color: #000000;\"><strong>Hora:<\/strong> De 7:00 a 9:00 p. m.<\/span><\/p>\n<p><span style=\"color: #000000;\"><strong>Lugar:<\/strong> Biblioteca del ICPNA de Miraflores<\/span><\/p>\n<p><span style=\"color: #000000;\"><strong>Direcci\u00f3n:<\/strong> Av. Angamos Oeste 120, Miraflores<\/span><\/p>\n<p><span style=\"color: #000000;\"><strong>Ingreso Libre,<\/strong> previa inscripci\u00f3n.<\/span><\/p>\n<p><a href=\"https:\/\/elinformanteperu.com\/wp-content\/uploads\/2026\/09\/Encuentro-de-Escritoras-Peruanas-afiche.jpeg\"><img decoding=\"async\" class=\"wp-image-152904 aligncenter\" src=\"https:\/\/elinformanteperu.com\/wp-content\/uploads\/2026\/09\/Encuentro-de-Escritoras-Peruanas-afiche-819x1024.jpeg\" alt=\"\" width=\"478\" height=\"598\" srcset=\"https:\/\/elinformanteperu.com\/wp-content\/uploads\/2026\/09\/Encuentro-de-Escritoras-Peruanas-afiche-819x1024.jpeg 819w, https:\/\/elinformanteperu.com\/wp-content\/uploads\/2026\/09\/Encuentro-de-Escritoras-Peruanas-afiche-240x300.jpeg 240w, https:\/\/elinformanteperu.com\/wp-content\/uploads\/2026\/09\/Encuentro-de-Escritoras-Peruanas-afiche-768x960.jpeg 768w, https:\/\/elinformanteperu.com\/wp-content\/uploads\/2026\/09\/Encuentro-de-Escritoras-Peruanas-afiche.jpeg 1081w\" sizes=\"(max-width: 478px) 100vw, 478px\" \/><\/a><\/p>\n","protected":false},"excerpt":{"rendered":"<p>El encuentro se realizar\u00e1 del 1 al 4 de septiembre en la Biblioteca del ICPNA de Miraflores. El ingreso es libre, previa inscripci\u00f3n. Lima, 31 Agosto 2026 (El Informante Per\u00fa).&#8211; \u00bfQu\u00e9 significa para las mujeres peruanas escribir hoy? \u00bfC\u00f3mo cambian sus formas de contar cuando aparecen nuevas tecnolog\u00edas, nuevas narrativas y maneras de relacionarnos con [&hellip;]<\/p>\n","protected":false},"author":1,"featured_media":152901,"comment_status":"closed","ping_status":"closed","sticky":false,"template":"","format":"standard","meta":{"rop_custom_images_group":[],"rop_custom_messages_group":[],"rop_publish_now":"initial","rop_publish_now_accounts":[],"rop_publish_now_history":[],"rop_publish_now_status":"pending","footnotes":""},"categories":[70],"tags":[7205],"class_list":["post-152900","post","type-post","status-publish","format-standard","has-post-thumbnail","hentry","category-farandula","tag-icpna-miraflores"],"_links":{"self":[{"href":"https:\/\/elinformanteperu.com\/index.php\/wp-json\/wp\/v2\/posts\/152900","targetHints":{"allow":["GET"]}}],"collection":[{"href":"https:\/\/elinformanteperu.com\/index.php\/wp-json\/wp\/v2\/posts"}],"about":[{"href":"https:\/\/elinformanteperu.com\/index.php\/wp-json\/wp\/v2\/types\/post"}],"author":[{"embeddable":true,"href":"https:\/\/elinformanteperu.com\/index.php\/wp-json\/wp\/v2\/users\/1"}],"replies":[{"embeddable":true,"href":"https:\/\/elinformanteperu.com\/index.php\/wp-json\/wp\/v2\/comments?post=152900"}],"version-history":[{"count":2,"href":"https:\/\/elinformanteperu.com\/index.php\/wp-json\/wp\/v2\/posts\/152900\/revisions"}],"predecessor-version":[{"id":152905,"href":"https:\/\/elinformanteperu.com\/index.php\/wp-json\/wp\/v2\/posts\/152900\/revisions\/152905"}],"wp:featuredmedia":[{"embeddable":true,"href":"https:\/\/elinformanteperu.com\/index.php\/wp-json\/wp\/v2\/media\/152901"}],"wp:attachment":[{"href":"https:\/\/elinformanteperu.com\/index.php\/wp-json\/wp\/v2\/media?parent=152900"}],"wp:term":[{"taxonomy":"category","embeddable":true,"href":"https:\/\/elinformanteperu.com\/index.php\/wp-json\/wp\/v2\/categories?post=152900"},{"taxonomy":"post_tag","embeddable":true,"href":"https:\/\/elinformanteperu.com\/index.php\/wp-json\/wp\/v2\/tags?post=152900"}],"curies":[{"name":"wp","href":"https:\/\/api.w.org\/{rel}","templated":true}]}}