{"id":152881,"date":"2026-09-01T00:59:19","date_gmt":"2026-09-01T05:59:19","guid":{"rendered":"https:\/\/elinformanteperu.com\/?p=152881"},"modified":"2026-09-01T00:59:19","modified_gmt":"2026-09-01T05:59:19","slug":"maju-mantilla-deja-su-huella-en-el-barrio-chino","status":"publish","type":"post","link":"https:\/\/elinformanteperu.com\/index.php\/2026\/09\/01\/maju-mantilla-deja-su-huella-en-el-barrio-chino\/","title":{"rendered":"\u00a1Maju Mantilla deja su huella en el Barrio Chino!"},"content":{"rendered":"<p><strong><span style=\"color: #000000;\">\u00b7 La ex Miss Mundo fue homenajeada junto a Gonzalo Iwasaki y ahora su nombre qued\u00f3 grabado para siempre en la tradicional Calle Cap\u00f3n<\/span><\/strong><\/p>\n<p><span style=\"color: #000000;\"><strong>Lima, 31 Agosto 2026 (El Informante Per\u00fa).-<\/strong> \u00a1Maju dej\u00f3 su huella y para siempre! La querida conductora de televisi\u00f3n y ex Miss Mundo, Maju Mantilla, protagoniz\u00f3 un emotivo momento en el Hist\u00f3rico Barrio Chino de Lima, donde junto a Gonzalo Iwasaki devel\u00f3 sus nombres en una de las tradicionales baldosas de la emblem\u00e1tica Calle Cap\u00f3n.<\/span><\/p>\n<p><span style=\"color: #000000;\">La tambi\u00e9n exreina de belleza lleg\u00f3 para ser parte de este especial reconocimiento y, como era de esperarse, \u00a1no pas\u00f3 desapercibida! Para la ocasi\u00f3n, Maju eligi\u00f3 el rojo, color que termin\u00f3 d\u00e1ndole un toque especial a una jornada llena de emoci\u00f3n, tradici\u00f3n y orgullo.<\/span><\/p>\n<p><strong><span style=\"color: #000000;\">\u00a1Su nombre qued\u00f3 grabado!<\/span><\/strong><\/p>\n<p><span style=\"color: #000000;\">El reconocimiento fue realizado como parte de la historia y tradici\u00f3n de la Asociaci\u00f3n Peruano China (APCH), instituci\u00f3n que decidi\u00f3 distinguir a Maju y Gonzalo con este simb\u00f3lico homenaje.<\/span><\/p>\n<p><a href=\"https:\/\/elinformanteperu.com\/wp-content\/uploads\/2026\/09\/maju-mantilla1-scaled.jpg\"><img fetchpriority=\"high\" decoding=\"async\" class=\"size-large wp-image-152883 aligncenter\" src=\"https:\/\/elinformanteperu.com\/wp-content\/uploads\/2026\/09\/maju-mantilla1-1024x641.jpg\" alt=\"\" width=\"615\" height=\"385\" srcset=\"https:\/\/elinformanteperu.com\/wp-content\/uploads\/2026\/09\/maju-mantilla1-1024x641.jpg 1024w, https:\/\/elinformanteperu.com\/wp-content\/uploads\/2026\/09\/maju-mantilla1-300x188.jpg 300w, https:\/\/elinformanteperu.com\/wp-content\/uploads\/2026\/09\/maju-mantilla1-768x481.jpg 768w, https:\/\/elinformanteperu.com\/wp-content\/uploads\/2026\/09\/maju-mantilla1-1536x962.jpg 1536w, https:\/\/elinformanteperu.com\/wp-content\/uploads\/2026\/09\/maju-mantilla1-2048x1282.jpg 2048w\" sizes=\"(max-width: 615px) 100vw, 615px\" \/><\/a><span style=\"color: #000000;\">La ex Miss Mundo se mostr\u00f3 emocionada por este gesto y agradeci\u00f3 especialmente a la asociaci\u00f3n y a su presidente, el ingeniero Erasmo Wong Lu. \u00abHa sido un hermoso gesto que forma parte de la historia y tradici\u00f3n de la Asociaci\u00f3n Peruano China. Gracias a ellos y a su presidente, el Ing. Erasmo Wong Lu, por este reconocimiento\u00bb, expres\u00f3 Maju, visiblemente feliz por este momento.<\/span><\/p>\n<p><strong><span style=\"color: #000000;\">De la corona a la calle Cap\u00f3n<\/span><\/strong><\/p>\n<p><span style=\"color: #000000;\">Maju Mantilla, quien conquist\u00f3 al Per\u00fa al convertirse en Miss Mundo 2004, suma ahora un nuevo cap\u00edtulo a su historia. Esta vez no recibi\u00f3 una corona, sino un reconocimiento todav\u00eda m\u00e1s simb\u00f3lico: su nombre qued\u00f3 inmortalizado en una de las tradicionales baldosas de la Calle Cap\u00f3n.<\/span><\/p>\n<p><span style=\"color: #000000;\">La exreina de belleza y figura de la televisi\u00f3n peruana vivi\u00f3 as\u00ed una jornada que dif\u00edcilmente olvidar\u00e1. Entre aplausos, fotograf\u00edas y mucha emoci\u00f3n, Maju ya tiene un pedacito de historia en uno de los rincones m\u00e1s emblem\u00e1ticos de Lima.<\/span><\/p>\n<p><span style=\"color: #000000;\">\u00a1Ahora s\u00ed, a buscar su nombre cuando pasen por el Barrio Chino!<\/span><\/p>\n","protected":false},"excerpt":{"rendered":"<p>\u00b7 La ex Miss Mundo fue homenajeada junto a Gonzalo Iwasaki y ahora su nombre qued\u00f3 grabado para siempre en la tradicional Calle Cap\u00f3n Lima, 31 Agosto 2026 (El Informante Per\u00fa).- \u00a1Maju dej\u00f3 su huella y para siempre! La querida conductora de televisi\u00f3n y ex Miss Mundo, Maju Mantilla, protagoniz\u00f3 un emotivo momento en el [&hellip;]<\/p>\n","protected":false},"author":1,"featured_media":152882,"comment_status":"closed","ping_status":"closed","sticky":false,"template":"","format":"standard","meta":{"rop_custom_images_group":[],"rop_custom_messages_group":[],"rop_publish_now":"initial","rop_publish_now_accounts":[],"rop_publish_now_history":[],"rop_publish_now_status":"pending","footnotes":""},"categories":[70,20],"tags":[],"class_list":["post-152881","post","type-post","status-publish","format-standard","has-post-thumbnail","hentry","category-farandula","category-eventos"],"_links":{"self":[{"href":"https:\/\/elinformanteperu.com\/index.php\/wp-json\/wp\/v2\/posts\/152881","targetHints":{"allow":["GET"]}}],"collection":[{"href":"https:\/\/elinformanteperu.com\/index.php\/wp-json\/wp\/v2\/posts"}],"about":[{"href":"https:\/\/elinformanteperu.com\/index.php\/wp-json\/wp\/v2\/types\/post"}],"author":[{"embeddable":true,"href":"https:\/\/elinformanteperu.com\/index.php\/wp-json\/wp\/v2\/users\/1"}],"replies":[{"embeddable":true,"href":"https:\/\/elinformanteperu.com\/index.php\/wp-json\/wp\/v2\/comments?post=152881"}],"version-history":[{"count":1,"href":"https:\/\/elinformanteperu.com\/index.php\/wp-json\/wp\/v2\/posts\/152881\/revisions"}],"predecessor-version":[{"id":152884,"href":"https:\/\/elinformanteperu.com\/index.php\/wp-json\/wp\/v2\/posts\/152881\/revisions\/152884"}],"wp:featuredmedia":[{"embeddable":true,"href":"https:\/\/elinformanteperu.com\/index.php\/wp-json\/wp\/v2\/media\/152882"}],"wp:attachment":[{"href":"https:\/\/elinformanteperu.com\/index.php\/wp-json\/wp\/v2\/media?parent=152881"}],"wp:term":[{"taxonomy":"category","embeddable":true,"href":"https:\/\/elinformanteperu.com\/index.php\/wp-json\/wp\/v2\/categories?post=152881"},{"taxonomy":"post_tag","embeddable":true,"href":"https:\/\/elinformanteperu.com\/index.php\/wp-json\/wp\/v2\/tags?post=152881"}],"curies":[{"name":"wp","href":"https:\/\/api.w.org\/{rel}","templated":true}]}}