{"id":152878,"date":"2026-09-01T00:49:27","date_gmt":"2026-09-01T05:49:27","guid":{"rendered":"https:\/\/elinformanteperu.com\/?p=152878"},"modified":"2026-09-01T00:50:22","modified_gmt":"2026-09-01T05:50:22","slug":"elifarma-inicia-internacionalizacion-en-bolivia-y-proyecta-que-represente-el-12-de-sus-ventas","status":"publish","type":"post","link":"https:\/\/elinformanteperu.com\/index.php\/2026\/09\/01\/elifarma-inicia-internacionalizacion-en-bolivia-y-proyecta-que-represente-el-12-de-sus-ventas\/","title":{"rendered":"Elifarma inicia internacionalizaci\u00f3n en Bolivia y proyecta que represente el 12% de sus ventas"},"content":{"rendered":"<p><strong><span style=\"color: #000000;\">El laboratorio peruano l\u00edder en el segmento pedi\u00e1trico ingresa al mercado boliviano con productos fabricados en el Per\u00fa, en alianza con Guti\u00e9rrez &amp; C\u00eda., distribuidora boliviana con 90 a\u00f1os de trayectoria.<\/span><\/strong><\/p>\n<p><span style=\"color: #000000;\"><strong>Lima, 31 Agosto 2026 (El Informante Per\u00fa).-<\/strong> Laboratorios Elifarma, laboratorio farmac\u00e9utico peruano con cerca de 40 a\u00f1os en el sector y l\u00edder en el segmento pedi\u00e1trico del pa\u00eds, anunci\u00f3 el inicio de sus operaciones en Bolivia, su primer paso de expansi\u00f3n internacional en Latinoam\u00e9rica, de la mano de Guti\u00e9rrez &amp; C\u00eda., empresa boliviana con 90 a\u00f1os de trayectoria que se encarga de a distribuci\u00f3n y operaci\u00f3n log\u00edstica en dicho pa\u00eds.<\/span><\/p>\n<p><span style=\"color: #000000;\">De acuerdo con Santiago Cerna, gerente general de Elifarma, la empresa inici\u00f3 su ingreso al mercado boliviano como parte de su proceso de internacionalizaci\u00f3n, con productos fabricados en su planta de Lima que ya est\u00e1n disponibles en ciudades como Santa Cruz, La Paz y Cochabamba, ciudades que concentran el 75% del mercado farmac\u00e9utico privado boliviano, valorizado en US$ 642.5 millones.<\/span><\/p>\n<p><span style=\"color: #000000;\">\u201cEl portafolio inicial comprende cinco productos pedi\u00e1tricos bajo prescripci\u00f3n m\u00e9dica y proyectamos elevar la oferta a 10 productos a septiembre de este a\u00f1o. Bolivia representa la puerta de entrada a la regi\u00f3n por ser un mercado con una alta necesidad de medicamentos pedi\u00e1tricos de calidad, buen sabor y precio accesible. Este ingreso es el resultado de tres a\u00f1os de preparaci\u00f3n que incluyeron registros de marca y la obtenci\u00f3n de autorizaciones sanitarias\u00bb, se\u00f1ala Cerna.<\/span><\/p>\n<p><strong><span style=\"color: #000000;\">Plan de expansi\u00f3n y capacidad operativa<\/span><\/strong><\/p>\n<p><span style=\"color: #000000;\">Elifarma implementar\u00e1 un plan escalonado en Bolivia. Tras la primera etapa, la empresa ya gestiona el registro de entre 8 y 10 productos adicionales para su lanzamiento en 2027, con la meta de replicar progresivamente los 60 productos que comercializa en el Per\u00fa. Con este despliegue, la empresa prev\u00e9 que el mercado boliviano represente entre el 7% y el 12% de sus ventas totales en un plazo de dos a tres a\u00f1os.<\/span><\/p>\n<p><span style=\"color: #000000;\">Para respaldar este crecimiento internacional manteniendo la producci\u00f3n centralizada en el Per\u00fa, la compa\u00f1\u00eda ha entrado en una fase de consolidaci\u00f3n operativa. Actualmente, su planta en Ate opera al 85% de su capacidad en un solo turno, lo que le otorga un amplio margen de escala sin necesidad de ampliar infraestructura f\u00edsica.<\/span><\/p>\n<p><span style=\"color: #000000;\">\u00abSolamente para reforzar los controles de calidad bajo los nuevos requerimientos exigidos por la entidad reguladora, estamos invirtiendo US$ 800,000 en equipamiento de alta tecnolog\u00eda y personal especializado\u00bb, revela el ejecutivo.<\/span><\/p>\n<p><strong><span style=\"color: #000000;\">Hoja de ruta regional al 2028<\/span><\/strong><\/p>\n<p><span style=\"color: #000000;\">La estrategia de internacionalizaci\u00f3n de la firma no se detendr\u00e1 en Bolivia. Elifarma ya inici\u00f3 el proceso de registro de marcas en 10 pa\u00edses de Am\u00e9rica Latina y mantiene conversaciones con potenciales distribuidores en Centroam\u00e9rica y el Caribe. \u00abEstimamos que para el 2028 estaremos lanzando nuestros medicamentos en al menos dos pa\u00edses adicionales de la regi\u00f3n\u00bb, adelanta Cerna.<\/span><\/p>\n<p><span style=\"color: #000000;\">Al cierre de 2026, Laboratorios Elifarma prev\u00e9 mantener un crecimiento de doble d\u00edgito en su facturaci\u00f3n, apalancado en el desempe\u00f1o de su portafolio local, los primeros ingresos provenientes de Bolivia y el pr\u00f3ximo lanzamiento de su nueva l\u00ednea terap\u00e9utica para el tratamiento de enfermedades cr\u00f3nicas en adultos en el Per\u00fa.<\/span><\/p>\n","protected":false},"excerpt":{"rendered":"<p>El laboratorio peruano l\u00edder en el segmento pedi\u00e1trico ingresa al mercado boliviano con productos fabricados en el Per\u00fa, en alianza con Guti\u00e9rrez &amp; C\u00eda., distribuidora boliviana con 90 a\u00f1os de trayectoria. Lima, 31 Agosto 2026 (El Informante Per\u00fa).- Laboratorios Elifarma, laboratorio farmac\u00e9utico peruano con cerca de 40 a\u00f1os en el sector y l\u00edder en el [&hellip;]<\/p>\n","protected":false},"author":1,"featured_media":152879,"comment_status":"closed","ping_status":"closed","sticky":false,"template":"","format":"standard","meta":{"rop_custom_images_group":[],"rop_custom_messages_group":[],"rop_publish_now":"initial","rop_publish_now_accounts":[],"rop_publish_now_history":[],"rop_publish_now_status":"pending","footnotes":""},"categories":[20],"tags":[8897,5241],"class_list":["post-152878","post","type-post","status-publish","format-standard","has-post-thumbnail","hentry","category-eventos","tag-elifarma","tag-eventos"],"_links":{"self":[{"href":"https:\/\/elinformanteperu.com\/index.php\/wp-json\/wp\/v2\/posts\/152878","targetHints":{"allow":["GET"]}}],"collection":[{"href":"https:\/\/elinformanteperu.com\/index.php\/wp-json\/wp\/v2\/posts"}],"about":[{"href":"https:\/\/elinformanteperu.com\/index.php\/wp-json\/wp\/v2\/types\/post"}],"author":[{"embeddable":true,"href":"https:\/\/elinformanteperu.com\/index.php\/wp-json\/wp\/v2\/users\/1"}],"replies":[{"embeddable":true,"href":"https:\/\/elinformanteperu.com\/index.php\/wp-json\/wp\/v2\/comments?post=152878"}],"version-history":[{"count":1,"href":"https:\/\/elinformanteperu.com\/index.php\/wp-json\/wp\/v2\/posts\/152878\/revisions"}],"predecessor-version":[{"id":152880,"href":"https:\/\/elinformanteperu.com\/index.php\/wp-json\/wp\/v2\/posts\/152878\/revisions\/152880"}],"wp:featuredmedia":[{"embeddable":true,"href":"https:\/\/elinformanteperu.com\/index.php\/wp-json\/wp\/v2\/media\/152879"}],"wp:attachment":[{"href":"https:\/\/elinformanteperu.com\/index.php\/wp-json\/wp\/v2\/media?parent=152878"}],"wp:term":[{"taxonomy":"category","embeddable":true,"href":"https:\/\/elinformanteperu.com\/index.php\/wp-json\/wp\/v2\/categories?post=152878"},{"taxonomy":"post_tag","embeddable":true,"href":"https:\/\/elinformanteperu.com\/index.php\/wp-json\/wp\/v2\/tags?post=152878"}],"curies":[{"name":"wp","href":"https:\/\/api.w.org\/{rel}","templated":true}]}}