{"id":152872,"date":"2026-09-01T00:34:31","date_gmt":"2026-09-01T05:34:31","guid":{"rendered":"https:\/\/elinformanteperu.com\/?p=152872"},"modified":"2026-09-01T00:34:31","modified_gmt":"2026-09-01T05:34:31","slug":"pnp-captura-a-implicados-en-crimen-de-trujillo-presuntos-integrantes-de-los-pulpos","status":"publish","type":"post","link":"https:\/\/elinformanteperu.com\/index.php\/2026\/09\/01\/pnp-captura-a-implicados-en-crimen-de-trujillo-presuntos-integrantes-de-los-pulpos\/","title":{"rendered":"PNP captura a implicados en crimen de Trujillo, presuntos integrantes de \u2018Los Pulpos\u2019"},"content":{"rendered":"<p><strong><span style=\"color: #000000;\">Los cinco intervenidos fueron ubicados en los distritos de El Porvenir y Chep\u00e9n, inform\u00f3 el Ministerio del Interior<\/span><\/strong><\/p>\n<p><span style=\"color: #000000;\"><strong>Lima, 31 Agosto 2026.<\/strong>&#8211; Tras un trabajo operativo desplegado en diferentes puntos de Trujillo, la Polic\u00eda Nacional del Per\u00fa (PNP) logr\u00f3 ubicar al empresario minero Jenss Lara Tantaquilla.<\/span><\/p>\n<p><span style=\"color: #000000;\">La intervenci\u00f3n policial permiti\u00f3 adem\u00e1s la captura de sujetos presuntamente implicados en el violento secuestro y en el asesinato de cuatro personas ocurrido la madrugada del \u00faltimo domingo.\u00a0<\/span><\/p>\n<p><span style=\"color: #000000;\">Los cinco intervenidos fueron ubicados en los distritos de El Porvenir y Chep\u00e9n, inform\u00f3 el Ministerio del Interior, en una nota de prensa.<\/span><\/p>\n<p><a href=\"https:\/\/elinformanteperu.com\/wp-content\/uploads\/2024\/11\/esposado66.jpg\"><img fetchpriority=\"high\" decoding=\"async\" class=\"size-large wp-image-127166 aligncenter\" src=\"https:\/\/elinformanteperu.com\/wp-content\/uploads\/2024\/11\/esposado66-1024x683.jpg\" alt=\"\" width=\"615\" height=\"410\" srcset=\"https:\/\/elinformanteperu.com\/wp-content\/uploads\/2024\/11\/esposado66-1024x683.jpg 1024w, https:\/\/elinformanteperu.com\/wp-content\/uploads\/2024\/11\/esposado66-300x200.jpg 300w, https:\/\/elinformanteperu.com\/wp-content\/uploads\/2024\/11\/esposado66-768x512.jpg 768w, https:\/\/elinformanteperu.com\/wp-content\/uploads\/2024\/11\/esposado66-1536x1025.jpg 1536w, https:\/\/elinformanteperu.com\/wp-content\/uploads\/2024\/11\/esposado66.jpg 1800w\" sizes=\"(max-width: 615px) 100vw, 615px\" \/><\/a><span style=\"color: #000000;\">Entre los detenidos, quienes ser\u00edan parte de la banda criminal \u00abLos Pulpos\u00bb, se encuentran Frank Quezada Cruz, alias \u00ab\u00d1ato\u00bb; Julio Zavaleta Quezada, alias \u00abJuliacho\u00bb; C\u00e9sar Garc\u00eda Rivera, alias \u00abBolacho\u00bb; \u00c1ngel Bocanegra Linares, alias \u00abFolo\u00bb; y Jos\u00e9 Cherrepe D\u00e1vila, alias \u00abAres\u00bb, inform\u00f3 el comandante general de la PNP, \u00d3scar Arriola Delgado.<\/span><\/p>\n<p><span style=\"color: #000000;\">Arriola agreg\u00f3 que las investigaciones contin\u00faan en proceso.<\/span><\/p>\n<p><strong><span style=\"color: #000000;\">Lucha sin tregua<\/span><\/strong><\/p>\n<p><span style=\"color: #000000;\">A su turno, el ministro de Defensa, Rafael Belaunde, resalt\u00f3 los resultados obtenidos por la Polic\u00eda Nacional y agreg\u00f3 que no se dar\u00e1 tregua en la lucha contra la criminalidad. (ANDINA).<\/span><\/p>\n<p><a href=\"https:\/\/elinformanteperu.com\/wp-content\/uploads\/2024\/12\/preso-esposado.jpg\"><img decoding=\"async\" class=\"size-large wp-image-131896 aligncenter\" src=\"https:\/\/elinformanteperu.com\/wp-content\/uploads\/2024\/12\/preso-esposado-1024x683.jpg\" alt=\"\" width=\"615\" height=\"410\" srcset=\"https:\/\/elinformanteperu.com\/wp-content\/uploads\/2024\/12\/preso-esposado-1024x683.jpg 1024w, https:\/\/elinformanteperu.com\/wp-content\/uploads\/2024\/12\/preso-esposado-300x200.jpg 300w, https:\/\/elinformanteperu.com\/wp-content\/uploads\/2024\/12\/preso-esposado-768x512.jpg 768w, https:\/\/elinformanteperu.com\/wp-content\/uploads\/2024\/12\/preso-esposado-1536x1025.jpg 1536w, https:\/\/elinformanteperu.com\/wp-content\/uploads\/2024\/12\/preso-esposado.jpg 1800w\" sizes=\"(max-width: 615px) 100vw, 615px\" \/><\/a><\/p>\n","protected":false},"excerpt":{"rendered":"<p>Los cinco intervenidos fueron ubicados en los distritos de El Porvenir y Chep\u00e9n, inform\u00f3 el Ministerio del Interior Lima, 31 Agosto 2026.&#8211; Tras un trabajo operativo desplegado en diferentes puntos de Trujillo, la Polic\u00eda Nacional del Per\u00fa (PNP) logr\u00f3 ubicar al empresario minero Jenss Lara Tantaquilla. La intervenci\u00f3n policial permiti\u00f3 adem\u00e1s la captura de sujetos [&hellip;]<\/p>\n","protected":false},"author":1,"featured_media":152873,"comment_status":"closed","ping_status":"closed","sticky":false,"template":"","format":"standard","meta":{"rop_custom_images_group":[],"rop_custom_messages_group":[],"rop_publish_now":"initial","rop_publish_now_accounts":[],"rop_publish_now_history":[],"rop_publish_now_status":"pending","footnotes":""},"categories":[10],"tags":[4270,376,401,438,8780,3362],"class_list":["post-152872","post","type-post","status-publish","format-standard","has-post-thumbnail","hentry","category-actualidad-municipal","tag-la-libertad","tag-mindef","tag-mininter","tag-pnp","tag-rafael-belaunde","tag-trujillo"],"_links":{"self":[{"href":"https:\/\/elinformanteperu.com\/index.php\/wp-json\/wp\/v2\/posts\/152872","targetHints":{"allow":["GET"]}}],"collection":[{"href":"https:\/\/elinformanteperu.com\/index.php\/wp-json\/wp\/v2\/posts"}],"about":[{"href":"https:\/\/elinformanteperu.com\/index.php\/wp-json\/wp\/v2\/types\/post"}],"author":[{"embeddable":true,"href":"https:\/\/elinformanteperu.com\/index.php\/wp-json\/wp\/v2\/users\/1"}],"replies":[{"embeddable":true,"href":"https:\/\/elinformanteperu.com\/index.php\/wp-json\/wp\/v2\/comments?post=152872"}],"version-history":[{"count":1,"href":"https:\/\/elinformanteperu.com\/index.php\/wp-json\/wp\/v2\/posts\/152872\/revisions"}],"predecessor-version":[{"id":152874,"href":"https:\/\/elinformanteperu.com\/index.php\/wp-json\/wp\/v2\/posts\/152872\/revisions\/152874"}],"wp:featuredmedia":[{"embeddable":true,"href":"https:\/\/elinformanteperu.com\/index.php\/wp-json\/wp\/v2\/media\/152873"}],"wp:attachment":[{"href":"https:\/\/elinformanteperu.com\/index.php\/wp-json\/wp\/v2\/media?parent=152872"}],"wp:term":[{"taxonomy":"category","embeddable":true,"href":"https:\/\/elinformanteperu.com\/index.php\/wp-json\/wp\/v2\/categories?post=152872"},{"taxonomy":"post_tag","embeddable":true,"href":"https:\/\/elinformanteperu.com\/index.php\/wp-json\/wp\/v2\/tags?post=152872"}],"curies":[{"name":"wp","href":"https:\/\/api.w.org\/{rel}","templated":true}]}}