{"id":15287,"date":"2017-09-02T10:41:23","date_gmt":"2017-09-02T15:41:23","guid":{"rendered":"http:\/\/elinformanteperu.com\/?p=15287"},"modified":"2017-09-02T10:41:23","modified_gmt":"2017-09-02T15:41:23","slug":"ministra-martens-anuncia-que-10-regiones-ya-presentaron-plan-de-recuperacion","status":"publish","type":"post","link":"https:\/\/elinformanteperu.com\/index.php\/2017\/09\/02\/ministra-martens-anuncia-que-10-regiones-ya-presentaron-plan-de-recuperacion\/","title":{"rendered":"Ministra Martens anuncia que 10 regiones ya presentaron plan de recuperaci\u00f3n"},"content":{"rendered":"<p><strong><span style=\"color: #000000;\">La ministra de Educaci\u00f3n, Maril\u00fa Martens, anunci\u00f3 que diez regiones presentaron el denominado plan de recuperaci\u00f3n, donde se contempla la forma como se recobrar\u00e1n las horas perdidas en el magisterio.<\/span><\/strong><\/p>\n<p><span style=\"color: #000000;\"><strong>Lima, 01 Setiembre 2017, (ANDINA).-<\/strong> La ministra de Educaci\u00f3n, Maril\u00fa Martens, anunci\u00f3 que diez regiones presentaron el denominado plan de recuperaci\u00f3n, donde se contempla la forma como se recobrar\u00e1n las horas perdidas por la paralizaci\u00f3n magisterial, as\u00ed como los descuentos y contrataci\u00f3n de nuevos profesores.<\/span><\/p>\n<p><span style=\"color: #000000;\">Indic\u00f3 que el di\u00e1logo con los docentes \u201cno se ha roto\u201d, pero que las mesas de negociaci\u00f3n se encuentran en las regiones donde a\u00fan se mantienen en huelga.<\/span><\/p>\n<p><span style=\"color: #000000;\">\u201cYa est\u00e1n llegando los planes, porque dimos un plazo para que en 48 horas lo elaboren y lo env\u00eden al Ministerio de Educaci\u00f3n, (\u2026) ya han llegado los planes de diez regiones, como Piura, Lambayeque, La Libertad, San Mart\u00edn, Madre de Dios y Ucayali\u201d, dijo en Canal N.<\/span><\/p>\n<p><span style=\"color: #000000;\">Explic\u00f3 que, tras la recepci\u00f3n del plan de recuperaci\u00f3n, el ministerio tendr\u00e1 24 horas para aprobarlo y enviarlo a la regi\u00f3n, para que, en cinco d\u00edas h\u00e1biles se pueda iniciar la contrataci\u00f3n de los profesores sustitutos, de ser el caso.<\/span><\/p>\n<p><span style=\"color: #000000;\">\u201cEl decreto de urgencia que se public\u00f3 el martes, se indica que las regiones tienen que elaborar los planes de recuperaci\u00f3n, documento donde est\u00e1n incluidos los despedidos y el plan de recuperaci\u00f3n de horas, as\u00ed como la contrataci\u00f3n de profesores suplentes\u201d, sostuvo.<\/span><\/p>\n<p><span style=\"color: #000000;\">En otro momento, la ministra exhort\u00f3 a los docentes a que vuelvan a cada una de sus regiones, con la finalidad de participar en las mesas t\u00e9cnicas, donde tambi\u00e9n acudir\u00e1 el Ministerio de Educaci\u00f3n.<\/span><\/p>\n<p><span style=\"color: #000000;\">\u201cSiempre hay pedidos regionales, como el tema de la deuda social, en ese sentido, hemos ofrecido enviar a nuestros equipos t\u00e9cnicos, porque siempre hay pedidos que se pueden atender\u201d, asegur\u00f3.<\/span><\/p>\n<p><span style=\"color: #000000;\">Sobre los profesores que tuvieron actitudes violentas, mencion\u00f3 que deben recibir las consecuencias por sus actos, mientras que el profesor fallecido, Fernando Retuerto, dijo que su deceso se debi\u00f3 a una hemorragia cerebral espont\u00e1nea \u201cy no de un golpe o una ca\u00edda\u201d.<\/span><\/p>\n","protected":false},"excerpt":{"rendered":"<p>La ministra de Educaci\u00f3n, Maril\u00fa Martens, anunci\u00f3 que diez regiones presentaron el denominado plan de recuperaci\u00f3n, donde se contempla la forma como se recobrar\u00e1n las horas perdidas en el magisterio. Lima, 01 Setiembre 2017, (ANDINA).- La ministra de Educaci\u00f3n, Maril\u00fa Martens, anunci\u00f3 que diez regiones presentaron el denominado plan de recuperaci\u00f3n, donde se contempla la [&hellip;]<\/p>\n","protected":false},"author":1,"featured_media":14532,"comment_status":"open","ping_status":"open","sticky":false,"template":"","format":"standard","meta":{"rop_custom_images_group":[],"rop_custom_messages_group":[],"rop_publish_now":"initial","rop_publish_now_accounts":[],"rop_publish_now_history":[],"rop_publish_now_status":"pending","footnotes":""},"categories":[5],"tags":[567,328],"class_list":["post-15287","post","type-post","status-publish","format-standard","has-post-thumbnail","hentry","category-actualidad-informativa","tag-marilu-martens","tag-ministerio-de-de-educacion"],"_links":{"self":[{"href":"https:\/\/elinformanteperu.com\/index.php\/wp-json\/wp\/v2\/posts\/15287","targetHints":{"allow":["GET"]}}],"collection":[{"href":"https:\/\/elinformanteperu.com\/index.php\/wp-json\/wp\/v2\/posts"}],"about":[{"href":"https:\/\/elinformanteperu.com\/index.php\/wp-json\/wp\/v2\/types\/post"}],"author":[{"embeddable":true,"href":"https:\/\/elinformanteperu.com\/index.php\/wp-json\/wp\/v2\/users\/1"}],"replies":[{"embeddable":true,"href":"https:\/\/elinformanteperu.com\/index.php\/wp-json\/wp\/v2\/comments?post=15287"}],"version-history":[{"count":1,"href":"https:\/\/elinformanteperu.com\/index.php\/wp-json\/wp\/v2\/posts\/15287\/revisions"}],"predecessor-version":[{"id":15288,"href":"https:\/\/elinformanteperu.com\/index.php\/wp-json\/wp\/v2\/posts\/15287\/revisions\/15288"}],"wp:featuredmedia":[{"embeddable":true,"href":"https:\/\/elinformanteperu.com\/index.php\/wp-json\/wp\/v2\/media\/14532"}],"wp:attachment":[{"href":"https:\/\/elinformanteperu.com\/index.php\/wp-json\/wp\/v2\/media?parent=15287"}],"wp:term":[{"taxonomy":"category","embeddable":true,"href":"https:\/\/elinformanteperu.com\/index.php\/wp-json\/wp\/v2\/categories?post=15287"},{"taxonomy":"post_tag","embeddable":true,"href":"https:\/\/elinformanteperu.com\/index.php\/wp-json\/wp\/v2\/tags?post=15287"}],"curies":[{"name":"wp","href":"https:\/\/api.w.org\/{rel}","templated":true}]}}