{"id":152847,"date":"2026-08-31T23:53:11","date_gmt":"2026-09-01T04:53:11","guid":{"rendered":"https:\/\/elinformanteperu.com\/?p=152847"},"modified":"2026-08-31T23:53:11","modified_gmt":"2026-09-01T04:53:11","slug":"crimen-y-secuestro-en-trujillo-pnp-afirma-que-investigacion-avanza-y-hay-varios-detenidos","status":"publish","type":"post","link":"https:\/\/elinformanteperu.com\/index.php\/2026\/08\/31\/crimen-y-secuestro-en-trujillo-pnp-afirma-que-investigacion-avanza-y-hay-varios-detenidos\/","title":{"rendered":"Crimen y secuestro en Trujillo: PNP afirma que investigaci\u00f3n avanza y hay varios detenidos"},"content":{"rendered":"<p><span style=\"color: #000000;\"><strong>Trujillo, 31 Agosto 2026.-<\/strong> El jefe de la Regi\u00f3n Policial La Libertad, general PNP Ricardo Espinoza, inform\u00f3 que en las pr\u00f3ximas horas se presentar\u00e1 los avances del caso del secuestro del empresario Jans Marty Lara Tantaquilla y el asesinato de sus cuatro acompa\u00f1antes, registrado la madrugada del 30 de agosto en la avenida H\u00fasares de Jun\u00edn, en el cercado de la ciudad de Trujillo.<\/span><\/p>\n<p><span style=\"color: #000000;\">De acuerdo con el oficial, el caso esta bastante avanzado y que solo est\u00e1n terminando diligencias para presentar los resultados de las acciones ejecutadas durante la noche del domingo y madrugada de hoy.<\/span><\/p>\n<p><span style=\"color: #000000;\">\u00abLes pido por favor que esperen un par de horas para presentar los avances del caso. Tenemos capturas e incautaciones importantes\u00bb, adelant\u00f3.\u00a0<\/span><\/p>\n<p><span style=\"color: #000000;\">Sin embargo, no precis\u00f3 la informaci\u00f3n si el empresario Lara Tantaquilla ha sido liberado por los captores, tras pagar una fuerte suma de dinero como ha estado circulando desde las primeras horas. Tampoco confirm\u00f3 si la PNP habr\u00eda logrado su liberaci\u00f3n.<\/span><\/p>\n<p><span style=\"color: #000000;\">El ministro de Defensa, Rafael Belaunde, se reuni\u00f3 temprano con los altos mando policiales, donde tambi\u00e9n estuvo presente el comandante general de la Polic\u00eda Nacional del Per\u00fa, general PNP Oscar Arriola; el jefe de la Direcci\u00f3n Nacional de Investigaci\u00f3n Criminal,\u00a0\u00a0general PNP V\u00edctor Revoredo; y el jefe de la Regi\u00f3n Policial La Libertad, general PNP Ricardo Espinoza.<\/span><\/p>\n<p><span style=\"color: #000000;\">Tambi\u00e9n se encuentra en la ciudad el presidente de la C\u00e1mara de Diputados del Congreso de la Rep\u00fablica, Oscar Reto Otero.<\/span><\/p>\n<p><a href=\"https:\/\/elinformanteperu.com\/wp-content\/uploads\/2026\/08\/trujillo-secuestro-empresario-minero1.jpg\"><img fetchpriority=\"high\" decoding=\"async\" class=\"size-full wp-image-152849 aligncenter\" src=\"https:\/\/elinformanteperu.com\/wp-content\/uploads\/2026\/08\/trujillo-secuestro-empresario-minero1.jpg\" alt=\"\" width=\"827\" height=\"547\" srcset=\"https:\/\/elinformanteperu.com\/wp-content\/uploads\/2026\/08\/trujillo-secuestro-empresario-minero1.jpg 827w, https:\/\/elinformanteperu.com\/wp-content\/uploads\/2026\/08\/trujillo-secuestro-empresario-minero1-300x198.jpg 300w, https:\/\/elinformanteperu.com\/wp-content\/uploads\/2026\/08\/trujillo-secuestro-empresario-minero1-768x508.jpg 768w\" sizes=\"(max-width: 827px) 100vw, 827px\" \/><\/a><strong><span style=\"color: #000000;\">Los hechos<\/span><\/strong><\/p>\n<p><span style=\"color: #000000;\">La madrugada del domingo 30 de agosto, criminales vestidos con uniforme, chaleco y casco del Grupo Especial contra la Criminalidad Organizada (Grecco) y armas de largo alcance, interceptaron una camioneta Raptor en la intercepci\u00f3n de la avenida H\u00fasares de Jun\u00edn con Isabel de Bobadilla.<\/span><\/p>\n<p><span style=\"color: #000000;\">Del supuesto veh\u00edculo policial bajaron cuatro sujetos y solicitaron documentos a los ocupantes. Tras confirmar que en el carro iba el objetivo ordenaron a Lara Quintanilla descender del veh\u00edculo, pero ante la negativa de su personal de seguridad, los delincuentes optaron por asesinarlos.<\/span><\/p>\n<p><span style=\"color: #000000;\">Luego descendieron a Lara Quintanilla, presuntamente herido, y se lo llevaron en el veh\u00edculo con rumbo desconocido.<\/span><\/p>\n<p><span style=\"color: #000000;\">Horas despu\u00e9s se supo que los delincuentes usaron silenciadores para ultimar a las v\u00edctimas, cuyas familias exigen justicia.<\/span><\/p>\n<p><span style=\"color: #000000;\">Las v\u00edctimas mortales fueron identificadas Chistopher Garc\u00eda \u00c1lvarez, ten\u00eda 32 a\u00f1os, Luis Alberto Rojas Ramos, de aproximadamente 35 a\u00f1os, Andrea Monz\u00f3n Ling\u00e1n y Nadia Urtecho Rodr\u00edguez. <strong>(ANDINA).<\/strong><\/span><\/p>\n","protected":false},"excerpt":{"rendered":"<p>Trujillo, 31 Agosto 2026.- El jefe de la Regi\u00f3n Policial La Libertad, general PNP Ricardo Espinoza, inform\u00f3 que en las pr\u00f3ximas horas se presentar\u00e1 los avances del caso del secuestro del empresario Jans Marty Lara Tantaquilla y el asesinato de sus cuatro acompa\u00f1antes, registrado la madrugada del 30 de agosto en la avenida H\u00fasares de [&hellip;]<\/p>\n","protected":false},"author":1,"featured_media":152848,"comment_status":"closed","ping_status":"closed","sticky":false,"template":"","format":"standard","meta":{"rop_custom_images_group":[],"rop_custom_messages_group":[],"rop_publish_now":"initial","rop_publish_now_accounts":[],"rop_publish_now_history":[],"rop_publish_now_status":"pending","footnotes":""},"categories":[10],"tags":[3362],"class_list":["post-152847","post","type-post","status-publish","format-standard","has-post-thumbnail","hentry","category-actualidad-municipal","tag-trujillo"],"_links":{"self":[{"href":"https:\/\/elinformanteperu.com\/index.php\/wp-json\/wp\/v2\/posts\/152847","targetHints":{"allow":["GET"]}}],"collection":[{"href":"https:\/\/elinformanteperu.com\/index.php\/wp-json\/wp\/v2\/posts"}],"about":[{"href":"https:\/\/elinformanteperu.com\/index.php\/wp-json\/wp\/v2\/types\/post"}],"author":[{"embeddable":true,"href":"https:\/\/elinformanteperu.com\/index.php\/wp-json\/wp\/v2\/users\/1"}],"replies":[{"embeddable":true,"href":"https:\/\/elinformanteperu.com\/index.php\/wp-json\/wp\/v2\/comments?post=152847"}],"version-history":[{"count":1,"href":"https:\/\/elinformanteperu.com\/index.php\/wp-json\/wp\/v2\/posts\/152847\/revisions"}],"predecessor-version":[{"id":152850,"href":"https:\/\/elinformanteperu.com\/index.php\/wp-json\/wp\/v2\/posts\/152847\/revisions\/152850"}],"wp:featuredmedia":[{"embeddable":true,"href":"https:\/\/elinformanteperu.com\/index.php\/wp-json\/wp\/v2\/media\/152848"}],"wp:attachment":[{"href":"https:\/\/elinformanteperu.com\/index.php\/wp-json\/wp\/v2\/media?parent=152847"}],"wp:term":[{"taxonomy":"category","embeddable":true,"href":"https:\/\/elinformanteperu.com\/index.php\/wp-json\/wp\/v2\/categories?post=152847"},{"taxonomy":"post_tag","embeddable":true,"href":"https:\/\/elinformanteperu.com\/index.php\/wp-json\/wp\/v2\/tags?post=152847"}],"curies":[{"name":"wp","href":"https:\/\/api.w.org\/{rel}","templated":true}]}}