{"id":152841,"date":"2026-08-31T23:26:44","date_gmt":"2026-09-01T04:26:44","guid":{"rendered":"https:\/\/elinformanteperu.com\/?p=152841"},"modified":"2026-08-31T23:26:44","modified_gmt":"2026-09-01T04:26:44","slug":"ignacio-buse-se-convierte-en-el-tercer-mejor-tenista-peruano-de-la-era-profesional","status":"publish","type":"post","link":"https:\/\/elinformanteperu.com\/index.php\/2026\/08\/31\/ignacio-buse-se-convierte-en-el-tercer-mejor-tenista-peruano-de-la-era-profesional\/","title":{"rendered":"Ignacio Buse se convierte en el tercer mejor tenista peruano de la era profesional"},"content":{"rendered":"<p><strong><span style=\"color: #000000;\">El tenista nacional, de 22 a\u00f1os, experimenta un avance vertiginoso en su carrera deportiva<\/span><\/strong><\/p>\n<p><span style=\"color: #000000;\"><strong>Lima, 31 Agosto 2026.-<\/strong> Ignacio Buse contin\u00faa escribiendo p\u00e1ginas memorables en la historia del tenis peruano. El deportista, integrante del Programa de Apoyo al Deportista (PAD) del Instituto Peruano del Deporte (IPD), alcanz\u00f3 el puesto 30 del ranking ATP luego de conquistar el ATP 250 de Winston-Salem, donde super\u00f3 al brit\u00e1nico Arthur Fery por 6-3 y 6-2 en la final.<\/span><\/p>\n<p><span style=\"color: #000000;\">El resultado le permiti\u00f3 sumar su segundo t\u00edtulo ATP y consolidar el notable crecimiento que viene mostrando en el circuito profesional durante la presente temporada.<\/span><\/p>\n<p><span style=\"color: #000000;\">Con esta ubicaci\u00f3n, Ignacio Buse se convirti\u00f3 en el tercer tenista peruano mejor clasificado de la era profesional, \u00fanicamente por detr\u00e1s de Jaime Yzaga, quien alcanz\u00f3 el puesto 18 en octubre de 1989, y Pablo Arraya, que lleg\u00f3 a la posici\u00f3n 29 en agosto de 1984.<\/span><\/p>\n<p><span style=\"color: #000000;\">El ascenso del tenista nacional tambi\u00e9n le permiti\u00f3 superar el registro alcanzado por Luis Horna, quien ocup\u00f3 el puesto 33 del ranking ATP en agosto de 2004.<\/span><\/p>\n<p><span style=\"color: #000000;\">La clasificaci\u00f3n hist\u00f3rica de los tenistas peruanos con mejor ubicaci\u00f3n en el ranking ATP est\u00e1 encabezada por Jaime Yzaga (18.\u00ba), seguido de Pablo Arraya (29.\u00ba), Ignacio Buse (30.\u00ba), Luis Horna (33.\u00ba), Juan Pablo Varillas (60.\u00ba) y Carlos Di Laura (92.\u00ba).<\/span><\/p>\n<p><span style=\"color: #000000;\">Este nuevo logro confirma la proyecci\u00f3n internacional de Buse y fortalece su presencia entre los principales exponentes del tenis mundial. Su pr\u00f3ximo desaf\u00edo ser\u00e1 el US Open, uno de los cuatro torneos de Grand Slam del calendario profesional.<\/span><\/p>\n<p><span style=\"color: #000000;\">El Instituto Peruano del Deporte destaca este resultado como reflejo del esfuerzo, la dedicaci\u00f3n y el proceso de preparaci\u00f3n que vienen desarrollando los deportistas respaldados por sus programas de apoyo, con miras a seguir obteniendo resultados destacados en la alta competencia.<\/span><\/p>\n<p><span style=\"color: #000000;\">\u201cDesde el IPD celebramos con orgullo este enorme logro, que vuelve a demostrar el alto nivel de nuestros deportistas en el mundo\u201d, puntualiz\u00f3 \u00d3scar Fern\u00e1ndez, presidente del Instituto Peruano del Deporte (IPD).<strong> (ANDINA).<\/strong><\/span><\/p>\n<p><a href=\"https:\/\/elinformanteperu.com\/wp-content\/uploads\/2026\/02\/Ignacio-Buse12.webp\"><img fetchpriority=\"high\" decoding=\"async\" class=\"size-large wp-image-146684 aligncenter\" src=\"https:\/\/elinformanteperu.com\/wp-content\/uploads\/2026\/02\/Ignacio-Buse12-1024x683.webp\" alt=\"\" width=\"615\" height=\"410\" srcset=\"https:\/\/elinformanteperu.com\/wp-content\/uploads\/2026\/02\/Ignacio-Buse12-1024x683.webp 1024w, https:\/\/elinformanteperu.com\/wp-content\/uploads\/2026\/02\/Ignacio-Buse12-300x200.webp 300w, https:\/\/elinformanteperu.com\/wp-content\/uploads\/2026\/02\/Ignacio-Buse12-768x512.webp 768w, https:\/\/elinformanteperu.com\/wp-content\/uploads\/2026\/02\/Ignacio-Buse12-1536x1025.webp 1536w, https:\/\/elinformanteperu.com\/wp-content\/uploads\/2026\/02\/Ignacio-Buse12.webp 1800w\" sizes=\"(max-width: 615px) 100vw, 615px\" \/><\/a><\/p>\n","protected":false},"excerpt":{"rendered":"<p>El tenista nacional, de 22 a\u00f1os, experimenta un avance vertiginoso en su carrera deportiva Lima, 31 Agosto 2026.- Ignacio Buse contin\u00faa escribiendo p\u00e1ginas memorables en la historia del tenis peruano. El deportista, integrante del Programa de Apoyo al Deportista (PAD) del Instituto Peruano del Deporte (IPD), alcanz\u00f3 el puesto 30 del ranking ATP luego de [&hellip;]<\/p>\n","protected":false},"author":1,"featured_media":149181,"comment_status":"closed","ping_status":"closed","sticky":false,"template":"","format":"standard","meta":{"rop_custom_images_group":[],"rop_custom_messages_group":[],"rop_publish_now":"initial","rop_publish_now_accounts":[],"rop_publish_now_history":[],"rop_publish_now_status":"pending","footnotes":""},"categories":[8],"tags":[8385,8116,3682],"class_list":["post-152841","post","type-post","status-publish","format-standard","has-post-thumbnail","hentry","category-disciplinas-deportivas","tag-federacion-peruana-de-tenis","tag-ignacio-buse","tag-tenis"],"_links":{"self":[{"href":"https:\/\/elinformanteperu.com\/index.php\/wp-json\/wp\/v2\/posts\/152841","targetHints":{"allow":["GET"]}}],"collection":[{"href":"https:\/\/elinformanteperu.com\/index.php\/wp-json\/wp\/v2\/posts"}],"about":[{"href":"https:\/\/elinformanteperu.com\/index.php\/wp-json\/wp\/v2\/types\/post"}],"author":[{"embeddable":true,"href":"https:\/\/elinformanteperu.com\/index.php\/wp-json\/wp\/v2\/users\/1"}],"replies":[{"embeddable":true,"href":"https:\/\/elinformanteperu.com\/index.php\/wp-json\/wp\/v2\/comments?post=152841"}],"version-history":[{"count":1,"href":"https:\/\/elinformanteperu.com\/index.php\/wp-json\/wp\/v2\/posts\/152841\/revisions"}],"predecessor-version":[{"id":152842,"href":"https:\/\/elinformanteperu.com\/index.php\/wp-json\/wp\/v2\/posts\/152841\/revisions\/152842"}],"wp:featuredmedia":[{"embeddable":true,"href":"https:\/\/elinformanteperu.com\/index.php\/wp-json\/wp\/v2\/media\/149181"}],"wp:attachment":[{"href":"https:\/\/elinformanteperu.com\/index.php\/wp-json\/wp\/v2\/media?parent=152841"}],"wp:term":[{"taxonomy":"category","embeddable":true,"href":"https:\/\/elinformanteperu.com\/index.php\/wp-json\/wp\/v2\/categories?post=152841"},{"taxonomy":"post_tag","embeddable":true,"href":"https:\/\/elinformanteperu.com\/index.php\/wp-json\/wp\/v2\/tags?post=152841"}],"curies":[{"name":"wp","href":"https:\/\/api.w.org\/{rel}","templated":true}]}}