{"id":152832,"date":"2026-08-31T23:18:04","date_gmt":"2026-09-01T04:18:04","guid":{"rendered":"https:\/\/elinformanteperu.com\/?p=152832"},"modified":"2026-08-31T23:18:04","modified_gmt":"2026-09-01T04:18:04","slug":"lionel-messi-estos-son-los-grandes-momentos-del-astro-del-futbol-con-argentina","status":"publish","type":"post","link":"https:\/\/elinformanteperu.com\/index.php\/2026\/08\/31\/lionel-messi-estos-son-los-grandes-momentos-del-astro-del-futbol-con-argentina\/","title":{"rendered":"Lionel Messi: Estos son los grandes momentos del astro del f\u00fatbol con Argentina"},"content":{"rendered":"<p><strong><span style=\"color: #000000;\">Lider\u00f3 a la Albiceleste a la obtenci\u00f3n de dos t\u00edtulos de la Copa Am\u00e9rica y una Copa del Mundo<\/span><\/strong><\/p>\n<p><span style=\"color: #000000;\"><strong>Lima, 31 Agosto 2026.-<\/strong> Campe\u00f3n del mundo y dos veces vencedor de la Copa Am\u00e9rica con Argentina, Lionel Messi se puso fin este lunes a su carrera internacional con la Albiceleste, despu\u00e9s de 21 a\u00f1os y 125 goles con la camiseta de su selecci\u00f3n, de la que es el m\u00e1ximo anotador.<\/span><\/p>\n<p><span style=\"color: #000000;\">Estos son los momentos clave, para bien o para mal, del astro rosarino con Argentina:<\/span><\/p>\n<p><strong><span style=\"color: #000000;\">. 2006: su primer Mundial<\/span><\/strong><\/p>\n<p><span style=\"color: #000000;\">Diez meses despu\u00e9s de su debut con la selecci\u00f3n nacional absoluta -unos fogosos primeros pasos frenados en seco por una expulsi\u00f3n menos de un minuto despu\u00e9s de entrar en el campo-, Messi es convocado por Jos\u00e9 P\u00e9kerman para el Mundial de Alemania 2006.<\/span><\/p>\n<p><span style=\"color: #000000;\">Messi se estrena en el torneo m\u00e1s importante del f\u00fatbol en el minuto 74&#8242; del segundo partido de la fase de grupos, el 16 de junio de 2006, cuando Argentina dominaba ya 3-0 ante Serbia y Montenegro.<\/span><\/p>\n<p><span style=\"color: #000000;\">Dio una asistencia a Hern\u00e1n Crespo apenas cuatro minutos despu\u00e9s de su entrada en juego y luego se sum\u00f3 al fest\u00edn con un tanto, para cerrar la goleada 6-0 de Argentina en aquel partido, unos d\u00edas antes de cumplir 19 a\u00f1os.<\/span><\/p>\n<p><a href=\"https:\/\/elinformanteperu.com\/wp-content\/uploads\/2026\/08\/lionel-messi-etapas.jpg\"><img fetchpriority=\"high\" decoding=\"async\" class=\"wp-image-152834 aligncenter\" src=\"https:\/\/elinformanteperu.com\/wp-content\/uploads\/2026\/08\/lionel-messi-etapas.jpg\" alt=\"\" width=\"683\" height=\"698\" srcset=\"https:\/\/elinformanteperu.com\/wp-content\/uploads\/2026\/08\/lionel-messi-etapas.jpg 822w, https:\/\/elinformanteperu.com\/wp-content\/uploads\/2026\/08\/lionel-messi-etapas-294x300.jpg 294w, https:\/\/elinformanteperu.com\/wp-content\/uploads\/2026\/08\/lionel-messi-etapas-768x785.jpg 768w, https:\/\/elinformanteperu.com\/wp-content\/uploads\/2026\/08\/lionel-messi-etapas-60x60.jpg 60w, https:\/\/elinformanteperu.com\/wp-content\/uploads\/2026\/08\/lionel-messi-etapas-50x50.jpg 50w\" sizes=\"(max-width: 683px) 100vw, 683px\" \/><\/a><strong><span style=\"color: #000000;\">. 2014: subcampe\u00f3n en Maracan\u00e1<\/span><\/strong><\/p>\n<p><span style=\"color: #000000;\">Despu\u00e9s de dos eliminaciones consecutivas en cuartos de final ante Alemania (2006 y 2010), Argentina se reencuentra con esa selecci\u00f3n en la final del Mundial de Brasil 2014.<\/span><\/p>\n<p><span style=\"color: #000000;\">En Sud\u00e1frica 2010, Messi no hab\u00eda conseguido marcar, pero en ese Mundial de 2014 hab\u00eda brillado con cuatro tantos y una asistencia, siendo decisivo en el camino del equipo a la final, hasta el punto de ser elegido el mejor jugador de la competici\u00f3n pese a no ser campe\u00f3n.<\/span><\/p>\n<p><span style=\"color: #000000;\">El atacante del Bar\u00e7a, convertido en capit\u00e1n de su selecci\u00f3n, vivi\u00f3 con enorme decepci\u00f3n la derrota 1-0 ante los alemanes en la pr\u00f3rroga de la final en el Maracan\u00e1 de R\u00edo de Janeiro.<\/span><\/p>\n<p><strong><span style=\"color: #000000;\">. 2016: un primer adi\u00f3s ef\u00edmero<\/span><\/strong><\/p>\n<p><span style=\"color: #000000;\">Con una carrera gloriosa con el Bar\u00e7a, Messi acumul\u00f3 frustraciones con su selecci\u00f3n y unas palabras suyas dieron la vuelta al mundo en junio de 2016.<\/span><\/p>\n<p><span style=\"color: #000000;\">Argentina hab\u00eda perdido la final de la Copa Am\u00e9rica ante Chile en 2015 y un a\u00f1o despu\u00e9s volvi\u00f3 a medirse al mismo equipo en el duelo decisivo del mismo torneo, donde confiaba en tomarse la revancha.<\/span><\/p>\n<p><span style=\"color: #000000;\">El pulso fue a la tanda de penales, como un a\u00f1o antes, y la historia se repiti\u00f3: los fallos de Lucas Biglia y del propio Messi provocaron un nuevo t\u00edtulo de Chile.<\/span><\/p>\n<p><span style=\"color: #000000;\">En caliente tras la derrota, el N.10 argentino anunciaba su adi\u00f3s a la selecci\u00f3n con apenas 29 a\u00f1os.<\/span><\/p>\n<p><span style=\"color: #000000;\">Comenz\u00f3 entonces una oleada de peticiones para que diera marcha atr\u00e1s en esa decisi\u00f3n, desde el entonces presidente Mauricio Macri a la leyenda Diego Maradona pasando por millas y millas de hinchas.<\/span><\/p>\n<p><span style=\"color: #000000;\">Dos meses despu\u00e9s, Messi decidi\u00f3 volver, para alivio de todo un pa\u00eds.<\/span><\/p>\n<p><a href=\"https:\/\/elinformanteperu.com\/wp-content\/uploads\/2026\/08\/lionel-messi-copa-america.jpg\"><img decoding=\"async\" class=\"size-full wp-image-152835 aligncenter\" src=\"https:\/\/elinformanteperu.com\/wp-content\/uploads\/2026\/08\/lionel-messi-copa-america.jpg\" alt=\"\" width=\"830\" height=\"566\" srcset=\"https:\/\/elinformanteperu.com\/wp-content\/uploads\/2026\/08\/lionel-messi-copa-america.jpg 830w, https:\/\/elinformanteperu.com\/wp-content\/uploads\/2026\/08\/lionel-messi-copa-america-300x205.jpg 300w, https:\/\/elinformanteperu.com\/wp-content\/uploads\/2026\/08\/lionel-messi-copa-america-768x524.jpg 768w\" sizes=\"(max-width: 830px) 100vw, 830px\" \/><\/a><strong><span style=\"color: #000000;\">. 2021: la primera Copa Am\u00e9rica, por fin<\/span><\/strong><\/p>\n<p><span style=\"color: #000000;\">A punto de dejar el Barcelona despu\u00e9s de 17 temporadas para unirse al PSG, Lionel Messi mantuvo la concentraci\u00f3n durante la Copa Am\u00e9rica 2021 en Brasil: fue el com\u00e1ximo goleador y el m\u00e1ximo asistente del torneo, guiando a Argentina a la final ante la Sele\u00e7\u00e3o.<\/span><\/p>\n<p><span style=\"color: #000000;\">Este 10 de julio de 2021, en territorio hostil, Argentina gan\u00f3 1-0 con un tanto de \u00c1ngel Di Mar\u00eda.<\/span><\/p>\n<p><span style=\"color: #000000;\">Despu\u00e9s de tres finales perdidas en la Copa Am\u00e9rica (2007, 2015, 2016), Messi se sacaba por fin la espina y saboreaba su primer gran t\u00edtulo con Argentina.<\/span><\/p>\n<p><strong><span style=\"color: #000000;\">. 2022: la cima del mundo<\/span><\/strong><\/p>\n<p><span style=\"color: #000000;\">Sobremotivado a las \u00f3rdenes de Lionel Scaloni, Messi sinti\u00f3 que el Mundial de Catar 2022 era su gran oportunidad.<\/span><\/p>\n<p><span style=\"color: #000000;\">Desde el principio lo dej\u00f3 claro y antes de la final hab\u00eda anotado cinco goles, siendo clave para el camino de la Albiceleste hasta el \u00faltimo partido.<\/span><\/p>\n<p><span style=\"color: #000000;\">La cita era el 18 de diciembre de 2022 en Lusail, cerca de Doha, y el capit\u00e1n de Argentina adquiri\u00f3 su estatus de l\u00edder firmando un doblete ante Francia, donde Kylian Mbapp\u00e9 respondi\u00f3 con triplete para firmar un 3-3 que aplaz\u00f3 la decisi\u00f3n hasta la tanda de penales.<\/span><\/p>\n<p><span style=\"color: #000000;\">Gonzalo Montiel anot\u00f3 el tiro que dio a Argentina su tercera estrella y con 35 a\u00f1os Messi pod\u00eda sentirse, por fin, el rey del mundo.<\/span><\/p>\n<p><a href=\"https:\/\/elinformanteperu.com\/wp-content\/uploads\/2026\/08\/messi-copa-del-mundo-2022.jpg\"><img decoding=\"async\" class=\"size-full wp-image-152837 aligncenter\" src=\"https:\/\/elinformanteperu.com\/wp-content\/uploads\/2026\/08\/messi-copa-del-mundo-2022.jpg\" alt=\"\" width=\"826\" height=\"560\" srcset=\"https:\/\/elinformanteperu.com\/wp-content\/uploads\/2026\/08\/messi-copa-del-mundo-2022.jpg 826w, https:\/\/elinformanteperu.com\/wp-content\/uploads\/2026\/08\/messi-copa-del-mundo-2022-300x203.jpg 300w, https:\/\/elinformanteperu.com\/wp-content\/uploads\/2026\/08\/messi-copa-del-mundo-2022-768x521.jpg 768w\" sizes=\"(max-width: 826px) 100vw, 826px\" \/><\/a><strong><span style=\"color: #000000;\">. 2026: destruido en Nueva Jersey<\/span><\/strong><\/p>\n<p><span style=\"color: #000000;\">En 2024, Argentina sigui\u00f3 su racha triunfal hist\u00f3rica con un t\u00edtulo en la Copa Am\u00e9rica.<\/span><\/p>\n<p><span style=\"color: #000000;\">Ya en el Inter Miami y en una etapa crepuscular de su carrera, Messi se propuso acudir al Mundial 2026 de Norteam\u00e9rica y lo consigui\u00f3.<\/span><\/p>\n<p><span style=\"color: #000000;\">Ya en la entrada en liza, escribi\u00f3 un triplete ante Argelia, una semana antes de cumplir los 39 a\u00f1os.<\/span><\/p>\n<p><span style=\"color: #000000;\">En ese torneo alcanz\u00f3 y super\u00f3 al alem\u00e1n Miroslav Klose como m\u00e1ximo anotador de la historia de los Mundiales, aunque luego ambos fueron adelantados en esa clasificaci\u00f3n durante la misma competici\u00f3n por Mbapp\u00e9, que elev\u00f3 la plusmarca a 22 dianas.<\/span><\/p>\n<p><a href=\"https:\/\/elinformanteperu.com\/wp-content\/uploads\/2026\/08\/messi-copa-mundo.jpg\"><img loading=\"lazy\" decoding=\"async\" class=\"size-full wp-image-152838 aligncenter\" src=\"https:\/\/elinformanteperu.com\/wp-content\/uploads\/2026\/08\/messi-copa-mundo.jpg\" alt=\"\" width=\"827\" height=\"552\" srcset=\"https:\/\/elinformanteperu.com\/wp-content\/uploads\/2026\/08\/messi-copa-mundo.jpg 827w, https:\/\/elinformanteperu.com\/wp-content\/uploads\/2026\/08\/messi-copa-mundo-300x200.jpg 300w, https:\/\/elinformanteperu.com\/wp-content\/uploads\/2026\/08\/messi-copa-mundo-768x513.jpg 768w\" sizes=\"(max-width: 827px) 100vw, 827px\" \/><\/a><span style=\"color: #000000;\">Messi se qued\u00f3 en total con 21 y la \u00faltima fue su octavo gol en ese Mundial 2026, el 7 de julio en octavos de final, en la victoria casi milagrosa contra Egipto (3-2).<\/span><\/p>\n<p><span style=\"color: #000000;\">No marc\u00f3 luego ni en cuartos ante Suiza (3-1), ni en la semifinal contra Inglaterra (2-1). Y tampoco en la final perdida ante Espa\u00f1a (1-0) en el MetLife Stadium de East Rutherford (Nueva Jersey).<\/span><\/p>\n<p><span style=\"color: #000000;\">\u00abEl dolor es muy grande y va a costar que cierre esta herida\u00bb, admiti\u00f3 en Instagram un d\u00eda despu\u00e9s de la derrota ante los espa\u00f1oles. <strong>(ANDINA).<\/strong><\/span><\/p>\n<p><a href=\"https:\/\/elinformanteperu.com\/wp-content\/uploads\/2026\/08\/messi-ovacionado2.jpg\"><img loading=\"lazy\" decoding=\"async\" class=\"size-full wp-image-152839 aligncenter\" src=\"https:\/\/elinformanteperu.com\/wp-content\/uploads\/2026\/08\/messi-ovacionado2.jpg\" alt=\"\" width=\"828\" height=\"660\" srcset=\"https:\/\/elinformanteperu.com\/wp-content\/uploads\/2026\/08\/messi-ovacionado2.jpg 828w, https:\/\/elinformanteperu.com\/wp-content\/uploads\/2026\/08\/messi-ovacionado2-300x239.jpg 300w, https:\/\/elinformanteperu.com\/wp-content\/uploads\/2026\/08\/messi-ovacionado2-768x612.jpg 768w, https:\/\/elinformanteperu.com\/wp-content\/uploads\/2026\/08\/messi-ovacionado2-200x160.jpg 200w\" sizes=\"(max-width: 828px) 100vw, 828px\" \/><\/a><\/p>\n","protected":false},"excerpt":{"rendered":"<p>Lider\u00f3 a la Albiceleste a la obtenci\u00f3n de dos t\u00edtulos de la Copa Am\u00e9rica y una Copa del Mundo Lima, 31 Agosto 2026.- Campe\u00f3n del mundo y dos veces vencedor de la Copa Am\u00e9rica con Argentina, Lionel Messi se puso fin este lunes a su carrera internacional con la Albiceleste, despu\u00e9s de 21 a\u00f1os y [&hellip;]<\/p>\n","protected":false},"author":1,"featured_media":152833,"comment_status":"closed","ping_status":"closed","sticky":false,"template":"","format":"standard","meta":{"rop_custom_images_group":[],"rop_custom_messages_group":[],"rop_publish_now":"initial","rop_publish_now_accounts":[],"rop_publish_now_history":[],"rop_publish_now_status":"pending","footnotes":""},"categories":[13,8],"tags":[302],"class_list":["post-152832","post","type-post","status-publish","format-standard","has-post-thumbnail","hentry","category-hemeroteca-virtual","category-disciplinas-deportivas","tag-lionel-messi"],"_links":{"self":[{"href":"https:\/\/elinformanteperu.com\/index.php\/wp-json\/wp\/v2\/posts\/152832","targetHints":{"allow":["GET"]}}],"collection":[{"href":"https:\/\/elinformanteperu.com\/index.php\/wp-json\/wp\/v2\/posts"}],"about":[{"href":"https:\/\/elinformanteperu.com\/index.php\/wp-json\/wp\/v2\/types\/post"}],"author":[{"embeddable":true,"href":"https:\/\/elinformanteperu.com\/index.php\/wp-json\/wp\/v2\/users\/1"}],"replies":[{"embeddable":true,"href":"https:\/\/elinformanteperu.com\/index.php\/wp-json\/wp\/v2\/comments?post=152832"}],"version-history":[{"count":1,"href":"https:\/\/elinformanteperu.com\/index.php\/wp-json\/wp\/v2\/posts\/152832\/revisions"}],"predecessor-version":[{"id":152840,"href":"https:\/\/elinformanteperu.com\/index.php\/wp-json\/wp\/v2\/posts\/152832\/revisions\/152840"}],"wp:featuredmedia":[{"embeddable":true,"href":"https:\/\/elinformanteperu.com\/index.php\/wp-json\/wp\/v2\/media\/152833"}],"wp:attachment":[{"href":"https:\/\/elinformanteperu.com\/index.php\/wp-json\/wp\/v2\/media?parent=152832"}],"wp:term":[{"taxonomy":"category","embeddable":true,"href":"https:\/\/elinformanteperu.com\/index.php\/wp-json\/wp\/v2\/categories?post=152832"},{"taxonomy":"post_tag","embeddable":true,"href":"https:\/\/elinformanteperu.com\/index.php\/wp-json\/wp\/v2\/tags?post=152832"}],"curies":[{"name":"wp","href":"https:\/\/api.w.org\/{rel}","templated":true}]}}