{"id":152829,"date":"2026-08-31T23:02:50","date_gmt":"2026-09-01T04:02:50","guid":{"rendered":"https:\/\/elinformanteperu.com\/?p=152829"},"modified":"2026-08-31T23:02:50","modified_gmt":"2026-09-01T04:02:50","slug":"ignacio-buse-sube-seis-puestos-y-se-situa-en-el-puesto-30-del-ranking-atp","status":"publish","type":"post","link":"https:\/\/elinformanteperu.com\/index.php\/2026\/08\/31\/ignacio-buse-sube-seis-puestos-y-se-situa-en-el-puesto-30-del-ranking-atp\/","title":{"rendered":"Ignacio Buse sube seis puestos y se sit\u00faa en el puesto 30 del ranking ATP"},"content":{"rendered":"<p><strong><span style=\"color: #000000;\">El tenista logra su mejor ubicaci\u00f3n en de su carrera como tenista profesional<\/span><\/strong><\/p>\n<p><span style=\"color: #000000;\"><strong>Lima, 31 Agosto 2026.-<\/strong> El peruano Ignacio Buse, ganador del torneo ATP 250 de Winston Salem (Estados Unidos), subi\u00f3 seis puestos en el &#8216;ranking&#8217; ATP y se sit\u00faa el n\u00famero 30 de una clasificaci\u00f3n que sigue liderando el italiano Jannik Sinner.<\/span><\/p>\n<p><span style=\"color: #000000;\">Buse, que se impuso en la final de Winston Salem al brit\u00e1nico Arthur Fery, protagoniza un movimiento destacado del &#8216;ranking&#8217; ATP con esos seis puestos de subida que provocan que el franc\u00e9s Ugo Umbert (31) y el argentino Tom\u00e1s Mart\u00edn Etcheverry (32) caigan una plaza y los belgas Alexander Blockx (34) y Zizou Bergs (37), el ingl\u00e9s Cameron Norrie (35) y el italiano Matteo Arnaldi (36) dos.<\/span><\/p>\n<p><span style=\"color: #000000;\">El argentino Juan Manuel Cer\u00fandolo, que lleg\u00f3 en Winston Salem a cuartos de final, ronda en la que cay\u00f3 con Buse, tambi\u00e9n sube seis puestos hasta situarse en el n\u00famero 45 de la clasificaci\u00f3n.<\/span><\/p>\n<p><span style=\"color: #000000;\">La clasificaci\u00f3n la sigue liderando Jannik Sinner, con 12.800 puntos, seguido del alem\u00e1n Alexander Zverev (7.790), el espa\u00f1ol Carlos Alcaraz (7.160), el canadiense Felix Auger-Aliassime (4.640) y el serbio Novak Djokovic (3.770).<\/span><\/p>\n<p><span style=\"color: #000000;\">Esta nueva posici\u00f3n le permite a Ignacio Buse convertirse en el tercer mejor tenista peruano de la historia profesional, solo por detr\u00e1s de Jaime Yazga y Pablo Arraya.<\/span><\/p>\n<p><span style=\"color: #000000;\">Ubicado en el puesto 30 de la clasificaci\u00f3n mundial, desplaz\u00f3 de esa tercera casilla a Luis Horna (33\u00b0).<\/span><\/p>\n<p><strong><span style=\"color: #000000;\">La clasificaci\u00f3n ha quedado as\u00ed:\u00a0<\/span><\/strong><\/p>\n<p><span style=\"color: #000000;\"><strong>N\u00ba 18 |<\/strong> Octubre de 1989 | Jaime Yzaga (22 a\u00f1os)\u00a0<\/span><br \/>\n<span style=\"color: #000000;\"><strong>N\u00ba 29 |<\/strong> Agosto de 1984 | Pablo Arraya (22 a\u00f1os)\u00a0<\/span><br \/>\n<span style=\"color: #000000;\"><strong>N\u00ba 30 |<\/strong> HOY | Ignacio Buse (22 a\u00f1os)\u00a0<\/span><br \/>\n<span style=\"color: #000000;\"><strong>N\u00ba 33 |<\/strong> Agosto del 2004 | Luis Horna (23 a\u00f1os)\u00a0<\/span><br \/>\n<span style=\"color: #000000;\"><strong>N\u00ba 60 |<\/strong> Junio del 2023 | Juan Pablo Varillas (27 a\u00f1os)\u00a0<\/span><br \/>\n<span style=\"color: #000000;\"><strong>N\u00ba 92 |<\/strong> Mayo de 1986 | Carlos Di Laura (22 a\u00f1os)\u00a0<strong>(ANDINA).<\/strong><\/span><\/p>\n<p><a href=\"https:\/\/elinformanteperu.com\/wp-content\/uploads\/2026\/06\/Ignacio-Buse.jpg\"><img fetchpriority=\"high\" decoding=\"async\" class=\"size-full wp-image-149181 aligncenter\" src=\"https:\/\/elinformanteperu.com\/wp-content\/uploads\/2026\/06\/Ignacio-Buse.jpg\" alt=\"\" width=\"837\" height=\"556\" srcset=\"https:\/\/elinformanteperu.com\/wp-content\/uploads\/2026\/06\/Ignacio-Buse.jpg 837w, https:\/\/elinformanteperu.com\/wp-content\/uploads\/2026\/06\/Ignacio-Buse-300x199.jpg 300w, https:\/\/elinformanteperu.com\/wp-content\/uploads\/2026\/06\/Ignacio-Buse-768x510.jpg 768w\" sizes=\"(max-width: 837px) 100vw, 837px\" \/><\/a><\/p>\n","protected":false},"excerpt":{"rendered":"<p>El tenista logra su mejor ubicaci\u00f3n en de su carrera como tenista profesional Lima, 31 Agosto 2026.- El peruano Ignacio Buse, ganador del torneo ATP 250 de Winston Salem (Estados Unidos), subi\u00f3 seis puestos en el &#8216;ranking&#8217; ATP y se sit\u00faa el n\u00famero 30 de una clasificaci\u00f3n que sigue liderando el italiano Jannik Sinner. Buse, [&hellip;]<\/p>\n","protected":false},"author":1,"featured_media":152830,"comment_status":"closed","ping_status":"closed","sticky":false,"template":"","format":"standard","meta":{"rop_custom_images_group":[],"rop_custom_messages_group":[],"rop_publish_now":"initial","rop_publish_now_accounts":[],"rop_publish_now_history":[],"rop_publish_now_status":"pending","footnotes":""},"categories":[8],"tags":[8385,8116,3682],"class_list":["post-152829","post","type-post","status-publish","format-standard","has-post-thumbnail","hentry","category-disciplinas-deportivas","tag-federacion-peruana-de-tenis","tag-ignacio-buse","tag-tenis"],"_links":{"self":[{"href":"https:\/\/elinformanteperu.com\/index.php\/wp-json\/wp\/v2\/posts\/152829","targetHints":{"allow":["GET"]}}],"collection":[{"href":"https:\/\/elinformanteperu.com\/index.php\/wp-json\/wp\/v2\/posts"}],"about":[{"href":"https:\/\/elinformanteperu.com\/index.php\/wp-json\/wp\/v2\/types\/post"}],"author":[{"embeddable":true,"href":"https:\/\/elinformanteperu.com\/index.php\/wp-json\/wp\/v2\/users\/1"}],"replies":[{"embeddable":true,"href":"https:\/\/elinformanteperu.com\/index.php\/wp-json\/wp\/v2\/comments?post=152829"}],"version-history":[{"count":1,"href":"https:\/\/elinformanteperu.com\/index.php\/wp-json\/wp\/v2\/posts\/152829\/revisions"}],"predecessor-version":[{"id":152831,"href":"https:\/\/elinformanteperu.com\/index.php\/wp-json\/wp\/v2\/posts\/152829\/revisions\/152831"}],"wp:featuredmedia":[{"embeddable":true,"href":"https:\/\/elinformanteperu.com\/index.php\/wp-json\/wp\/v2\/media\/152830"}],"wp:attachment":[{"href":"https:\/\/elinformanteperu.com\/index.php\/wp-json\/wp\/v2\/media?parent=152829"}],"wp:term":[{"taxonomy":"category","embeddable":true,"href":"https:\/\/elinformanteperu.com\/index.php\/wp-json\/wp\/v2\/categories?post=152829"},{"taxonomy":"post_tag","embeddable":true,"href":"https:\/\/elinformanteperu.com\/index.php\/wp-json\/wp\/v2\/tags?post=152829"}],"curies":[{"name":"wp","href":"https:\/\/api.w.org\/{rel}","templated":true}]}}