{"id":152825,"date":"2026-08-31T22:55:38","date_gmt":"2026-09-01T03:55:38","guid":{"rendered":"https:\/\/elinformanteperu.com\/?p=152825"},"modified":"2026-08-31T22:55:38","modified_gmt":"2026-09-01T03:55:38","slug":"figuras-argentinas-saludan-a-lionel-messi-tras-su-retiro-de-la-seleccion-albiceleste","status":"publish","type":"post","link":"https:\/\/elinformanteperu.com\/index.php\/2026\/08\/31\/figuras-argentinas-saludan-a-lionel-messi-tras-su-retiro-de-la-seleccion-albiceleste\/","title":{"rendered":"Figuras argentinas saludan a Lionel Messi tras su retiro de la selecci\u00f3n albiceleste"},"content":{"rendered":"<p><strong><span style=\"color: #000000;\">\u00c1ngel Di Mar\u00eda, Leandro Paredes y Rodrigo de Paul agradecieron al astro y aseguraron que es el \u00abm\u00e1s grande\u00bb<\/span><\/strong><\/p>\n<p><span style=\"color: #000000;\"><strong>Buenos Aires, 31 Agosto 2026.-<\/strong> \u00c1ngel Di Mar\u00eda, Leandro Paredes y otras figuras de la selecci\u00f3n de Argentina saludaron este lunes a Lionel Messi tras su anuncio de que se retira de la Albiceleste, al tiempo que le agradecieron por su gran desempe\u00f1o y esfuerzo durante los m\u00e1s de 20 a\u00f1os en los que visti\u00f3 la camiseta celeste y blanca.<\/span><\/p>\n<p><span style=\"color: #000000;\">\u00abVamos a estarte agradecidos toda la vida por ser argentino, por haber llevado a la Argentina a lo alto del mundo\u00bb, escribi\u00f3 en su perfil de Instagram Di Mar\u00eda, compa\u00f1ero de Messi en el seleccionado durante casi 20 a\u00f1os.<\/span><\/p>\n<p><span style=\"color: #000000;\">El actual futbolista de Rosario Central destac\u00f3 adem\u00e1s la decisi\u00f3n de la &#8216;Pulga&#8217; de haber optado por vestir la camiseta celeste y blanca, cuando podr\u00eda haber elegido jugar para Espa\u00f1a: \u00abPor haber elegido ser argentino cuando tranquilamente pod\u00edas haber elegido otra cosa. Gracias capit\u00e1n. Gracias por todo. El mejor de la historia\u00bb.<\/span><\/p>\n<p><span style=\"color: #000000;\">Leandro Paredes, que al igual que Di Mar\u00eda integr\u00f3 junto a Messi el plantel campe\u00f3n mundial en Catar 2022, tambi\u00e9n salud\u00f3 al delantero del Inter Miami: \u00abGracias por absolutamente todo. Sos y ser\u00e1s siempre el m\u00e1s grande de todos. Te amamos capit\u00e1n\u00bb.<\/span><\/p>\n<p><span style=\"color: #000000;\">Otro de los que apel\u00f3 a las redes sociales para expresarse sobre el retiro de Messi del seleccionado fue el mediocampista Rodrigo de Paul, compa\u00f1ero suyo tanto en la Albiceleste como en el club estadounidense: \u00abSolo gracias, el m\u00e1s grande de toda la historia, gracias por hacernos tan pero tan felices, no te imaginas cuantas sonrisas sacaste. Sos eterno\u00bb.<\/span><\/p>\n<p><span style=\"color: #000000;\">\u00abTu amor incondicional por nuestro pa\u00eds, tus batallas internas para nunca abandonar, tu fortaleza para siempre aguantar las injusticias, tu liderazgo y calidad humana con cada jugador que entraba al predio para que se sienta bien, los detalles con cada trabajador de nuestra selecci\u00f3n\u00bb, a\u00f1adi\u00f3 De Paul, destacando el papel de Messi tanto dentro como fuera del campo.<\/span><\/p>\n<p><a href=\"https:\/\/elinformanteperu.com\/wp-content\/uploads\/2026\/08\/messi-y-rodrigo-de-paul.jpg\"><img fetchpriority=\"high\" decoding=\"async\" class=\"wp-image-152827 aligncenter\" src=\"https:\/\/elinformanteperu.com\/wp-content\/uploads\/2026\/08\/messi-y-rodrigo-de-paul.jpg\" alt=\"\" width=\"545\" height=\"677\" srcset=\"https:\/\/elinformanteperu.com\/wp-content\/uploads\/2026\/08\/messi-y-rodrigo-de-paul.jpg 664w, https:\/\/elinformanteperu.com\/wp-content\/uploads\/2026\/08\/messi-y-rodrigo-de-paul-241x300.jpg 241w\" sizes=\"(max-width: 545px) 100vw, 545px\" \/><\/a><strong><span style=\"color: #000000;\">Le dan su respaldo<\/span><\/strong><\/p>\n<p><span style=\"color: #000000;\">Messi fue saludado adem\u00e1s por otros compa\u00f1eros del seleccionado, como Nicol\u00e1s Tagliafico, as\u00ed como por clubes del f\u00fatbol argentino, como River Plate, que public\u00f3 una imagen de un aficionado levantando la camiseta n\u00famero 10 celeste y blanca del \u00eddolo en un partido del club en el estadio Monumental de Buenos Aires.<\/span><\/p>\n<p><span style=\"color: #000000;\">El futbolista de 39 a\u00f1os anunci\u00f3 este lunes su retiro de la Albiceleste y explic\u00f3: \u00abMe vaci\u00e9, ya no tengo m\u00e1s para dar y aparte vienen chicos muy grandes atr\u00e1s que merecen estar\u00bb.<\/span><\/p>\n<p><span style=\"color: #000000;\">\u00abDespu\u00e9s de este tiempo que pas\u00f3 desde la final, pens\u00e1ndolo mucho, quiero comunicarles a todos que me retiro de la selecci\u00f3n\u00bb, escribi\u00f3 Messi en su perfil de la red social Instagram, menos de dos meses despu\u00e9s de la derrota ante Espa\u00f1a en la final del Mundial 2026.<\/span><\/p>\n<p><span style=\"color: #000000;\">El delantero disput\u00f3 m\u00e1s de 200 partidos con la camiseta albiceleste, en los que marc\u00f3 125 goles y registr\u00f3 68 asistencias.<strong>\u00a0(ANDINA).<\/strong><\/span><\/p>\n<p><a href=\"https:\/\/elinformanteperu.com\/wp-content\/uploads\/2025\/04\/argentina-messi.jpg\"><img decoding=\"async\" class=\"size-large wp-image-137760 aligncenter\" src=\"https:\/\/elinformanteperu.com\/wp-content\/uploads\/2025\/04\/argentina-messi-1024x686.jpg\" alt=\"\" width=\"615\" height=\"412\" srcset=\"https:\/\/elinformanteperu.com\/wp-content\/uploads\/2025\/04\/argentina-messi-1024x686.jpg 1024w, https:\/\/elinformanteperu.com\/wp-content\/uploads\/2025\/04\/argentina-messi-300x201.jpg 300w, https:\/\/elinformanteperu.com\/wp-content\/uploads\/2025\/04\/argentina-messi-768x515.jpg 768w, https:\/\/elinformanteperu.com\/wp-content\/uploads\/2025\/04\/argentina-messi-1536x1029.jpg 1536w, https:\/\/elinformanteperu.com\/wp-content\/uploads\/2025\/04\/argentina-messi.jpg 1800w\" sizes=\"(max-width: 615px) 100vw, 615px\" \/><\/a><\/p>\n","protected":false},"excerpt":{"rendered":"<p>\u00c1ngel Di Mar\u00eda, Leandro Paredes y Rodrigo de Paul agradecieron al astro y aseguraron que es el \u00abm\u00e1s grande\u00bb Buenos Aires, 31 Agosto 2026.- \u00c1ngel Di Mar\u00eda, Leandro Paredes y otras figuras de la selecci\u00f3n de Argentina saludaron este lunes a Lionel Messi tras su anuncio de que se retira de la Albiceleste, al tiempo [&hellip;]<\/p>\n","protected":false},"author":1,"featured_media":152826,"comment_status":"closed","ping_status":"closed","sticky":false,"template":"","format":"standard","meta":{"rop_custom_images_group":[],"rop_custom_messages_group":[],"rop_publish_now":"initial","rop_publish_now_accounts":[],"rop_publish_now_history":[],"rop_publish_now_status":"pending","footnotes":""},"categories":[8],"tags":[302],"class_list":["post-152825","post","type-post","status-publish","format-standard","has-post-thumbnail","hentry","category-disciplinas-deportivas","tag-lionel-messi"],"_links":{"self":[{"href":"https:\/\/elinformanteperu.com\/index.php\/wp-json\/wp\/v2\/posts\/152825","targetHints":{"allow":["GET"]}}],"collection":[{"href":"https:\/\/elinformanteperu.com\/index.php\/wp-json\/wp\/v2\/posts"}],"about":[{"href":"https:\/\/elinformanteperu.com\/index.php\/wp-json\/wp\/v2\/types\/post"}],"author":[{"embeddable":true,"href":"https:\/\/elinformanteperu.com\/index.php\/wp-json\/wp\/v2\/users\/1"}],"replies":[{"embeddable":true,"href":"https:\/\/elinformanteperu.com\/index.php\/wp-json\/wp\/v2\/comments?post=152825"}],"version-history":[{"count":1,"href":"https:\/\/elinformanteperu.com\/index.php\/wp-json\/wp\/v2\/posts\/152825\/revisions"}],"predecessor-version":[{"id":152828,"href":"https:\/\/elinformanteperu.com\/index.php\/wp-json\/wp\/v2\/posts\/152825\/revisions\/152828"}],"wp:featuredmedia":[{"embeddable":true,"href":"https:\/\/elinformanteperu.com\/index.php\/wp-json\/wp\/v2\/media\/152826"}],"wp:attachment":[{"href":"https:\/\/elinformanteperu.com\/index.php\/wp-json\/wp\/v2\/media?parent=152825"}],"wp:term":[{"taxonomy":"category","embeddable":true,"href":"https:\/\/elinformanteperu.com\/index.php\/wp-json\/wp\/v2\/categories?post=152825"},{"taxonomy":"post_tag","embeddable":true,"href":"https:\/\/elinformanteperu.com\/index.php\/wp-json\/wp\/v2\/tags?post=152825"}],"curies":[{"name":"wp","href":"https:\/\/api.w.org\/{rel}","templated":true}]}}