{"id":152815,"date":"2026-08-31T22:22:34","date_gmt":"2026-09-01T03:22:34","guid":{"rendered":"https:\/\/elinformanteperu.com\/?p=152815"},"modified":"2026-08-31T22:35:27","modified_gmt":"2026-09-01T03:35:27","slug":"peru-es-clave-ignacio-buse-y-cristhian-pacheco-llenan-de-orgullo-al-pais-en-24-horas","status":"publish","type":"post","link":"https:\/\/elinformanteperu.com\/index.php\/2026\/08\/31\/peru-es-clave-ignacio-buse-y-cristhian-pacheco-llenan-de-orgullo-al-pais-en-24-horas\/","title":{"rendered":"Per\u00fa es clave: Ignacio Buse y Cristhian Pacheco llenan de orgullo al pa\u00eds en 24 horas"},"content":{"rendered":"<p><strong><span style=\"color: #000000;\">Ambos deportistas brillaron en torneos internacionales de tenis y marat\u00f3n durante el fin de semana<\/span><\/strong><\/p>\n<p><span style=\"color: #000000;\"><strong>Lima, 31 Agosto 2026.-<\/strong> El Per\u00fa nuevamente estuvo en lo m\u00e1s alto del escalaf\u00f3n del deporte internacional durante el fin de semana con los triunfos del tenista Ignacio Buse, quien gan\u00f3 el t\u00edtulo del ATP 250 de Winston-Salem, y el atleta Cristhian Pacheco, quien se coron\u00f3 en el Marat\u00f3n de la Ciudad de M\u00e9xico 2026. Ambas victorias se lograron en un rango de las 24 horas.<\/span><\/p>\n<p><span style=\"color: #000000;\">El \u00faltimo s\u00e1bado, en horas de la tarde, en Carolina del Norte (Estados Unidos), Ignacio Buse alz\u00f3 el t\u00edtulo del ATP 250 de Winston-Salem luego de vencer al brit\u00e1nico Arthur Fery por 6-3 y 6-2.\u00a0<\/span><\/p>\n<p><span style=\"color: #000000;\">Este signific\u00f3 el segundo t\u00edtulo ATP del exponente nacional de 22 a\u00f1os y reafirm\u00f3 su crecimiento en el circuito profesional.<\/span><\/p>\n<p><span style=\"color: #000000;\">Buse se convirti\u00f3 en el primer peruano en alcanzar una definici\u00f3n de esta categor\u00eda sobre superficie r\u00e1pida desde Jaime Yzaga en 1993.<\/span><\/p>\n<p><span style=\"color: #000000;\">Tras su consagraci\u00f3n, Ignacio Buse dijo que es especial ser el campe\u00f3n m\u00e1s joven de este torneo y agradeci\u00f3 el apoyo de la afici\u00f3n peruana y reafirm\u00f3 que \u00abPer\u00fa es clave\u00bb<\/span><\/p>\n<p><span style=\"color: #000000;\">\u201cEs muy especial esto de ser el campe\u00f3n m\u00e1s joven aqu\u00ed. Para m\u00ed es especial poder ganar aqu\u00ed. Hemos trabajado muy duro junto a mi equipo. Felicito a Arthur y a su equipo, es una gran semana para ambos\u201d, sostuvo.\u00a0<\/span><\/p>\n<p><span style=\"color: #000000;\">Agreg\u00f3: \u201cQuiero agradecer a toda la gente en Per\u00fa. Sitio a donde vaya, siempre hay peruanos. Que se escuche en todo el mundo. \u00a1Per\u00fa es clave!\u201d, afirm\u00f3 emocionado el nuevo campe\u00f3n.\u00a0<\/span><\/p>\n<p><span style=\"color: #000000;\">Buse ya tiene definido su pr\u00f3ximo desaf\u00edo: el US Open, \u00faltimo Grand Slam de la temporada, donde debutar\u00e1 este martes 1 de septiembre, en la primera ronda ante el estadounidense Marcos Giron (77\u00b0 ATP).<\/span><\/p>\n<p><a href=\"https:\/\/elinformanteperu.com\/wp-content\/uploads\/2026\/08\/ignacio-buse3.jpg\"><img fetchpriority=\"high\" decoding=\"async\" class=\"wp-image-152817 aligncenter\" src=\"https:\/\/elinformanteperu.com\/wp-content\/uploads\/2026\/08\/ignacio-buse3.jpg\" alt=\"\" width=\"501\" height=\"456\" srcset=\"https:\/\/elinformanteperu.com\/wp-content\/uploads\/2026\/08\/ignacio-buse3.jpg 607w, https:\/\/elinformanteperu.com\/wp-content\/uploads\/2026\/08\/ignacio-buse3-300x273.jpg 300w\" sizes=\"(max-width: 501px) 100vw, 501px\" \/><\/a><strong><span style=\"color: #000000;\">Resistencia pura<\/span><\/strong><\/p>\n<p><span style=\"color: #000000;\">Un d\u00eda despu\u00e9s de la gesta de Ignacio Buse, a varios kil\u00f3metros de tierras estadounidense, Cristhian Pacheco hizo flamear la bandera nacional al triunfar en la emblem\u00e1tica Marat\u00f3n Ciudad de M\u00e9xico imponi\u00e9ndose a los corredores africanos, quienes dominan esta prueba de los 42.195 kil\u00f3metros en todo el mundo.<\/span><\/p>\n<p><span style=\"color: #000000;\">El fondista nacido en Huancayo gan\u00f3 la carrera con un tiempo de 2h10:03, seguido de los et\u00edopes Anbesa Lencho Tesfaye (2h11:25) y Balew Yohune Derseh (2h11:58) con el boliviano H\u00e9ctor Garibay en el cuarto lugar.\u00a0<\/span><\/p>\n<p><span style=\"color: #000000;\">En una ma\u00f1ana del domingo con el cielo despejado en la capital mexicana, el grupo puntero sali\u00f3 a un paso de 3:05 minutos por kil\u00f3metro. Poco a poco Pacheco, Garibay y un grupo de africanos se fueron delante para pasar la mitad a 1h 04 49.\u00a0<\/span><\/p>\n<p><span style=\"color: #000000;\">La ofensiva de Cristhian Pacheco, quien tiene un registro personal de 2h 07:38, desestabiliz\u00f3 el grupo l\u00edderes. El sudamericano aceler\u00f3 y se mantuvo con un ritmo de 3:04 por kil\u00f3metros que mantuvo casi igual hasta la meta para imponerse con m\u00e1s de 400 metros de ventaja.\u00a0<\/span><\/p>\n<p><span style=\"color: #000000;\">\u201cEstoy feliz de ganar esta marat\u00f3n porque estuvo muy dif\u00edcil, ya que pasando los 21 kil\u00f3metros hab\u00eda muchas pendientes, situaci\u00f3n que nos dificulta, y luego en el kil\u00f3metro 32 se puso m\u00e1s dura. Sin duda, es una gran satisfacci\u00f3n triunfar luego de muchos meses de preparaci\u00f3n. Hemos estudiado estrat\u00e9gicamente todo el trazado de carrera. Yo vengo de los 3, 200 de altura en Per\u00fa y por eso hemos trabajado de la mejor manera para poder ganar\u201d, sostuvo Pacheco, de 33 a\u00f1os, tras llegar primero a la meta en el emblem\u00e1tico Z\u00f3calo de la capital mexicana.<\/span><\/p>\n<p><span style=\"color: #000000;\">Luego de la carrera, Pacheco se tomar\u00e1 unas vacaciones para luego buscar la clasificaci\u00f3n para los Juegos Panamericanos Lima 2027, donde defender\u00e1 su condici\u00f3n de bicampe\u00f3n panamericano de marat\u00f3n. <strong>(ANDINA).<\/strong><\/span><\/p>\n<p><a href=\"https:\/\/elinformanteperu.com\/wp-content\/uploads\/2026\/08\/cristhian-pacheco1.jpg\"><img decoding=\"async\" class=\"size-full wp-image-152818 aligncenter\" src=\"https:\/\/elinformanteperu.com\/wp-content\/uploads\/2026\/08\/cristhian-pacheco1.jpg\" alt=\"\" width=\"828\" height=\"547\" srcset=\"https:\/\/elinformanteperu.com\/wp-content\/uploads\/2026\/08\/cristhian-pacheco1.jpg 828w, https:\/\/elinformanteperu.com\/wp-content\/uploads\/2026\/08\/cristhian-pacheco1-300x198.jpg 300w, https:\/\/elinformanteperu.com\/wp-content\/uploads\/2026\/08\/cristhian-pacheco1-768x507.jpg 768w\" sizes=\"(max-width: 828px) 100vw, 828px\" \/><\/a><\/p>\n","protected":false},"excerpt":{"rendered":"<p>Ambos deportistas brillaron en torneos internacionales de tenis y marat\u00f3n durante el fin de semana Lima, 31 Agosto 2026.- El Per\u00fa nuevamente estuvo en lo m\u00e1s alto del escalaf\u00f3n del deporte internacional durante el fin de semana con los triunfos del tenista Ignacio Buse, quien gan\u00f3 el t\u00edtulo del ATP 250 de Winston-Salem, y el [&hellip;]<\/p>\n","protected":false},"author":1,"featured_media":152816,"comment_status":"closed","ping_status":"closed","sticky":false,"template":"","format":"standard","meta":{"rop_custom_images_group":[],"rop_custom_messages_group":[],"rop_publish_now":"initial","rop_publish_now_accounts":[],"rop_publish_now_history":[],"rop_publish_now_status":"pending","footnotes":""},"categories":[8],"tags":[2781,8116],"class_list":["post-152815","post","type-post","status-publish","format-standard","has-post-thumbnail","hentry","category-disciplinas-deportivas","tag-cristhian-pacheco","tag-ignacio-buse"],"_links":{"self":[{"href":"https:\/\/elinformanteperu.com\/index.php\/wp-json\/wp\/v2\/posts\/152815","targetHints":{"allow":["GET"]}}],"collection":[{"href":"https:\/\/elinformanteperu.com\/index.php\/wp-json\/wp\/v2\/posts"}],"about":[{"href":"https:\/\/elinformanteperu.com\/index.php\/wp-json\/wp\/v2\/types\/post"}],"author":[{"embeddable":true,"href":"https:\/\/elinformanteperu.com\/index.php\/wp-json\/wp\/v2\/users\/1"}],"replies":[{"embeddable":true,"href":"https:\/\/elinformanteperu.com\/index.php\/wp-json\/wp\/v2\/comments?post=152815"}],"version-history":[{"count":2,"href":"https:\/\/elinformanteperu.com\/index.php\/wp-json\/wp\/v2\/posts\/152815\/revisions"}],"predecessor-version":[{"id":152820,"href":"https:\/\/elinformanteperu.com\/index.php\/wp-json\/wp\/v2\/posts\/152815\/revisions\/152820"}],"wp:featuredmedia":[{"embeddable":true,"href":"https:\/\/elinformanteperu.com\/index.php\/wp-json\/wp\/v2\/media\/152816"}],"wp:attachment":[{"href":"https:\/\/elinformanteperu.com\/index.php\/wp-json\/wp\/v2\/media?parent=152815"}],"wp:term":[{"taxonomy":"category","embeddable":true,"href":"https:\/\/elinformanteperu.com\/index.php\/wp-json\/wp\/v2\/categories?post=152815"},{"taxonomy":"post_tag","embeddable":true,"href":"https:\/\/elinformanteperu.com\/index.php\/wp-json\/wp\/v2\/tags?post=152815"}],"curies":[{"name":"wp","href":"https:\/\/api.w.org\/{rel}","templated":true}]}}