{"id":152811,"date":"2026-08-31T22:02:29","date_gmt":"2026-09-01T03:02:29","guid":{"rendered":"https:\/\/elinformanteperu.com\/?p=152811"},"modified":"2026-08-31T22:37:14","modified_gmt":"2026-09-01T03:37:14","slug":"lionel-messi-se-retira-de-la-seleccion-argentina-ya-no-tengo-mas-para-dar","status":"publish","type":"post","link":"https:\/\/elinformanteperu.com\/index.php\/2026\/08\/31\/lionel-messi-se-retira-de-la-seleccion-argentina-ya-no-tengo-mas-para-dar\/","title":{"rendered":"Lionel Messi se retira de la selecci\u00f3n argentina: \u00abYa no tengo m\u00e1s para dar\u00bb"},"content":{"rendered":"<p><strong><span style=\"color: #000000;\">El astro argentino asegura que fue una decisi\u00f3n que doli\u00f3 y duele en el alma pero entiende que es el momento<\/span><\/strong><\/p>\n<p><span style=\"color: #000000;\"><strong>Miami, 31 Agosto 2026.-<\/strong> El astro Lionel Messi anunci\u00f3 su retiro de la selecci\u00f3n de Argentina, casi un mes y medio despu\u00e9s de haber perdido la final del Mundial de 2026 ante Espa\u00f1a.<\/span><\/p>\n<p><span style=\"color: #000000;\">El fin de la carrera internacional del crack de 39 a\u00f1os tiene lugar tres semanas m\u00e1s tarde de la muerte de Jorge Messi, padre, representante y pieza angular en la carrera del ahora excapit\u00e1n de la Albiceleste.<\/span><\/p>\n<p><span style=\"color: #000000;\">Lionel Messi pone fin de esta manera a 21 a\u00f1os de defensor a su pa\u00eds, con el que gan\u00f3 el Mundial de Catar 2022, las Copas Am\u00e9rica de 2021 y 2025, as\u00ed como la Final\u00edsima de 2022.<\/span><\/p>\n<p><span style=\"color: #000000;\">El astro del f\u00fatbol uvo un comienzo turbulento para conquistar a sus compatriotas y trasladar a Argentina la magia con la que enamor\u00f3 al mundo en el FC Barcelona.<\/span><\/p>\n<p><span style=\"color: #000000;\">Pero alz\u00f3 vuelo de la mano del seleccionador Lionel Scaloni, junto a quien comand\u00f3 la que muchos consideran la mejor selecci\u00f3n albiceleste de la historia.<\/span><\/p>\n<p><span style=\"color: #000000;\">\u00abFue una decisi\u00f3n que doli\u00f3 y duele en el alma pero entiendo que es el momento. Les juro que siempre dej\u00e9 todo, no solo los \u00faltimos a\u00f1os que se gan\u00f3 todo antes tambi\u00e9n y siempre pele\u00e9 y me dej\u00e9 todo por esta camiseta\u00bb, escribi\u00f3 Lionel Messi en Instagram.<\/span><\/p>\n<p><a href=\"https:\/\/elinformanteperu.com\/wp-content\/uploads\/2026\/08\/lionel-messi-retiro1.jpg\"><img fetchpriority=\"high\" decoding=\"async\" class=\"size-full wp-image-152813 aligncenter\" src=\"https:\/\/elinformanteperu.com\/wp-content\/uploads\/2026\/08\/lionel-messi-retiro1.jpg\" alt=\"\" width=\"833\" height=\"544\" srcset=\"https:\/\/elinformanteperu.com\/wp-content\/uploads\/2026\/08\/lionel-messi-retiro1.jpg 833w, https:\/\/elinformanteperu.com\/wp-content\/uploads\/2026\/08\/lionel-messi-retiro1-300x196.jpg 300w, https:\/\/elinformanteperu.com\/wp-content\/uploads\/2026\/08\/lionel-messi-retiro1-768x502.jpg 768w\" sizes=\"(max-width: 833px) 100vw, 833px\" \/><\/a><span style=\"color: #000000;\">El anuncio de su retiro internacional era esperable, pues el futbolista ya hab\u00eda dicho que la Copa del Mundo de Norteam\u00e9rica, en la que fue una de las grandes figuras, ser\u00eda su sexta y \u00faltima.<\/span><\/p>\n<p><span style=\"color: #000000;\">D\u00edas despu\u00e9s de la muerte de su padre, el 8 de agosto, el atacante dijo que evaluaba anticipar su retiro del f\u00fatbol a pesar de que tiene contrato con el Inter Miami hasta 2028.<\/span><\/p>\n<p><span style=\"color: #000000;\">\u00abQueda poco y se van cerrando etapas y esta es una que me duele mucho. Amo, am\u00e9 y amar\u00e9 siempre estar en la Selecci\u00f3n. Me vaci\u00e9, ya no tengo m\u00e1s para dar y aparte vienen chicos muy grandes atr\u00e1s que merecen estar\u00bb, dijo este lunes.<\/span><\/p>\n<p><span style=\"color: #000000;\">El ganador de ocho Balones de Oro revel\u00f3 que escribi\u00f3 el texto en el que anuncia su despedida de la Albiceleste el 21 de julio, dos d\u00edas despu\u00e9s de perder la final del Mundial contra Espa\u00f1a (1-0).<\/span><\/p>\n<p><span style=\"color: #000000;\">Y que el fallecimiento de su padre impuls\u00f3 la decisi\u00f3n de sepultar su aventura con el equipo nacional.<\/span><\/p>\n<p><span style=\"color: #000000;\">\u00abDespu\u00e9s de lo de mi pap\u00e1, estoy m\u00e1s convencido que antes\u00bb, sostuvo. <strong>(ANDINA).<\/strong><\/span><\/p>\n","protected":false},"excerpt":{"rendered":"<p>El astro argentino asegura que fue una decisi\u00f3n que doli\u00f3 y duele en el alma pero entiende que es el momento Miami, 31 Agosto 2026.- El astro Lionel Messi anunci\u00f3 su retiro de la selecci\u00f3n de Argentina, casi un mes y medio despu\u00e9s de haber perdido la final del Mundial de 2026 ante Espa\u00f1a. El [&hellip;]<\/p>\n","protected":false},"author":1,"featured_media":152812,"comment_status":"closed","ping_status":"closed","sticky":false,"template":"","format":"standard","meta":{"rop_custom_images_group":[],"rop_custom_messages_group":[],"rop_publish_now":"initial","rop_publish_now_accounts":[],"rop_publish_now_history":[],"rop_publish_now_status":"pending","footnotes":""},"categories":[8,5745],"tags":[302],"class_list":["post-152811","post","type-post","status-publish","format-standard","has-post-thumbnail","hentry","category-disciplinas-deportivas","category-lo-ultimo","tag-lionel-messi"],"_links":{"self":[{"href":"https:\/\/elinformanteperu.com\/index.php\/wp-json\/wp\/v2\/posts\/152811","targetHints":{"allow":["GET"]}}],"collection":[{"href":"https:\/\/elinformanteperu.com\/index.php\/wp-json\/wp\/v2\/posts"}],"about":[{"href":"https:\/\/elinformanteperu.com\/index.php\/wp-json\/wp\/v2\/types\/post"}],"author":[{"embeddable":true,"href":"https:\/\/elinformanteperu.com\/index.php\/wp-json\/wp\/v2\/users\/1"}],"replies":[{"embeddable":true,"href":"https:\/\/elinformanteperu.com\/index.php\/wp-json\/wp\/v2\/comments?post=152811"}],"version-history":[{"count":2,"href":"https:\/\/elinformanteperu.com\/index.php\/wp-json\/wp\/v2\/posts\/152811\/revisions"}],"predecessor-version":[{"id":152824,"href":"https:\/\/elinformanteperu.com\/index.php\/wp-json\/wp\/v2\/posts\/152811\/revisions\/152824"}],"wp:featuredmedia":[{"embeddable":true,"href":"https:\/\/elinformanteperu.com\/index.php\/wp-json\/wp\/v2\/media\/152812"}],"wp:attachment":[{"href":"https:\/\/elinformanteperu.com\/index.php\/wp-json\/wp\/v2\/media?parent=152811"}],"wp:term":[{"taxonomy":"category","embeddable":true,"href":"https:\/\/elinformanteperu.com\/index.php\/wp-json\/wp\/v2\/categories?post=152811"},{"taxonomy":"post_tag","embeddable":true,"href":"https:\/\/elinformanteperu.com\/index.php\/wp-json\/wp\/v2\/tags?post=152811"}],"curies":[{"name":"wp","href":"https:\/\/api.w.org\/{rel}","templated":true}]}}