{"id":152807,"date":"2026-08-31T21:58:06","date_gmt":"2026-09-01T02:58:06","guid":{"rendered":"https:\/\/elinformanteperu.com\/?p=152807"},"modified":"2026-08-31T22:36:47","modified_gmt":"2026-09-01T03:36:47","slug":"gabriel-jesus-llega-este-lunes-a-espana-para-firmar-por-el-barcelona-hasta-el-2028","status":"publish","type":"post","link":"https:\/\/elinformanteperu.com\/index.php\/2026\/08\/31\/gabriel-jesus-llega-este-lunes-a-espana-para-firmar-por-el-barcelona-hasta-el-2028\/","title":{"rendered":"Gabriel Jes\u00fas llega este lunes a Espa\u00f1a para firmar por el Barcelona hasta el 2028"},"content":{"rendered":"<p><strong><span style=\"color: #000000;\">El delantero brasile\u00f1o cerr\u00f3 el domingo el principio de acuerdo con la dirigencia del Barza<\/span><\/strong><\/p>\n<p><span style=\"color: #000000;\"><strong>Barcelona, 31 Agosto 2026.-<\/strong> El delantero brasile\u00f1o del Arsenal, Gabriel Jes\u00fas, llegar\u00e1 este lunes a Barcelona para pasar el reconocimiento m\u00e9dico antes de firmar su nuevo contrato con el Bar\u00e7a hasta el 30 de junio de 2028, con opci\u00f3n a una temporada m\u00e1s.<\/span><\/p>\n<p><span style=\"color: #000000;\">Seg\u00fan confirmaron a EFE fuentes del club azulgrana, est\u00e1 previsto que el vuelo del delantero de Sao Paulo, de 29 a\u00f1os, aterrice este lunes a las 15.05 horas (13.05 GMT) en el Aeropuerto Barcelona-El Prat Josep Tarradellas, que sirve a la capital catalana.<\/span><\/p>\n<p><span style=\"color: #000000;\">El Barcelona cerr\u00f3 el domingo un principio de acuerdo con el club londinense por unos 10 millones de euros (unos 12 millones de d\u00f3lares) m\u00e1s variables para hacerse con los servicios de Gabriel Jes\u00fas, que reforzar\u00e1 la posici\u00f3n de delantero centro del equipo entrenado por Hansi Flick.<\/span><\/p>\n<p><a href=\"https:\/\/elinformanteperu.com\/wp-content\/uploads\/2026\/08\/Gabriel-Jesus1.jpg\"><img fetchpriority=\"high\" decoding=\"async\" class=\"size-full wp-image-152809 aligncenter\" src=\"https:\/\/elinformanteperu.com\/wp-content\/uploads\/2026\/08\/Gabriel-Jesus1.jpg\" alt=\"\" width=\"829\" height=\"551\" srcset=\"https:\/\/elinformanteperu.com\/wp-content\/uploads\/2026\/08\/Gabriel-Jesus1.jpg 829w, https:\/\/elinformanteperu.com\/wp-content\/uploads\/2026\/08\/Gabriel-Jesus1-300x199.jpg 300w, https:\/\/elinformanteperu.com\/wp-content\/uploads\/2026\/08\/Gabriel-Jesus1-768x510.jpg 768w\" sizes=\"(max-width: 829px) 100vw, 829px\" \/><\/a><span style=\"color: #000000;\">El Bar\u00e7a ha esperado hasta los \u00faltimos dos d\u00edas de la ventana estival de fichajes para lanzarse a por un &#8216;9&#8217;, uno de los objetivos primordiales de Hansi Flick y el director deportivo del club, Anderson Luis de Souza \u2018Deco\u2019, tras la marcha de los delanteros Robert Lewandowski y Ferran Torres.<\/span><\/p>\n<p><span style=\"color: #000000;\">El internacional argentino del Atl\u00e9tico de Madrid Juli\u00e1n Alvarez era el principal objetivo del Bar\u00e7a en esta ventana de fichajes para ocupar dicho puesto, pero la negativa del club colchonero a traspasar al futbolista ha obligado al Bar\u00e7a a mover ficha con Gabriel Jes\u00fas.<\/span><\/p>\n<p><span style=\"color: #000000;\">Pese a la llegada del delantero brasile\u00f1o, la entidad azulgrana sigue interesada en contratar, en un futuro, al jugador del Atl\u00e9tico de Madrid, campe\u00f3n del mundo con Argentina en Catar 2022, que este verano manifest\u00f3 p\u00fablicamente su intenci\u00f3n de salir del club rojiblanco, con preferencia por incorporarse al club catal\u00e1n.<\/span><\/p>\n<p><span style=\"color: #000000;\">Formado en el Palmeiras brasile\u00f1o, Gabriel Jes\u00fas, internacional con la selecci\u00f3n brasile\u00f1a, es un experimentado delantero centro que en el f\u00fatbol europeo ha marcado 127 goles, 95 en 236 partidos con el Manchester City y 32 en 123 duelos en las filas del Arsenal, su \u00faltimo club. <strong>(ANDINA).<\/strong><\/span><\/p>\n","protected":false},"excerpt":{"rendered":"<p>El delantero brasile\u00f1o cerr\u00f3 el domingo el principio de acuerdo con la dirigencia del Barza Barcelona, 31 Agosto 2026.- El delantero brasile\u00f1o del Arsenal, Gabriel Jes\u00fas, llegar\u00e1 este lunes a Barcelona para pasar el reconocimiento m\u00e9dico antes de firmar su nuevo contrato con el Bar\u00e7a hasta el 30 de junio de 2028, con opci\u00f3n a [&hellip;]<\/p>\n","protected":false},"author":1,"featured_media":152808,"comment_status":"closed","ping_status":"closed","sticky":false,"template":"","format":"standard","meta":{"rop_custom_images_group":[],"rop_custom_messages_group":[],"rop_publish_now":"initial","rop_publish_now_accounts":[],"rop_publish_now_history":[],"rop_publish_now_status":"pending","footnotes":""},"categories":[8],"tags":[303,667],"class_list":["post-152807","post","type-post","status-publish","format-standard","has-post-thumbnail","hentry","category-disciplinas-deportivas","tag-barcelona","tag-gabriel-jesus"],"_links":{"self":[{"href":"https:\/\/elinformanteperu.com\/index.php\/wp-json\/wp\/v2\/posts\/152807","targetHints":{"allow":["GET"]}}],"collection":[{"href":"https:\/\/elinformanteperu.com\/index.php\/wp-json\/wp\/v2\/posts"}],"about":[{"href":"https:\/\/elinformanteperu.com\/index.php\/wp-json\/wp\/v2\/types\/post"}],"author":[{"embeddable":true,"href":"https:\/\/elinformanteperu.com\/index.php\/wp-json\/wp\/v2\/users\/1"}],"replies":[{"embeddable":true,"href":"https:\/\/elinformanteperu.com\/index.php\/wp-json\/wp\/v2\/comments?post=152807"}],"version-history":[{"count":2,"href":"https:\/\/elinformanteperu.com\/index.php\/wp-json\/wp\/v2\/posts\/152807\/revisions"}],"predecessor-version":[{"id":152823,"href":"https:\/\/elinformanteperu.com\/index.php\/wp-json\/wp\/v2\/posts\/152807\/revisions\/152823"}],"wp:featuredmedia":[{"embeddable":true,"href":"https:\/\/elinformanteperu.com\/index.php\/wp-json\/wp\/v2\/media\/152808"}],"wp:attachment":[{"href":"https:\/\/elinformanteperu.com\/index.php\/wp-json\/wp\/v2\/media?parent=152807"}],"wp:term":[{"taxonomy":"category","embeddable":true,"href":"https:\/\/elinformanteperu.com\/index.php\/wp-json\/wp\/v2\/categories?post=152807"},{"taxonomy":"post_tag","embeddable":true,"href":"https:\/\/elinformanteperu.com\/index.php\/wp-json\/wp\/v2\/tags?post=152807"}],"curies":[{"name":"wp","href":"https:\/\/api.w.org\/{rel}","templated":true}]}}