{"id":152803,"date":"2026-08-31T21:47:02","date_gmt":"2026-09-01T02:47:02","guid":{"rendered":"https:\/\/elinformanteperu.com\/?p=152803"},"modified":"2026-08-31T22:36:21","modified_gmt":"2026-09-01T03:36:21","slug":"marcelo-gallardo-muy-cerca-de-convertirse-en-el-proximo-seleccionador-de-ecuador","status":"publish","type":"post","link":"https:\/\/elinformanteperu.com\/index.php\/2026\/08\/31\/marcelo-gallardo-muy-cerca-de-convertirse-en-el-proximo-seleccionador-de-ecuador\/","title":{"rendered":"Marcelo Gallardo, muy cerca de convertirse en el pr\u00f3ximo seleccionador de Ecuador"},"content":{"rendered":"<p><strong><span style=\"color: #000000;\">El &#8216;Mu\u00f1eco&#8217;, de 50 a\u00f1os, mantiene conversaciones con la Federaci\u00f3n Ecuatoriana de F\u00fatbol (FEF) desde hace un mes<\/span><\/strong><\/p>\n<p><span style=\"color: #000000;\"><strong>Buenos Aires, 31 Agosto 2026.<\/strong>&#8211; El argentino Marcelo Gallardo, el t\u00e9cnico m\u00e1s exitoso de la historia del River Plate de ese pa\u00eds, est\u00e1 muy cerca de convertirse en el nuevo seleccionador de Ecuador tras la salida de su compatriota Sebasti\u00e1n Beccacece despu\u00e9s del Mundial de Estados Unidos, M\u00e9xico y Canad\u00e1.<\/span><\/p>\n<p><span style=\"color: #000000;\">El &#8216;Mu\u00f1eco&#8217;, de 50 a\u00f1os, mantiene conversaciones con la Federaci\u00f3n Ecuatoriana de F\u00fatbol (FEF) desde hace un mes para definir los detalles de su posible contrato y el de su equipo de colaboradores, en la que podr\u00eda convertirse en la primera experiencia a nivel selecciones del dos veces campe\u00f3n de la Copa Libertadores como entrenador (2015 y 2018) y una como futbolista (1996).<\/span><\/p>\n<p><span style=\"color: #000000;\">Seg\u00fan medios argentinos y ecuatorianos, el presidente de la entidad ecuatoriana, Francisco Egas, es el impulsor de la contrataci\u00f3n de Gallardo, quien podr\u00eda rubricar el v\u00ednculo en los pr\u00f3ximos d\u00edas.<\/span><\/p>\n<p><span style=\"color: #000000;\">En caso de concretarse, el de Merlo (provincia de Buenos Aires) tendr\u00e1 una agenda apretada para su debut con el &#8216;Tri&#8217;.<\/span><\/p>\n<p><span style=\"color: #000000;\">Ecuador tiene comprometida una gira asi\u00e1tica de tres partidos en la pr\u00f3xima ventana FIFA: el 24 de septiembre se enfrentar\u00e1 a Corea del Sur y de ah\u00ed viajar\u00e1 a Jap\u00f3n para disputar un torneo cuadrangular que lo enfrentar\u00e1 al combinado local el 1 de octubre, finalizando el 5 de octubre ante el ganador del encuentro entre Panam\u00e1 y Nueva Zelanda.<\/span><\/p>\n<p><a href=\"https:\/\/elinformanteperu.com\/wp-content\/uploads\/2026\/08\/marcelo-gallardo1.jpg\"><img fetchpriority=\"high\" decoding=\"async\" class=\"size-full wp-image-152805 aligncenter\" src=\"https:\/\/elinformanteperu.com\/wp-content\/uploads\/2026\/08\/marcelo-gallardo1.jpg\" alt=\"\" width=\"824\" height=\"551\" srcset=\"https:\/\/elinformanteperu.com\/wp-content\/uploads\/2026\/08\/marcelo-gallardo1.jpg 824w, https:\/\/elinformanteperu.com\/wp-content\/uploads\/2026\/08\/marcelo-gallardo1-300x201.jpg 300w, https:\/\/elinformanteperu.com\/wp-content\/uploads\/2026\/08\/marcelo-gallardo1-768x514.jpg 768w\" sizes=\"(max-width: 824px) 100vw, 824px\" \/><\/a><strong><span style=\"color: #000000;\">Mu\u00f1eco sin equipo<\/span><\/strong><\/p>\n<p><span style=\"color: #000000;\">La \u00faltima vez que Gallardo estuvo sentado en un banquillo fue en febrero de 2026, durante su segunda etapa como director t\u00e9cnico de River, iniciada en 2024 y de la que renunci\u00f3 tras una serie de malos resultados y las cr\u00edticas de los aficionados a sus planteos t\u00e1cticos. En 86 encuentros logr\u00f3 38 victorias, 27 empates y 21 derrotas.<\/span><\/p>\n<p><span style=\"color: #000000;\">Anteriormente hab\u00eda dirigido entre finales de 2023 y mediados de 2024 al Al-Ittihad de Arabia Saud\u00ed, con el que logr\u00f3 15 partidos ganados, cuatro empatados y 14 perdidos.<\/span><\/p>\n<p><span style=\"color: #000000;\">En su primera etapa al frente del conjunto &#8216;millonario&#8217; se convirti\u00f3 en el t\u00e9cnico m\u00e1s exitoso de la historia de River, con 14 t\u00edtulos en ocho a\u00f1os y medio (2014-2022).<\/span><\/p>\n<p><span style=\"color: #000000;\">No obstante, su debut como entrenador lleg\u00f3 en Uruguay, donde hizo campe\u00f3n nacional al Nacional en la temporada 2011-2012, nada m\u00e1s colgar las botas como futbolista en ese club montevideano.<\/span><\/p>\n<p><span style=\"color: #000000;\">Para Ecuador ser\u00eda el tercer entrenador argentino consecutivo a cargo de la selecci\u00f3n absoluta, tras los pasos de Beccacece (nueve victorias, doce empates y tres derrotas entre agosto de 2024 y el Mundial 2026) y Gustavo Alfaro (doce triunfos, catorce igualdades y nueve perdidos entre agosto de 2020 y enero de 2023).\u00a0<strong>(ANDINA).<\/strong><\/span><\/p>\n","protected":false},"excerpt":{"rendered":"<p>El &#8216;Mu\u00f1eco&#8217;, de 50 a\u00f1os, mantiene conversaciones con la Federaci\u00f3n Ecuatoriana de F\u00fatbol (FEF) desde hace un mes Buenos Aires, 31 Agosto 2026.&#8211; El argentino Marcelo Gallardo, el t\u00e9cnico m\u00e1s exitoso de la historia del River Plate de ese pa\u00eds, est\u00e1 muy cerca de convertirse en el nuevo seleccionador de Ecuador tras la salida de [&hellip;]<\/p>\n","protected":false},"author":1,"featured_media":152804,"comment_status":"closed","ping_status":"closed","sticky":false,"template":"","format":"standard","meta":{"rop_custom_images_group":[],"rop_custom_messages_group":[],"rop_publish_now":"initial","rop_publish_now_accounts":[],"rop_publish_now_history":[],"rop_publish_now_status":"pending","footnotes":""},"categories":[8],"tags":[170,2213],"class_list":["post-152803","post","type-post","status-publish","format-standard","has-post-thumbnail","hentry","category-disciplinas-deportivas","tag-ecuador","tag-marcelo-gallardo"],"_links":{"self":[{"href":"https:\/\/elinformanteperu.com\/index.php\/wp-json\/wp\/v2\/posts\/152803","targetHints":{"allow":["GET"]}}],"collection":[{"href":"https:\/\/elinformanteperu.com\/index.php\/wp-json\/wp\/v2\/posts"}],"about":[{"href":"https:\/\/elinformanteperu.com\/index.php\/wp-json\/wp\/v2\/types\/post"}],"author":[{"embeddable":true,"href":"https:\/\/elinformanteperu.com\/index.php\/wp-json\/wp\/v2\/users\/1"}],"replies":[{"embeddable":true,"href":"https:\/\/elinformanteperu.com\/index.php\/wp-json\/wp\/v2\/comments?post=152803"}],"version-history":[{"count":2,"href":"https:\/\/elinformanteperu.com\/index.php\/wp-json\/wp\/v2\/posts\/152803\/revisions"}],"predecessor-version":[{"id":152822,"href":"https:\/\/elinformanteperu.com\/index.php\/wp-json\/wp\/v2\/posts\/152803\/revisions\/152822"}],"wp:featuredmedia":[{"embeddable":true,"href":"https:\/\/elinformanteperu.com\/index.php\/wp-json\/wp\/v2\/media\/152804"}],"wp:attachment":[{"href":"https:\/\/elinformanteperu.com\/index.php\/wp-json\/wp\/v2\/media?parent=152803"}],"wp:term":[{"taxonomy":"category","embeddable":true,"href":"https:\/\/elinformanteperu.com\/index.php\/wp-json\/wp\/v2\/categories?post=152803"},{"taxonomy":"post_tag","embeddable":true,"href":"https:\/\/elinformanteperu.com\/index.php\/wp-json\/wp\/v2\/tags?post=152803"}],"curies":[{"name":"wp","href":"https:\/\/api.w.org\/{rel}","templated":true}]}}