{"id":152778,"date":"2026-08-30T22:41:29","date_gmt":"2026-08-31T03:41:29","guid":{"rendered":"https:\/\/elinformanteperu.com\/?p=152778"},"modified":"2026-08-30T22:41:29","modified_gmt":"2026-08-31T03:41:29","slug":"ministro-belaunde-se-necesita-catalogar-de-grupos-hostiles-a-organizaciones-criminales","status":"publish","type":"post","link":"https:\/\/elinformanteperu.com\/index.php\/2026\/08\/30\/ministro-belaunde-se-necesita-catalogar-de-grupos-hostiles-a-organizaciones-criminales\/","title":{"rendered":"Ministro Belaunde: Se necesita catalogar de grupos hostiles a organizaciones criminales"},"content":{"rendered":"<p><strong><span style=\"color: #000000;\">Para actuaci\u00f3n de las Fuerzas Armadas<\/span><\/strong><\/p>\n<p><span style=\"color: #000000;\"><strong>Lima, 30 Agosto 2026.-<\/strong> El ministro de Defensa, Rafael Belaunde Llosa afirm\u00f3 hoy que su gesti\u00f3n busca calificar de \u201cgrupos hostiles\u201d a las organizaciones criminales que utilizan armamento de guerra y explosivos en el \u00e1rea urbana, para que las Fuerzas Armadas puedan actuar contra estos como objetivos militares.<\/span><\/p>\n<p><span style=\"color: #000000;\">En entrevista con TV Per\u00fa Noticias\u00a0explic\u00f3 que actualmente la categor\u00eda de \u201cgrupos hostiles\u201d est\u00e1 restringida a los remanentes de la organizaci\u00f3n terrorista Sendero Luminoso, en el Valle de los R\u00edos Apur\u00edmac, Ene y Mantaro (Vraem) y a las disidencias de las Fuerzas Armadas Revolucionarias de Colombia (FARC) en la zona del Putumayo.<\/span><\/p>\n<p><span style=\"color: #000000;\">\u201cTenemos en el orden interno organizaciones criminales transnacionales como El Tren de Aragua y Los Gallegos; entonces, lo que buscamos en una de las medidas es ampliar el criterio que se necesita para denominar a los grupos hostiles; grupos hostiles es la categor\u00eda que el Ministerio de Defensa necesita para que las Fuerzas Armadas puedan actuar contra ellos como si fuesen objetivos militares\u201d, dijo.<\/span><\/p>\n<p><span style=\"color: #000000;\">Rafael Belaunde se\u00f1al\u00f3 que el Estado debe estar en condiciones de responder con la misma capacidad de fuego que las organizaciones criminales que utilizan armamento de guerra contra la poblaci\u00f3n.<\/span><\/p>\n<p><span style=\"color: #000000;\">\u201cPara eso necesitamos catalogarlos de\u00a0grupos hostiles y eso es lo que buscamos para que las Fuerzas Armadas en el \u00e1rea urbana, dentro del orden interno, puedan desplazar inteligencia militar, conducir operaciones especiales m\u00e1s quir\u00fargicas, y a partir de la inteligencia operativa actuar con fuerza militar\u201d, insisti\u00f3.<\/span><\/p>\n<p><strong><span style=\"color: #000000;\">Situaci\u00f3n en penales<\/span><\/strong><\/p>\n<p><span style=\"color: #000000;\">Por otro lado, el titular del Ministerio de Defensa se\u00f1al\u00f3 la necesidad de la participaci\u00f3n de las Fuerzas Armadas en la recuperaci\u00f3n del orden interno de los establecimientos penitenciarios, a trav\u00e9s de un ret\u00e9n militar en el exterior de los penales con el uso de esc\u00e1neres corporales y detectores de metales.<\/span><\/p>\n<p><span style=\"color: #000000;\">\u201cY por ah\u00ed van a tener que entrar todos los que ingresan a un penal, personal del Inpe, personal administrativo, abogados, visitas, los proveedores de los penales que llevan los alimentos, los veh\u00edculos. Es decir, nada ingresa al penal si no pasa previamente por este ret\u00e9n (&#8230;), si nosotros evitamos que ingrese contrabando al penal, como chips o celulares, vamos a dar un golpe importante contra la extorsi\u00f3n\u00bb, manifest\u00f3.<\/span><\/p>\n<p><span style=\"color: #000000;\">Se debe se\u00f1alar que el\u00a0punto 5 del proyecto de delegaci\u00f3n de facultades en materia de seguridad\u00a0propone regular la \u201cparticipaci\u00f3n excepcional y temporal de las Fuerzas Armadas\u201d en acciones de seguridad externa y apoyo operativo al personal de los establecimientos penitenciarios.<\/span><\/p>\n<p><span style=\"color: #000000;\">Adem\u00e1s, el punto 10 plantea modificar el Decreto Legislativo 1095, que establece reglas de empleo y uso de la fuerza por parte de las Fuerzas Armadas en el territorio nacional, a fin de \u201cfortalecer y optimizar el marco normativo para la intervenci\u00f3n de las Fuerzas Armadas en apoyo a la Polic\u00eda Nacional del Per\u00fa\u201d frente a amenazas que afecten el Estado de derecho, seguridad ciudadana y orden interno, de conformidad con el marco constitucional vigente.<strong> (ANDINA).<\/strong><\/span><\/p>\n","protected":false},"excerpt":{"rendered":"<p>Para actuaci\u00f3n de las Fuerzas Armadas Lima, 30 Agosto 2026.- El ministro de Defensa, Rafael Belaunde Llosa afirm\u00f3 hoy que su gesti\u00f3n busca calificar de \u201cgrupos hostiles\u201d a las organizaciones criminales que utilizan armamento de guerra y explosivos en el \u00e1rea urbana, para que las Fuerzas Armadas puedan actuar contra estos como objetivos militares. En [&hellip;]<\/p>\n","protected":false},"author":1,"featured_media":152779,"comment_status":"closed","ping_status":"closed","sticky":false,"template":"","format":"standard","meta":{"rop_custom_images_group":[],"rop_custom_messages_group":[],"rop_publish_now":"initial","rop_publish_now_accounts":[],"rop_publish_now_history":[],"rop_publish_now_status":"pending","footnotes":""},"categories":[5],"tags":[376,375,8780],"class_list":["post-152778","post","type-post","status-publish","format-standard","has-post-thumbnail","hentry","category-actualidad-informativa","tag-mindef","tag-ministerio-de-defensa","tag-rafael-belaunde"],"_links":{"self":[{"href":"https:\/\/elinformanteperu.com\/index.php\/wp-json\/wp\/v2\/posts\/152778","targetHints":{"allow":["GET"]}}],"collection":[{"href":"https:\/\/elinformanteperu.com\/index.php\/wp-json\/wp\/v2\/posts"}],"about":[{"href":"https:\/\/elinformanteperu.com\/index.php\/wp-json\/wp\/v2\/types\/post"}],"author":[{"embeddable":true,"href":"https:\/\/elinformanteperu.com\/index.php\/wp-json\/wp\/v2\/users\/1"}],"replies":[{"embeddable":true,"href":"https:\/\/elinformanteperu.com\/index.php\/wp-json\/wp\/v2\/comments?post=152778"}],"version-history":[{"count":1,"href":"https:\/\/elinformanteperu.com\/index.php\/wp-json\/wp\/v2\/posts\/152778\/revisions"}],"predecessor-version":[{"id":152780,"href":"https:\/\/elinformanteperu.com\/index.php\/wp-json\/wp\/v2\/posts\/152778\/revisions\/152780"}],"wp:featuredmedia":[{"embeddable":true,"href":"https:\/\/elinformanteperu.com\/index.php\/wp-json\/wp\/v2\/media\/152779"}],"wp:attachment":[{"href":"https:\/\/elinformanteperu.com\/index.php\/wp-json\/wp\/v2\/media?parent=152778"}],"wp:term":[{"taxonomy":"category","embeddable":true,"href":"https:\/\/elinformanteperu.com\/index.php\/wp-json\/wp\/v2\/categories?post=152778"},{"taxonomy":"post_tag","embeddable":true,"href":"https:\/\/elinformanteperu.com\/index.php\/wp-json\/wp\/v2\/tags?post=152778"}],"curies":[{"name":"wp","href":"https:\/\/api.w.org\/{rel}","templated":true}]}}