{"id":152767,"date":"2026-08-30T22:23:59","date_gmt":"2026-08-31T03:23:59","guid":{"rendered":"https:\/\/elinformanteperu.com\/?p=152767"},"modified":"2026-08-30T22:24:32","modified_gmt":"2026-08-31T03:24:32","slug":"candidato-a-alcaldia-de-surco-juan-palma-anuncia-desactivacion-del-crematorio-municipal-a-pedido-de-vecinos","status":"publish","type":"post","link":"https:\/\/elinformanteperu.com\/index.php\/2026\/08\/30\/candidato-a-alcaldia-de-surco-juan-palma-anuncia-desactivacion-del-crematorio-municipal-a-pedido-de-vecinos\/","title":{"rendered":"Candidato a alcald\u00eda de Surco, Juan Palma, anuncia desactivaci\u00f3n del crematorio municipal a pedido de vecinos"},"content":{"rendered":"<p><span style=\"color: #000000;\"><strong>Lima, 30 Agosto 2026 (El Informante Per\u00fa).-<\/strong> El candidato a la alcald\u00eda de Santiago de Surco por Renovaci\u00f3n Popular, Juan Palma, asegur\u00f3 que de llegar al sill\u00f3n edil el crematorio dentro del cementerio municipal dejar\u00e1 de funcionar. Indic\u00f3 que este establecimiento se construy\u00f3 sin consultar a los vecinos colindantes de la urbanizaci\u00f3n Santiago Ant\u00fanez de Mayolo.<\/span><\/p>\n<p><span style=\"color: #000000;\">En noviembre del a\u00f1o pasado, los residentes de esta parte del distrito no sab\u00edan de esta obra por parte de la actual gesti\u00f3n. Ellos se enteraron cuando divisaron un anuncio cerca a la puerta principal, tras notar que se estaba echando cemento a un techo.<\/span><\/p>\n<p><a href=\"https:\/\/elinformanteperu.com\/wp-content\/uploads\/2026\/08\/surco-juan-palma-candidato-renovacion1.jpeg\"><img fetchpriority=\"high\" decoding=\"async\" class=\"size-large wp-image-152769 aligncenter\" src=\"https:\/\/elinformanteperu.com\/wp-content\/uploads\/2026\/08\/surco-juan-palma-candidato-renovacion1-1024x576.jpeg\" alt=\"\" width=\"615\" height=\"346\" srcset=\"https:\/\/elinformanteperu.com\/wp-content\/uploads\/2026\/08\/surco-juan-palma-candidato-renovacion1-1024x576.jpeg 1024w, https:\/\/elinformanteperu.com\/wp-content\/uploads\/2026\/08\/surco-juan-palma-candidato-renovacion1-300x169.jpeg 300w, https:\/\/elinformanteperu.com\/wp-content\/uploads\/2026\/08\/surco-juan-palma-candidato-renovacion1-768x432.jpeg 768w, https:\/\/elinformanteperu.com\/wp-content\/uploads\/2026\/08\/surco-juan-palma-candidato-renovacion1-1536x864.jpeg 1536w, https:\/\/elinformanteperu.com\/wp-content\/uploads\/2026\/08\/surco-juan-palma-candidato-renovacion1-620x350.jpeg 620w, https:\/\/elinformanteperu.com\/wp-content\/uploads\/2026\/08\/surco-juan-palma-candidato-renovacion1-935x526.jpeg 935w, https:\/\/elinformanteperu.com\/wp-content\/uploads\/2026\/08\/surco-juan-palma-candidato-renovacion1.jpeg 1599w\" sizes=\"(max-width: 615px) 100vw, 615px\" \/><\/a><span style=\"color: #000000;\">En marzo del presente 2026 hicieron p\u00fablica su queja porque no se les consult\u00f3 su creaci\u00f3n. Asimismo, se\u00f1alaron que la chimenea del crematorio estaba muy cerca a sus casas, a menos de 15 metros, lo que afectar\u00eda su salud con las emisiones del horno.<\/span><\/p>\n<p><span style=\"color: #000000;\">\u00abMe solidarizo con mis vecinos de Surco Pueblo que un d\u00eda salieron por su ventana y se dieron con la sorpresa que ten\u00edan una campana y un crematorio. El 01 de enero del 2027 ello va a dejar de funcionar por la integridad de ellos\u00bb, expres\u00f3 Juan Palma.<\/span><\/p>\n<p><span style=\"color: #000000;\">Debido a la queja p\u00fablica, la actual gesti\u00f3n no hizo una gran inauguraci\u00f3n ni invit\u00f3 a los residentes colindantes. Solo se limit\u00f3 a comunicar que ya estaba funcionando este servicio funerario a trav\u00e9s de sus redes sociales.<\/span><\/p>\n<p><a href=\"https:\/\/elinformanteperu.com\/wp-content\/uploads\/2026\/08\/surco-juan-palma-candidato-renovacion2.jpeg\"><img decoding=\"async\" class=\"size-large wp-image-152770 aligncenter\" src=\"https:\/\/elinformanteperu.com\/wp-content\/uploads\/2026\/08\/surco-juan-palma-candidato-renovacion2-1024x576.jpeg\" alt=\"\" width=\"615\" height=\"346\" srcset=\"https:\/\/elinformanteperu.com\/wp-content\/uploads\/2026\/08\/surco-juan-palma-candidato-renovacion2-1024x576.jpeg 1024w, https:\/\/elinformanteperu.com\/wp-content\/uploads\/2026\/08\/surco-juan-palma-candidato-renovacion2-300x169.jpeg 300w, https:\/\/elinformanteperu.com\/wp-content\/uploads\/2026\/08\/surco-juan-palma-candidato-renovacion2-768x432.jpeg 768w, https:\/\/elinformanteperu.com\/wp-content\/uploads\/2026\/08\/surco-juan-palma-candidato-renovacion2-1536x864.jpeg 1536w, https:\/\/elinformanteperu.com\/wp-content\/uploads\/2026\/08\/surco-juan-palma-candidato-renovacion2-620x350.jpeg 620w, https:\/\/elinformanteperu.com\/wp-content\/uploads\/2026\/08\/surco-juan-palma-candidato-renovacion2-935x526.jpeg 935w, https:\/\/elinformanteperu.com\/wp-content\/uploads\/2026\/08\/surco-juan-palma-candidato-renovacion2.jpeg 1599w\" sizes=\"(max-width: 615px) 100vw, 615px\" \/><\/a><\/p>\n","protected":false},"excerpt":{"rendered":"<p>Lima, 30 Agosto 2026 (El Informante Per\u00fa).- El candidato a la alcald\u00eda de Santiago de Surco por Renovaci\u00f3n Popular, Juan Palma, asegur\u00f3 que de llegar al sill\u00f3n edil el crematorio dentro del cementerio municipal dejar\u00e1 de funcionar. Indic\u00f3 que este establecimiento se construy\u00f3 sin consultar a los vecinos colindantes de la urbanizaci\u00f3n Santiago Ant\u00fanez de [&hellip;]<\/p>\n","protected":false},"author":1,"featured_media":152768,"comment_status":"closed","ping_status":"closed","sticky":false,"template":"","format":"standard","meta":{"rop_custom_images_group":[],"rop_custom_messages_group":[],"rop_publish_now":"initial","rop_publish_now_accounts":[],"rop_publish_now_history":[],"rop_publish_now_status":"pending","footnotes":""},"categories":[10],"tags":[8841,655],"class_list":["post-152767","post","type-post","status-publish","format-standard","has-post-thumbnail","hentry","category-actualidad-municipal","tag-erm-2026","tag-municipalidad-de-santiago-de-surco"],"_links":{"self":[{"href":"https:\/\/elinformanteperu.com\/index.php\/wp-json\/wp\/v2\/posts\/152767","targetHints":{"allow":["GET"]}}],"collection":[{"href":"https:\/\/elinformanteperu.com\/index.php\/wp-json\/wp\/v2\/posts"}],"about":[{"href":"https:\/\/elinformanteperu.com\/index.php\/wp-json\/wp\/v2\/types\/post"}],"author":[{"embeddable":true,"href":"https:\/\/elinformanteperu.com\/index.php\/wp-json\/wp\/v2\/users\/1"}],"replies":[{"embeddable":true,"href":"https:\/\/elinformanteperu.com\/index.php\/wp-json\/wp\/v2\/comments?post=152767"}],"version-history":[{"count":1,"href":"https:\/\/elinformanteperu.com\/index.php\/wp-json\/wp\/v2\/posts\/152767\/revisions"}],"predecessor-version":[{"id":152771,"href":"https:\/\/elinformanteperu.com\/index.php\/wp-json\/wp\/v2\/posts\/152767\/revisions\/152771"}],"wp:featuredmedia":[{"embeddable":true,"href":"https:\/\/elinformanteperu.com\/index.php\/wp-json\/wp\/v2\/media\/152768"}],"wp:attachment":[{"href":"https:\/\/elinformanteperu.com\/index.php\/wp-json\/wp\/v2\/media?parent=152767"}],"wp:term":[{"taxonomy":"category","embeddable":true,"href":"https:\/\/elinformanteperu.com\/index.php\/wp-json\/wp\/v2\/categories?post=152767"},{"taxonomy":"post_tag","embeddable":true,"href":"https:\/\/elinformanteperu.com\/index.php\/wp-json\/wp\/v2\/tags?post=152767"}],"curies":[{"name":"wp","href":"https:\/\/api.w.org\/{rel}","templated":true}]}}