{"id":152763,"date":"2026-08-30T22:13:33","date_gmt":"2026-08-31T03:13:33","guid":{"rendered":"https:\/\/elinformanteperu.com\/?p=152763"},"modified":"2026-08-30T22:13:33","modified_gmt":"2026-08-31T03:13:33","slug":"mtc-fortalece-cooperacion-con-espana-para-impulsar-proyectos-ferroviarios-y-modernizar-las-telecomunicaciones","status":"publish","type":"post","link":"https:\/\/elinformanteperu.com\/index.php\/2026\/08\/30\/mtc-fortalece-cooperacion-con-espana-para-impulsar-proyectos-ferroviarios-y-modernizar-las-telecomunicaciones\/","title":{"rendered":"MTC fortalece cooperaci\u00f3n con Espa\u00f1a para impulsar proyectos ferroviarios y modernizar las telecomunicaciones"},"content":{"rendered":"<p><strong><span style=\"color: #000000;\">Ministro Rafael Rey se reuni\u00f3 con el embajador Alejandro Garc\u00eda de Diego, quien ofreci\u00f3 asistencia t\u00e9cnica de la empresa espa\u00f1ola Indra para contribuir al desarrollo del sector de telecomunicaciones.<\/span><\/strong><\/p>\n<p><span style=\"color: #000000;\"><strong>Lima, 30 Agosto 2026 (El Informante Per\u00fa).-<\/strong> El ministro de Transportes y Comunicaciones, Rafael Rey Rey, sostuvo una reuni\u00f3n de trabajo con el embajador de Espa\u00f1a en el Per\u00fa, Alejandro Abell\u00e1n Garc\u00eda de Diego, con el objetivo de fortalecer los lazos de cooperaci\u00f3n entre ambos pa\u00edses e impulsar oportunidades de colaboraci\u00f3n en materia de infraestructura y proyectos ferroviarios.<\/span><\/p>\n<p><span style=\"color: #000000;\">Durante el encuentro, ambas autoridades intercambiaron perspectivas sobre las oportunidades de cooperaci\u00f3n que permitan contribuir al desarrollo y modernizaci\u00f3n de los sectores de transportes y comunicaciones del Per\u00fa. La reuni\u00f3n permiti\u00f3, adem\u00e1s, fortalecer los canales de coordinaci\u00f3n con Espa\u00f1a para identificar iniciativas de inter\u00e9s com\u00fan.<\/span><\/p>\n<p><a href=\"https:\/\/elinformanteperu.com\/wp-content\/uploads\/2026\/08\/mtc-rey-y-embajador-espana1.jpg\"><img fetchpriority=\"high\" decoding=\"async\" class=\"size-large wp-image-152765 aligncenter\" src=\"https:\/\/elinformanteperu.com\/wp-content\/uploads\/2026\/08\/mtc-rey-y-embajador-espana1-1024x682.jpg\" alt=\"\" width=\"615\" height=\"410\" srcset=\"https:\/\/elinformanteperu.com\/wp-content\/uploads\/2026\/08\/mtc-rey-y-embajador-espana1-1024x682.jpg 1024w, https:\/\/elinformanteperu.com\/wp-content\/uploads\/2026\/08\/mtc-rey-y-embajador-espana1-300x200.jpg 300w, https:\/\/elinformanteperu.com\/wp-content\/uploads\/2026\/08\/mtc-rey-y-embajador-espana1-768x512.jpg 768w, https:\/\/elinformanteperu.com\/wp-content\/uploads\/2026\/08\/mtc-rey-y-embajador-espana1-1536x1023.jpg 1536w, https:\/\/elinformanteperu.com\/wp-content\/uploads\/2026\/08\/mtc-rey-y-embajador-espana1.jpg 2048w\" sizes=\"(max-width: 615px) 100vw, 615px\" \/><\/a><span style=\"color: #000000;\">En materia de telecomunicaciones, el embajador de Espa\u00f1a ofreci\u00f3 asistencia t\u00e9cnica a trav\u00e9s de Indra, empresa espa\u00f1ola especializada en tecnolog\u00edas de la informaci\u00f3n y soluciones tecnol\u00f3gicas, para contribuir al desarrollo del sector en el Per\u00fa.<\/span><\/p>\n<p><span style=\"color: #000000;\">Esta propuesta de cooperaci\u00f3n permitir\u00e1 explorar nuevas oportunidades para incorporar experiencia y conocimiento especializado en el proceso de modernizaci\u00f3n de las telecomunicaciones, en l\u00ednea con los objetivos del MTC de fortalecer la conectividad y promover el desarrollo tecnol\u00f3gico del pa\u00eds.<\/span><\/p>\n<p><span style=\"color: #000000;\">El MTC reafirma su compromiso de continuar fortaleciendo la cooperaci\u00f3n internacional y articulando esfuerzos con pa\u00edses aliados y empresas especializadas, con el prop\u00f3sito de impulsar inversiones, promover la innovaci\u00f3n y consolidar una infraestructura de transportes y comunicaciones moderna, eficiente y al servicio de los ciudadanos. La reuni\u00f3n y la oferta de asistencia t\u00e9cnica de Indra tambi\u00e9n fueron reportadas p\u00fablicamente por el MTC.<\/span><\/p>\n","protected":false},"excerpt":{"rendered":"<p>Ministro Rafael Rey se reuni\u00f3 con el embajador Alejandro Garc\u00eda de Diego, quien ofreci\u00f3 asistencia t\u00e9cnica de la empresa espa\u00f1ola Indra para contribuir al desarrollo del sector de telecomunicaciones. Lima, 30 Agosto 2026 (El Informante Per\u00fa).- El ministro de Transportes y Comunicaciones, Rafael Rey Rey, sostuvo una reuni\u00f3n de trabajo con el embajador de Espa\u00f1a [&hellip;]<\/p>\n","protected":false},"author":1,"featured_media":152764,"comment_status":"closed","ping_status":"closed","sticky":false,"template":"","format":"standard","meta":{"rop_custom_images_group":[],"rop_custom_messages_group":[],"rop_publish_now":"initial","rop_publish_now_accounts":[],"rop_publish_now_history":[],"rop_publish_now_status":"pending","footnotes":""},"categories":[5],"tags":[8577,318,317,5010],"class_list":["post-152763","post","type-post","status-publish","format-standard","has-post-thumbnail","hentry","category-actualidad-informativa","tag-embajada-de-espana","tag-ministerio-de-transportes-y-comunicaciones","tag-mtc","tag-rafael-rey"],"_links":{"self":[{"href":"https:\/\/elinformanteperu.com\/index.php\/wp-json\/wp\/v2\/posts\/152763","targetHints":{"allow":["GET"]}}],"collection":[{"href":"https:\/\/elinformanteperu.com\/index.php\/wp-json\/wp\/v2\/posts"}],"about":[{"href":"https:\/\/elinformanteperu.com\/index.php\/wp-json\/wp\/v2\/types\/post"}],"author":[{"embeddable":true,"href":"https:\/\/elinformanteperu.com\/index.php\/wp-json\/wp\/v2\/users\/1"}],"replies":[{"embeddable":true,"href":"https:\/\/elinformanteperu.com\/index.php\/wp-json\/wp\/v2\/comments?post=152763"}],"version-history":[{"count":1,"href":"https:\/\/elinformanteperu.com\/index.php\/wp-json\/wp\/v2\/posts\/152763\/revisions"}],"predecessor-version":[{"id":152766,"href":"https:\/\/elinformanteperu.com\/index.php\/wp-json\/wp\/v2\/posts\/152763\/revisions\/152766"}],"wp:featuredmedia":[{"embeddable":true,"href":"https:\/\/elinformanteperu.com\/index.php\/wp-json\/wp\/v2\/media\/152764"}],"wp:attachment":[{"href":"https:\/\/elinformanteperu.com\/index.php\/wp-json\/wp\/v2\/media?parent=152763"}],"wp:term":[{"taxonomy":"category","embeddable":true,"href":"https:\/\/elinformanteperu.com\/index.php\/wp-json\/wp\/v2\/categories?post=152763"},{"taxonomy":"post_tag","embeddable":true,"href":"https:\/\/elinformanteperu.com\/index.php\/wp-json\/wp\/v2\/tags?post=152763"}],"curies":[{"name":"wp","href":"https:\/\/api.w.org\/{rel}","templated":true}]}}