{"id":152753,"date":"2026-08-30T21:55:08","date_gmt":"2026-08-31T02:55:08","guid":{"rendered":"https:\/\/elinformanteperu.com\/?p=152753"},"modified":"2026-08-30T22:03:22","modified_gmt":"2026-08-31T03:03:22","slug":"leandro-paredes-considera-exagerada-sancion-de-10-partidos-que-le-impuso-la-fifa","status":"publish","type":"post","link":"https:\/\/elinformanteperu.com\/index.php\/2026\/08\/30\/leandro-paredes-considera-exagerada-sancion-de-10-partidos-que-le-impuso-la-fifa\/","title":{"rendered":"Leandro Paredes considera \u00abexagerada\u00bb sanci\u00f3n de 10 partidos que le impuso la FIFA"},"content":{"rendered":"<p><strong><span style=\"color: #000000;\">El volante argentino dijo que apelar\u00e1 el castigo por los incidentes tras la final del Mundial 2026 ante Espa\u00f1a<\/span><\/strong><\/p>\n<p><span style=\"color: #000000;\"><strong>Buenos Aires, 30 Agosto 2026.-<\/strong> El internacional argentino Leandro Paredes consider\u00f3 \u00abexagerada\u00bb la sanci\u00f3n de diez partidos que le impuso la FIFA por los incidentes registrados tras la final del Mundial de 2026 entre Argentina y Espa\u00f1a, que concluy\u00f3 con la victoria de La Roja por 1-0.<\/span><\/p>\n<p><span style=\"color: #000000;\">Adem\u00e1s, cuestion\u00f3 la diferencia con la pena recibida por el espa\u00f1ol Pablo P\u00e1ez Gavira, m\u00e1s conocido como &#8216;Gavi&#8217;.<\/span><\/p>\n<p><span style=\"color: #000000;\">\u00abMe parece exagerada. Lo raro es que a Gavi le dieron una (fecha) y es el que me da la pi\u00f1a (golpe) en el pecho\u00bb, afirm\u00f3 Paredes ante la prensa despu\u00e9s del triunfo de su actual equipo, Boca Juniors, por 1-0 frente a Lan\u00fas, por la s\u00e9ptima jornada del Torneo Clausura argentino, disputado este viernes.<\/span><\/p>\n<p><span style=\"color: #000000;\">El jugador, que recibi\u00f3 adem\u00e1s una multa de 90.000 d\u00f3lares, se mostr\u00f3 confiado en que la sanci\u00f3n pueda ser reducida por medio de la apelaci\u00f3n que prepara la Asociaci\u00f3n del F\u00fatbol Argentino (AFA).<\/span><\/p>\n<p><span style=\"color: #000000;\">\u00abAhora queda apelar, ver si podemos reducir la sanci\u00f3n y nada m\u00e1s\u00bb, se\u00f1al\u00f3 el mediocampista, quien agreg\u00f3: \u00abYo creo que se puede reducir porque es excesiva\u00bb.<\/span><\/p>\n<p><span style=\"color: #000000;\">Tras concluir el encuentro entre ambas selecciones, con el t\u00edtulo para la Roja merced al gol de Ferran en la pr\u00f3rroga (1-0), hubo distintas refriegas.<\/span><\/p>\n<p><span style=\"color: #000000;\">Paredes y Almada tuvieron una conducta antideportiva con el espa\u00f1ol Eric Garc\u00eda y cuando Gavi fue a defender a su compa\u00f1ero fue derribado por los argentinos, mientras que Molina propin\u00f3 un pu\u00f1etazo en el torso a Rodri Hern\u00e1ndez cuando este corr\u00eda celebrando el t\u00edtulo y Ayala le dio tambi\u00e9n un pu\u00f1etazo a Dani Olmo.<\/span><\/p>\n<p><span style=\"color: #000000;\">Adem\u00e1s de la sanci\u00f3n al futbolista &#8216;xeneize&#8217;, la FIFA tambi\u00e9n castig\u00f3 con siete partidos y una multa de 90.000 d\u00f3lares al defensor argentino Nahuel Molina, mientras que Thiago Almada recibi\u00f3 una fecha de sanci\u00f3n y el exfutbolista Roberto Ayala, integrante del cuerpo t\u00e9cnico de Lionel Scaloni, tres encuentros.<\/span><\/p>\n<p><span style=\"color: #000000;\">El barcelonista Gavi, por su parte, fue suspendido por un partido y recibi\u00f3 una multa de 30.000 d\u00f3lares.<\/span><\/p>\n<p><span style=\"color: #000000;\">La AFA aguarda los fundamentos completos de las resoluciones para presentar los recursos correspondientes ante la Comisi\u00f3n de Apelaciones de la FIFA.<\/span><\/p>\n<p><strong><span style=\"color: #000000;\">Pueden ir al TAS<\/span><\/strong><\/p>\n<p><span style=\"color: #000000;\">En caso de que la apelaci\u00f3n no prospere, el Tribunal Arbitral del Deporte (TAS) aparece como una eventual \u00faltima instancia.<\/span><\/p>\n<p><span style=\"color: #000000;\">No obstante, esta semana se conoci\u00f3 que la FIFA acept\u00f3 la solicitud enviada por la AFA para aceptar que los sancionados puedan comenzar a cumplir sus respectivos castigos en partidos amistosos internacionales de categor\u00eda A y no \u00fanicamente en los oficiales.<\/span><\/p>\n<p><span style=\"color: #000000;\">La modificaci\u00f3n permitir\u00e1 a los futbolistas argentinos comenzar a descontar las suspensiones en los pr\u00f3ximos compromisos internacionales, lo que podr\u00eda reducir el impacto de las penas sobre los partidos oficiales de la selecci\u00f3n.<\/span><\/p>\n<p><span style=\"color: #000000;\">Argentina tiene previstas dos encuentros internacionales antes de finalizar 2026, en septiembre u octubre y noviembre. (ANDINA).<\/span><\/p>\n<blockquote class=\"twitter-tweet\">\n<p dir=\"ltr\" lang=\"es\">SE ENOJ\u00d3 LEANDRO: Paredes golpe\u00f3 a \u00c9ric Garc\u00eda y a Gavi mientras festejaban muy cerca de \u00e9l.<\/p>\n<p>\u26bd <a href=\"https:\/\/x.com\/hashtag\/ESPNMundial?src=hash&amp;ref_src=twsrc%5Etfw\">#ESPNMundial<\/a><br \/>\n\ud83d\udcfa Mir\u00e1 los mejores partidos de la <a href=\"https:\/\/x.com\/hashtag\/FIFAWorldCup?src=hash&amp;ref_src=twsrc%5Etfw\">#FIFAWorldCup<\/a> por ESPN, en el Plan Premium de <a href=\"https:\/\/x.com\/hashtag\/DisneyPlus?src=hash&amp;ref_src=twsrc%5Etfw\">#DisneyPlus<\/a> <a href=\"https:\/\/t.co\/Ylhqavw0CF\">pic.twitter.com\/Ylhqavw0CF<\/a><\/p>\n<p>\u2014 SportsCenter (@SC_ESPN) <a href=\"https:\/\/x.com\/SC_ESPN\/status\/2078966714478252042?ref_src=twsrc%5Etfw\">July 19, 2026<\/a><\/p><\/blockquote>\n<p><script async src=\"https:\/\/platform.x.com\/widgets.js\" charset=\"utf-8\"><\/script><\/p>\n","protected":false},"excerpt":{"rendered":"<p>El volante argentino dijo que apelar\u00e1 el castigo por los incidentes tras la final del Mundial 2026 ante Espa\u00f1a Buenos Aires, 30 Agosto 2026.- El internacional argentino Leandro Paredes consider\u00f3 \u00abexagerada\u00bb la sanci\u00f3n de diez partidos que le impuso la FIFA por los incidentes registrados tras la final del Mundial de 2026 entre Argentina y [&hellip;]<\/p>\n","protected":false},"author":1,"featured_media":152754,"comment_status":"closed","ping_status":"closed","sticky":false,"template":"","format":"standard","meta":{"rop_custom_images_group":[],"rop_custom_messages_group":[],"rop_publish_now":"initial","rop_publish_now_accounts":[],"rop_publish_now_history":[],"rop_publish_now_status":"pending","footnotes":""},"categories":[8],"tags":[8508],"class_list":["post-152753","post","type-post","status-publish","format-standard","has-post-thumbnail","hentry","category-disciplinas-deportivas","tag-mundial-de-futbol-2026"],"_links":{"self":[{"href":"https:\/\/elinformanteperu.com\/index.php\/wp-json\/wp\/v2\/posts\/152753","targetHints":{"allow":["GET"]}}],"collection":[{"href":"https:\/\/elinformanteperu.com\/index.php\/wp-json\/wp\/v2\/posts"}],"about":[{"href":"https:\/\/elinformanteperu.com\/index.php\/wp-json\/wp\/v2\/types\/post"}],"author":[{"embeddable":true,"href":"https:\/\/elinformanteperu.com\/index.php\/wp-json\/wp\/v2\/users\/1"}],"replies":[{"embeddable":true,"href":"https:\/\/elinformanteperu.com\/index.php\/wp-json\/wp\/v2\/comments?post=152753"}],"version-history":[{"count":2,"href":"https:\/\/elinformanteperu.com\/index.php\/wp-json\/wp\/v2\/posts\/152753\/revisions"}],"predecessor-version":[{"id":152762,"href":"https:\/\/elinformanteperu.com\/index.php\/wp-json\/wp\/v2\/posts\/152753\/revisions\/152762"}],"wp:featuredmedia":[{"embeddable":true,"href":"https:\/\/elinformanteperu.com\/index.php\/wp-json\/wp\/v2\/media\/152754"}],"wp:attachment":[{"href":"https:\/\/elinformanteperu.com\/index.php\/wp-json\/wp\/v2\/media?parent=152753"}],"wp:term":[{"taxonomy":"category","embeddable":true,"href":"https:\/\/elinformanteperu.com\/index.php\/wp-json\/wp\/v2\/categories?post=152753"},{"taxonomy":"post_tag","embeddable":true,"href":"https:\/\/elinformanteperu.com\/index.php\/wp-json\/wp\/v2\/tags?post=152753"}],"curies":[{"name":"wp","href":"https:\/\/api.w.org\/{rel}","templated":true}]}}