{"id":15275,"date":"2017-09-02T10:22:46","date_gmt":"2017-09-02T15:22:46","guid":{"rendered":"http:\/\/elinformanteperu.com\/?p=15275"},"modified":"2017-09-02T10:22:46","modified_gmt":"2017-09-02T15:22:46","slug":"iii-gabinete-binacional-peru-y-bolivia-trabajan-juntos-por-la-igualdad-y-prosperidad","status":"publish","type":"post","link":"https:\/\/elinformanteperu.com\/index.php\/2017\/09\/02\/iii-gabinete-binacional-peru-y-bolivia-trabajan-juntos-por-la-igualdad-y-prosperidad\/","title":{"rendered":"III Gabinete Binacional: Per\u00fa y Bolivia trabajan juntos por la igualdad y prosperidad"},"content":{"rendered":"<p><strong><span style=\"color: #000000;\">El presidente Pedro Pablo Kuczynski resalt\u00f3 que Per\u00fa y Bolivia trabajan juntos como vecinos por la igualdad y la prosperidad de ambos pa\u00edses.<\/span><\/strong><\/p>\n<p><span style=\"color: #000000;\"><strong>Lima, 01 Setiembre 2017, (ANDINA).-<\/strong> El presidente Pedro Pablo Kuczynski resalt\u00f3 que Per\u00fa y Bolivia trabajan juntos como vecinos por la igualdad y la prosperidad de ambos pa\u00edses, en el inicio del III Gabinete Binacional, que se lleva a cabo en Palacio de Gobierno, en Lima.<\/span><\/p>\n<p><span style=\"color: #000000;\">\u201cSeguimos trabajando juntos como vecinos en una misma causa, la causa de la igualdad, la prosperidad y de la buena distribuci\u00f3n de ingresos, de servicios p\u00fablicos eficientes, de la justicia. Es muy importante que est\u00e9n aqu\u00ed\u201d, se\u00f1al\u00f3 Kuczynski.<\/span><\/p>\n<p><span style=\"color: #000000;\">Seg\u00fan indic\u00f3, la parte sur de los Andes es una sola regi\u00f3n y cuando se sobrevuela es f\u00e1cil comprobar que Per\u00fa y Bolivia est\u00e1n \u00abjuntos en esta esquina del mundo\u201d y por eso contin\u00faan trabajando juntos.<\/span><\/p>\n<p><span style=\"color: #000000;\">El Jefe del Estado dijo estar seguro de que el III Gabinete Binacional ser\u00e1 una buena reuni\u00f3n, al contar con una agenda completa.<\/span><\/p>\n<p><span style=\"color: #000000;\">\u201cLes doy a todos la bienvenida. Hermano presidente (Evo Morales) es un placer tenerte aqu\u00ed\u201d, manifest\u00f3 el Mandatario.<\/span><\/p>\n<p>https:\/\/www.facebook.com\/agenciandina\/videos\/1896937636999303\/<\/p>\n","protected":false},"excerpt":{"rendered":"<p>El presidente Pedro Pablo Kuczynski resalt\u00f3 que Per\u00fa y Bolivia trabajan juntos como vecinos por la igualdad y la prosperidad de ambos pa\u00edses. Lima, 01 Setiembre 2017, (ANDINA).- El presidente Pedro Pablo Kuczynski resalt\u00f3 que Per\u00fa y Bolivia trabajan juntos como vecinos por la igualdad y la prosperidad de ambos pa\u00edses, en el inicio del [&hellip;]<\/p>\n","protected":false},"author":1,"featured_media":15276,"comment_status":"open","ping_status":"open","sticky":false,"template":"","format":"standard","meta":{"rop_custom_images_group":[],"rop_custom_messages_group":[],"rop_publish_now":"initial","rop_publish_now_accounts":[],"rop_publish_now_history":[],"rop_publish_now_status":"pending","footnotes":""},"categories":[5],"tags":[2119,74,73],"class_list":["post-15275","post","type-post","status-publish","format-standard","has-post-thumbnail","hentry","category-actualidad-informativa","tag-evo-morales","tag-pedro-pablo-kuczynski","tag-ppk"],"_links":{"self":[{"href":"https:\/\/elinformanteperu.com\/index.php\/wp-json\/wp\/v2\/posts\/15275","targetHints":{"allow":["GET"]}}],"collection":[{"href":"https:\/\/elinformanteperu.com\/index.php\/wp-json\/wp\/v2\/posts"}],"about":[{"href":"https:\/\/elinformanteperu.com\/index.php\/wp-json\/wp\/v2\/types\/post"}],"author":[{"embeddable":true,"href":"https:\/\/elinformanteperu.com\/index.php\/wp-json\/wp\/v2\/users\/1"}],"replies":[{"embeddable":true,"href":"https:\/\/elinformanteperu.com\/index.php\/wp-json\/wp\/v2\/comments?post=15275"}],"version-history":[{"count":1,"href":"https:\/\/elinformanteperu.com\/index.php\/wp-json\/wp\/v2\/posts\/15275\/revisions"}],"predecessor-version":[{"id":15277,"href":"https:\/\/elinformanteperu.com\/index.php\/wp-json\/wp\/v2\/posts\/15275\/revisions\/15277"}],"wp:featuredmedia":[{"embeddable":true,"href":"https:\/\/elinformanteperu.com\/index.php\/wp-json\/wp\/v2\/media\/15276"}],"wp:attachment":[{"href":"https:\/\/elinformanteperu.com\/index.php\/wp-json\/wp\/v2\/media?parent=15275"}],"wp:term":[{"taxonomy":"category","embeddable":true,"href":"https:\/\/elinformanteperu.com\/index.php\/wp-json\/wp\/v2\/categories?post=15275"},{"taxonomy":"post_tag","embeddable":true,"href":"https:\/\/elinformanteperu.com\/index.php\/wp-json\/wp\/v2\/tags?post=15275"}],"curies":[{"name":"wp","href":"https:\/\/api.w.org\/{rel}","templated":true}]}}