{"id":152727,"date":"2026-08-30T20:32:12","date_gmt":"2026-08-31T01:32:12","guid":{"rendered":"https:\/\/elinformanteperu.com\/?p=152727"},"modified":"2026-08-30T21:49:21","modified_gmt":"2026-08-31T02:49:21","slug":"x-fiavit-2026-reunira-a-cerca-de-130-expositores-nacionales-e-internacionales","status":"publish","type":"post","link":"https:\/\/elinformanteperu.com\/index.php\/2026\/08\/30\/x-fiavit-2026-reunira-a-cerca-de-130-expositores-nacionales-e-internacionales\/","title":{"rendered":"X FIAVIT 2026 reunir\u00e1 a cerca de 130 expositores nacionales e internacionales"},"content":{"rendered":"<p><span style=\"color: #000000;\"><strong>Lima, 30 Agosto 2026 (Jeanette Garc\u00eda \/ El Informante Per\u00fa).-<\/strong> Con la participaci\u00f3n de cerca de 130 expositores nacionales e internacionales, la Asociaci\u00f3n Peruana de Agencias de Viajes y Turismo \u2013 APAVIT PER\u00da anunci\u00f3 la realizaci\u00f3n de la X Feria Nacional e Internacional de Turismo \u2013 FIAVIT 2026, que se desarrollar\u00e1 los d\u00edas 10 y 11 de septiembre, de 10:00 a. m. a 5:00 p. m., en los Jardines del Museo de Arte Contempor\u00e1neo \u2013 MAC, en Barranco.<\/span><\/p>\n<p><span style=\"color: #000000;\">La presidenta de APAVIT PER\u00da, Patricia Campos Cisneros, destac\u00f3 que esta d\u00e9cima edici\u00f3n reunir\u00e1 a importantes representantes de toda la cadena tur\u00edstica, entre ellos l\u00edneas a\u00e9reas, agencias de viajes, operadores y mayoristas, hoteles, restaurantes, empresas de asistencia al viajero, embajadas, gobiernos regionales y locales, gremios empresariales y organismos del Estado.<\/span><\/p>\n<p><span style=\"color: #000000;\">PROMPER\u00da y la Municipalidad de Barranco se suman nuevamente a esta d\u00e9cima edici\u00f3n, que reunir\u00e1 durante dos d\u00edas a empresas, destinos, operadores, autoridades y representantes de la industria tur\u00edstica del Per\u00fa y del extranjero.<\/span><\/p>\n<p><span style=\"color: #000000;\">La titular de APAVIT PER\u00da precis\u00f3 que durante los dos d\u00edas de feria los asistentes podr\u00e1n conocer nuevos destinos, productos, servicios, experiencias y tendencias del sector tur\u00edstico, adem\u00e1s de establecer contacto directo con empresas y representantes de diferentes destinos del Per\u00fa y del extranjero.<\/span><\/p>\n<p><strong><span style=\"color: #000000;\">Destacada participaci\u00f3n internacional<\/span><\/strong><\/p>\n<p><span style=\"color: #000000;\">Como una de las novedades de FIAVIT 2026, participar\u00e1n importantes empresas, operadores y representantes tur\u00edsticos internacionales, entre ellos One Wish y Civitatis, de Espa\u00f1a; Sanyong, de la India; Enjoy y Strawberry Travel; Boliviana de Aviaci\u00f3n, Hotel Gloria e Hidalgo Corporation, de Bolivia; Estuario del Plata, Aymar\u00e1 y el Ente de Turismo de Mendoza, de Argentina; Turismo Rai Trai y JetSMART, de Chile; as\u00ed como representantes y empresas de Panam\u00e1, entre otros.<\/span><\/p>\n<p><a href=\"https:\/\/elinformanteperu.com\/wp-content\/uploads\/2026\/08\/APAVIT1.jpg\"><img fetchpriority=\"high\" decoding=\"async\" class=\"size-large wp-image-152729 aligncenter\" src=\"https:\/\/elinformanteperu.com\/wp-content\/uploads\/2026\/08\/APAVIT1-1024x679.jpg\" alt=\"\" width=\"615\" height=\"408\" srcset=\"https:\/\/elinformanteperu.com\/wp-content\/uploads\/2026\/08\/APAVIT1-1024x679.jpg 1024w, https:\/\/elinformanteperu.com\/wp-content\/uploads\/2026\/08\/APAVIT1-300x199.jpg 300w, https:\/\/elinformanteperu.com\/wp-content\/uploads\/2026\/08\/APAVIT1-768x509.jpg 768w, https:\/\/elinformanteperu.com\/wp-content\/uploads\/2026\/08\/APAVIT1.jpg 1104w\" sizes=\"(max-width: 615px) 100vw, 615px\" \/><\/a><strong><span style=\"color: #000000;\">PROMPER\u00da presente en la X FIAVIT 2026<\/span><\/strong><\/p>\n<p><span style=\"color: #000000;\">La d\u00e9cima edici\u00f3n de FIAVIT contar\u00e1 tambi\u00e9n con la importante participaci\u00f3n de PROMPER\u00da, fortaleciendo la promoci\u00f3n de la oferta tur\u00edstica nacional y la presencia de destinos y prestadores de servicios tur\u00edsticos del pa\u00eds.<\/span><\/p>\n<p><span style=\"color: #000000;\">Su participaci\u00f3n contribuir\u00e1 a acercar a los profesionales de la industria una amplia y diversa oferta de experiencias tur\u00edsticas peruanas, promoviendo el turismo interno y generando nuevas oportunidades de articulaci\u00f3n, promoci\u00f3n y comercializaci\u00f3n para las empresas del sector.<\/span><\/p>\n<p><strong><span style=\"color: #000000;\">Amplia presencia nacional<\/span><\/strong><\/p>\n<p><span style=\"color: #000000;\">Entre las empresas e instituciones confirmadas se encuentran Hotel Costa del Sol, Hacienda San Juan de Ica, Castillo de Chancay, Resort Yanashpa de Tarapoto, Hotel Huarango de Ica, Star Per\u00fa, Less Travel, CM Mayorista, Mundo Total, CIC Per\u00fa, eTravel, Dream and Travel, Atipax, VIP Viajes, Domireps, International Travel Team, Mega Travel, Grupo GEA, Trotamundos, INTEJ, Travel Solutions Assistance S.A., XPERT Assistance, Iberostar, Oltursa, TUMICRO y Turismo Cautivo, entre otras.<\/span><\/p>\n<p><span style=\"color: #000000;\">La X Feria Nacional e Internacional de Turismo \u2013 FIAVIT 2026 se realizar\u00e1 los d\u00edas jueves 10 y viernes 11 de septiembre, de 10:00 a. m. a 5:00 p. m., en los Jardines del Museo de Arte Contempor\u00e1neo \u2013 MAC, en Barranco.<\/span><\/p>\n<p><span style=\"color: #000000;\">El ingreso ser\u00e1 gratuito, previa identificaci\u00f3n y registro, y estar\u00e1 dirigido especialmente a agencias de viajes, operadores tur\u00edsticos, profesionales del sector, empresarios y p\u00fablico vinculado a la actividad tur\u00edstica.<\/span><\/p>\n<p><a href=\"https:\/\/elinformanteperu.com\/wp-content\/uploads\/2026\/08\/APAVIT-evento.jpg\"><img decoding=\"async\" class=\"size-full wp-image-152730 aligncenter\" src=\"https:\/\/elinformanteperu.com\/wp-content\/uploads\/2026\/08\/APAVIT-evento.jpg\" alt=\"\" width=\"295\" height=\"606\" srcset=\"https:\/\/elinformanteperu.com\/wp-content\/uploads\/2026\/08\/APAVIT-evento.jpg 295w, https:\/\/elinformanteperu.com\/wp-content\/uploads\/2026\/08\/APAVIT-evento-146x300.jpg 146w\" sizes=\"(max-width: 295px) 100vw, 295px\" \/><\/a><\/p>\n","protected":false},"excerpt":{"rendered":"<p>Lima, 30 Agosto 2026 (Jeanette Garc\u00eda \/ El Informante Per\u00fa).- Con la participaci\u00f3n de cerca de 130 expositores nacionales e internacionales, la Asociaci\u00f3n Peruana de Agencias de Viajes y Turismo \u2013 APAVIT PER\u00da anunci\u00f3 la realizaci\u00f3n de la X Feria Nacional e Internacional de Turismo \u2013 FIAVIT 2026, que se desarrollar\u00e1 los d\u00edas 10 y [&hellip;]<\/p>\n","protected":false},"author":1,"featured_media":152728,"comment_status":"closed","ping_status":"closed","sticky":false,"template":"","format":"standard","meta":{"rop_custom_images_group":[],"rop_custom_messages_group":[],"rop_publish_now":"initial","rop_publish_now_accounts":[],"rop_publish_now_history":[],"rop_publish_now_status":"pending","footnotes":""},"categories":[10,20],"tags":[2439],"class_list":["post-152727","post","type-post","status-publish","format-standard","has-post-thumbnail","hentry","category-actualidad-municipal","category-eventos","tag-apavit"],"_links":{"self":[{"href":"https:\/\/elinformanteperu.com\/index.php\/wp-json\/wp\/v2\/posts\/152727","targetHints":{"allow":["GET"]}}],"collection":[{"href":"https:\/\/elinformanteperu.com\/index.php\/wp-json\/wp\/v2\/posts"}],"about":[{"href":"https:\/\/elinformanteperu.com\/index.php\/wp-json\/wp\/v2\/types\/post"}],"author":[{"embeddable":true,"href":"https:\/\/elinformanteperu.com\/index.php\/wp-json\/wp\/v2\/users\/1"}],"replies":[{"embeddable":true,"href":"https:\/\/elinformanteperu.com\/index.php\/wp-json\/wp\/v2\/comments?post=152727"}],"version-history":[{"count":2,"href":"https:\/\/elinformanteperu.com\/index.php\/wp-json\/wp\/v2\/posts\/152727\/revisions"}],"predecessor-version":[{"id":152745,"href":"https:\/\/elinformanteperu.com\/index.php\/wp-json\/wp\/v2\/posts\/152727\/revisions\/152745"}],"wp:featuredmedia":[{"embeddable":true,"href":"https:\/\/elinformanteperu.com\/index.php\/wp-json\/wp\/v2\/media\/152728"}],"wp:attachment":[{"href":"https:\/\/elinformanteperu.com\/index.php\/wp-json\/wp\/v2\/media?parent=152727"}],"wp:term":[{"taxonomy":"category","embeddable":true,"href":"https:\/\/elinformanteperu.com\/index.php\/wp-json\/wp\/v2\/categories?post=152727"},{"taxonomy":"post_tag","embeddable":true,"href":"https:\/\/elinformanteperu.com\/index.php\/wp-json\/wp\/v2\/tags?post=152727"}],"curies":[{"name":"wp","href":"https:\/\/api.w.org\/{rel}","templated":true}]}}