{"id":152723,"date":"2026-08-30T20:16:37","date_gmt":"2026-08-31T01:16:37","guid":{"rendered":"https:\/\/elinformanteperu.com\/?p=152723"},"modified":"2026-08-30T20:16:37","modified_gmt":"2026-08-31T01:16:37","slug":"evaluan-escenarios-de-riesgo-ante-el-nino-para-proteger-ecosistemas-y-poblacion-en-areas-naturales-protegidas","status":"publish","type":"post","link":"https:\/\/elinformanteperu.com\/index.php\/2026\/08\/30\/evaluan-escenarios-de-riesgo-ante-el-nino-para-proteger-ecosistemas-y-poblacion-en-areas-naturales-protegidas\/","title":{"rendered":"Eval\u00faan escenarios de riesgo ante El Ni\u00f1o para proteger ecosistemas y poblaci\u00f3n en \u00e1reas naturales protegidas"},"content":{"rendered":"<p><strong><span style=\"color: #000000;\">A trav\u00e9s del Sernanp, se articula informaci\u00f3n con el Senamhi y los comit\u00e9s de gesti\u00f3n de las \u00e1reas naturales protegidas para fortalecer las acciones de prevenci\u00f3n.<\/span><\/strong><\/p>\n<p><span style=\"color: #000000;\"><strong>Lima, 30 Agosto 2026 (El Informante Per\u00fa).-<\/strong> El Ministerio del Ambiente (Minam), a trav\u00e9s del Servicio Nacional de \u00c1reas Naturales Protegidas por el Estado (Sernanp), viene fortaleciendo las acciones de prevenci\u00f3n en las \u00e1reas naturales protegidas (ANP) frente a los posibles impactos del Fen\u00f3meno El Ni\u00f1o.<\/span><\/p>\n<p><span style=\"color: #000000;\">Para ello, se eval\u00faan escenarios de riesgo sobre la base de informaci\u00f3n cient\u00edfica y territorial, a fin de anticipar situaciones que puedan afectar a los ecosistemas, la biodiversidad y las poblaciones ubicadas en zonas aleda\u00f1as a las \u00e1reas naturales protegidas.<\/span><\/p>\n<p><span style=\"color: #000000;\">Como parte de estas acciones, el Sernanp reuni\u00f3 a representantes de los comit\u00e9s de gesti\u00f3n de las \u00e1reas naturales protegidas, as\u00ed como a especialistas del Servicio Nacional de Meteorolog\u00eda e Hidrolog\u00eda del Per\u00fa (Senamhi), para analizar los posibles escenarios y fortalecer las medidas preventivas en los territorios.<\/span><\/p>\n<p><a href=\"https:\/\/elinformanteperu.com\/wp-content\/uploads\/2026\/08\/nino-desastre.jpeg\"><img fetchpriority=\"high\" decoding=\"async\" class=\"size-large wp-image-152725 aligncenter\" src=\"https:\/\/elinformanteperu.com\/wp-content\/uploads\/2026\/08\/nino-desastre-1024x461.jpeg\" alt=\"\" width=\"615\" height=\"277\" srcset=\"https:\/\/elinformanteperu.com\/wp-content\/uploads\/2026\/08\/nino-desastre-1024x461.jpeg 1024w, https:\/\/elinformanteperu.com\/wp-content\/uploads\/2026\/08\/nino-desastre-300x135.jpeg 300w, https:\/\/elinformanteperu.com\/wp-content\/uploads\/2026\/08\/nino-desastre-768x346.jpeg 768w, https:\/\/elinformanteperu.com\/wp-content\/uploads\/2026\/08\/nino-desastre-1536x691.jpeg 1536w, https:\/\/elinformanteperu.com\/wp-content\/uploads\/2026\/08\/nino-desastre.jpeg 1600w\" sizes=\"(max-width: 615px) 100vw, 615px\" \/><\/a><span style=\"color: #000000;\">Durante la jornada, especialistas del Senamhi, explicaron sobre las condiciones del tiempo, clima y agua que vienen siendo monitoreadas. Entre los escenarios previstos figuran el incremento de precipitaciones en la costa norte y central, as\u00ed como un posible d\u00e9ficit h\u00eddrico en la zona andina sur.<\/span><\/p>\n<p><span style=\"color: #000000;\">A su turno, representantes del Sernanp, informaron sobre las acciones preventivas que se desarrollan en las \u00e1reas naturales protegidas que podr\u00edan verse afectadas por lluvias intensas, priorizando la protecci\u00f3n de las poblaciones aleda\u00f1as y la conservaci\u00f3n de los ecosistemas y la biodiversidad.<\/span><\/p>\n<p><span style=\"color: #000000;\">En esta reuni\u00f3n informativa tambi\u00e9n participaron representantes del Minam, Sernanp, Senamhi y de los comit\u00e9s de gesti\u00f3n de las \u00e1reas naturales protegidas, espacios que integran a actores locales y comunidades vinculadas a estos territorios.<\/span><\/p>\n<p><span style=\"color: #000000;\">De esta manera, el Minam fortalece una respuesta preventiva y articulada frente al Fen\u00f3meno El Ni\u00f1o, utilizando informaci\u00f3n cient\u00edfica para anticipar riesgos y promoviendo que las alertas y recomendaciones lleguen oportunamente a las poblaciones vinculadas a las \u00e1reas naturales protegidas.<\/span><\/p>\n<p>&nbsp;<\/p>\n","protected":false},"excerpt":{"rendered":"<p>A trav\u00e9s del Sernanp, se articula informaci\u00f3n con el Senamhi y los comit\u00e9s de gesti\u00f3n de las \u00e1reas naturales protegidas para fortalecer las acciones de prevenci\u00f3n. Lima, 30 Agosto 2026 (El Informante Per\u00fa).- El Ministerio del Ambiente (Minam), a trav\u00e9s del Servicio Nacional de \u00c1reas Naturales Protegidas por el Estado (Sernanp), viene fortaleciendo las acciones [&hellip;]<\/p>\n","protected":false},"author":1,"featured_media":152724,"comment_status":"closed","ping_status":"closed","sticky":false,"template":"","format":"standard","meta":{"rop_custom_images_group":[],"rop_custom_messages_group":[],"rop_publish_now":"initial","rop_publish_now_accounts":[],"rop_publish_now_history":[],"rop_publish_now_status":"pending","footnotes":""},"categories":[10],"tags":[8821,4164,368,367,514,7488],"class_list":["post-152723","post","type-post","status-publish","format-standard","has-post-thumbnail","hentry","category-actualidad-municipal","tag-fenomeno-del-nino","tag-fenomeno-el-nino","tag-minam","tag-ministerio-del-ambiente","tag-senamhi","tag-sernamp"],"_links":{"self":[{"href":"https:\/\/elinformanteperu.com\/index.php\/wp-json\/wp\/v2\/posts\/152723","targetHints":{"allow":["GET"]}}],"collection":[{"href":"https:\/\/elinformanteperu.com\/index.php\/wp-json\/wp\/v2\/posts"}],"about":[{"href":"https:\/\/elinformanteperu.com\/index.php\/wp-json\/wp\/v2\/types\/post"}],"author":[{"embeddable":true,"href":"https:\/\/elinformanteperu.com\/index.php\/wp-json\/wp\/v2\/users\/1"}],"replies":[{"embeddable":true,"href":"https:\/\/elinformanteperu.com\/index.php\/wp-json\/wp\/v2\/comments?post=152723"}],"version-history":[{"count":1,"href":"https:\/\/elinformanteperu.com\/index.php\/wp-json\/wp\/v2\/posts\/152723\/revisions"}],"predecessor-version":[{"id":152726,"href":"https:\/\/elinformanteperu.com\/index.php\/wp-json\/wp\/v2\/posts\/152723\/revisions\/152726"}],"wp:featuredmedia":[{"embeddable":true,"href":"https:\/\/elinformanteperu.com\/index.php\/wp-json\/wp\/v2\/media\/152724"}],"wp:attachment":[{"href":"https:\/\/elinformanteperu.com\/index.php\/wp-json\/wp\/v2\/media?parent=152723"}],"wp:term":[{"taxonomy":"category","embeddable":true,"href":"https:\/\/elinformanteperu.com\/index.php\/wp-json\/wp\/v2\/categories?post=152723"},{"taxonomy":"post_tag","embeddable":true,"href":"https:\/\/elinformanteperu.com\/index.php\/wp-json\/wp\/v2\/tags?post=152723"}],"curies":[{"name":"wp","href":"https:\/\/api.w.org\/{rel}","templated":true}]}}