{"id":152707,"date":"2026-08-30T14:18:37","date_gmt":"2026-08-30T19:18:37","guid":{"rendered":"https:\/\/elinformanteperu.com\/?p=152707"},"modified":"2026-08-30T14:18:37","modified_gmt":"2026-08-30T19:18:37","slug":"santa-rosa-como-celebran-los-diversos-pueblos-del-peru-la-festividad-en-su-honor","status":"publish","type":"post","link":"https:\/\/elinformanteperu.com\/index.php\/2026\/08\/30\/santa-rosa-como-celebran-los-diversos-pueblos-del-peru-la-festividad-en-su-honor\/","title":{"rendered":"Santa Rosa: \u00bfC\u00f3mo celebran los diversos pueblos del Per\u00fa la festividad en su honor?"},"content":{"rendered":"<p><strong><span style=\"color: #000000;\">Tradiciones y costumbres llenas de color y alegr\u00eda en ciudades y pueblos de costa, sierra y selva<\/span><\/strong><\/p>\n<p><span style=\"color: #000000;\"><strong>Lima, 30 Agosto 2026.-<\/strong> Aunque la festividad en honor a Santa Rosa, este 30 de agosto, cobra mayor realce en Lima por ser la ciudad donde naci\u00f3, vivi\u00f3 y falleci\u00f3, los homenajes se extienden y se celebran con gran fervor y devoci\u00f3n religiosa, colorido y alegr\u00eda en diversos pueblos de la costa, sierra y selva, algunos de los cuales llevan el nombre de la primera santa del Per\u00fa y de Am\u00e9rica.<\/span><\/p>\n<p><span style=\"color: #000000;\">Estas son algunas de las localidades del interior del pa\u00eds donde se rinde homenaje a Santa Rosa:<\/span><\/p>\n<p><strong><span style=\"color: #000000;\">Canta<\/span><\/strong><\/p>\n<p><a href=\"https:\/\/elinformanteperu.com\/wp-content\/uploads\/2026\/08\/canta-quives.jpg\"><img fetchpriority=\"high\" decoding=\"async\" class=\"size-full wp-image-152709 aligncenter\" src=\"https:\/\/elinformanteperu.com\/wp-content\/uploads\/2026\/08\/canta-quives.jpg\" alt=\"\" width=\"828\" height=\"552\" srcset=\"https:\/\/elinformanteperu.com\/wp-content\/uploads\/2026\/08\/canta-quives.jpg 828w, https:\/\/elinformanteperu.com\/wp-content\/uploads\/2026\/08\/canta-quives-300x200.jpg 300w, https:\/\/elinformanteperu.com\/wp-content\/uploads\/2026\/08\/canta-quives-768x512.jpg 768w\" sizes=\"(max-width: 828px) 100vw, 828px\" \/><\/a><span style=\"color: #000000;\">Las actividades en homenaje a la santa del Per\u00fa, Am\u00e9rica y Filipinas se desarrollan con especial fervor religioso en esta provincia, ubicada a 80 kil\u00f3metros al noreste de la ciudad de Lima, y particularmente en el distrito de Quives, donde se encuentra el predio y la ermita visitada por la virtuosa mujer.<\/span><\/p>\n<p><span style=\"color: #000000;\">Las festividades inician el 29 de agosto con la tradicional misa de la v\u00edspera, celebrada al aire libre en las afueras de la ermita de la tambi\u00e9n patrona de la Polic\u00eda Nacional y de las enfermeras del Per\u00fa.\u00a0<\/span><\/p>\n<p><span style=\"color: #000000;\">Este 30 de agosto, fecha central de la celebraci\u00f3n, se realiza una misa especial en la iglesia matriz de Quives. Pasado el mediod\u00eda empieza el recorrido procesional de la venerada imagen de Santa Rosa por las calles del distrito cante\u00f1o. Al caer la tarde tiene lugar en la plaza de armas una verbena que culmina con la quema de fuegos artificiales.<\/span><\/p>\n<p><span style=\"color: #000000;\">Adem\u00e1s de las actividades de car\u00e1cter religioso, las autoridades locales programan un festival gastron\u00f3mico, en el cual los visitantes podr\u00e1n degustar platos t\u00edpicos como la pachamanca, cuy frito, picante de cuy, trucha frita, patasca y el tradicional queso con choclo.<\/span><\/p>\n<p><a href=\"https:\/\/elinformanteperu.com\/wp-content\/uploads\/2026\/08\/canta-quives-santa-rosa.jpg\"><img decoding=\"async\" class=\"size-full wp-image-152710 aligncenter\" src=\"https:\/\/elinformanteperu.com\/wp-content\/uploads\/2026\/08\/canta-quives-santa-rosa.jpg\" alt=\"\" width=\"828\" height=\"552\" srcset=\"https:\/\/elinformanteperu.com\/wp-content\/uploads\/2026\/08\/canta-quives-santa-rosa.jpg 828w, https:\/\/elinformanteperu.com\/wp-content\/uploads\/2026\/08\/canta-quives-santa-rosa-300x200.jpg 300w, https:\/\/elinformanteperu.com\/wp-content\/uploads\/2026\/08\/canta-quives-santa-rosa-768x512.jpg 768w\" sizes=\"(max-width: 828px) 100vw, 828px\" \/><\/a><strong><span style=\"color: #000000;\">Chiqui\u00e1n<\/span><\/strong><\/p>\n<p><span style=\"color: #000000;\">En esta ciudad, capital de la provincia de Bolognesi, en la regi\u00f3n \u00c1ncash, ubicada a 3,370 metros sobre el nivel del mar y punto de inicio para visitar la Reserva Natural de la Cordillera Huayhuash, la festividad en honor a Santa Rosa, declarada este a\u00f1o como\u00a0Patrimonio Cultural de la Naci\u00f3n, dura generalmente 8 d\u00edas y congrega a toda la comunidad que participa en diversas actividades en la que se mezclan la devoci\u00f3n cat\u00f3lica, el sincretismo religioso y las costumbres ancestrales andinas.<\/span><\/p>\n<p><span style=\"color: #000000;\">El 30 de agosto, fecha central de la celebraci\u00f3n, se realizan una serie de ritos y costumbres, festivales, ferias, bailes donde destaca la Comparsa Inca Capit\u00e1n, en la que se manifiesta la fe de los chiquianos y veneraci\u00f3n a Isabel Flores de Oliva, nombre de pila de la santa lime\u00f1a.<\/span><\/p>\n<p><a href=\"https:\/\/elinformanteperu.com\/wp-content\/uploads\/2026\/08\/chiquian-santa-rosa.jpg\"><img decoding=\"async\" class=\"size-full wp-image-152711 aligncenter\" src=\"https:\/\/elinformanteperu.com\/wp-content\/uploads\/2026\/08\/chiquian-santa-rosa.jpg\" alt=\"\" width=\"830\" height=\"552\" srcset=\"https:\/\/elinformanteperu.com\/wp-content\/uploads\/2026\/08\/chiquian-santa-rosa.jpg 830w, https:\/\/elinformanteperu.com\/wp-content\/uploads\/2026\/08\/chiquian-santa-rosa-300x200.jpg 300w, https:\/\/elinformanteperu.com\/wp-content\/uploads\/2026\/08\/chiquian-santa-rosa-768x511.jpg 768w\" sizes=\"(max-width: 830px) 100vw, 830px\" \/><\/a><strong><span style=\"color: #000000;\">Huarochir\u00ed<\/span><\/strong><\/p>\n<p><span style=\"color: #000000;\">En la provincia de Huarochir\u00ed, una de las diez que conforman el departamento de Lima, la celebraci\u00f3n de mayor tradici\u00f3n religiosa es la fiesta que rinde culto a Santa Rosa de Lima.\u00a0<\/span><\/p>\n<p><span style=\"color: #000000;\">La comunidad campesina de Llambilla es el epicentro de esta festividad, donde los huarochiranos y visitantes muestran su devoci\u00f3n durante las novenas, misas, procesiones, presentaci\u00f3n de la danza t\u00edpica \u201cLas Ingas\u201d, que recoge una tradici\u00f3n ancestral que sobrevivi\u00f3 a la evangelizaci\u00f3n espa\u00f1ola y se adapt\u00f3 a las creencias cat\u00f3licas que hoy se manifiestan en las fiestas patronales.<\/span><\/p>\n<p><a href=\"https:\/\/elinformanteperu.com\/wp-content\/uploads\/2026\/08\/huarochiri-santa-rosa.jpg\"><img loading=\"lazy\" decoding=\"async\" class=\"size-full wp-image-152712 aligncenter\" src=\"https:\/\/elinformanteperu.com\/wp-content\/uploads\/2026\/08\/huarochiri-santa-rosa.jpg\" alt=\"\" width=\"828\" height=\"545\" srcset=\"https:\/\/elinformanteperu.com\/wp-content\/uploads\/2026\/08\/huarochiri-santa-rosa.jpg 828w, https:\/\/elinformanteperu.com\/wp-content\/uploads\/2026\/08\/huarochiri-santa-rosa-300x197.jpg 300w, https:\/\/elinformanteperu.com\/wp-content\/uploads\/2026\/08\/huarochiri-santa-rosa-768x506.jpg 768w\" sizes=\"(max-width: 828px) 100vw, 828px\" \/><\/a><strong><span style=\"color: #000000;\">Ocopa<\/span><\/strong><\/p>\n<p><span style=\"color: #000000;\">De las numerosas festividades religiosas y tradicionales que se realizan en la regi\u00f3n Jun\u00edn, destaca la que se lleva a cabo en el distrito de Santa Rosa de Ocopa, ubicada en la provincia de Concepci\u00f3n.<\/span><\/p>\n<p><span style=\"color: #000000;\">El distrito se llama as\u00ed por el convento de Santa Rosa de Ocopa, fundado en 1725 por fray Francisco Jim\u00e9nez de San Jos\u00e9, padre franciscano que de esa manera propag\u00f3 la devoci\u00f3n hacia la santa lime\u00f1a en el valle del Mantaro.<\/span><\/p>\n<p><span style=\"color: #000000;\">Durante las festividades, la imagen de Santa Rosa sale en procesi\u00f3n por las calles de Ocopa, acompa\u00f1ada por numerosos fieles locales y otros procedentes de todo Jun\u00edn y de otras regiones del pa\u00eds. Luego de la celebraci\u00f3n religiosa se realiza un festival de danzas costumbristas en la que destacan la Chonguinada, la Tunantada, entre otras.<\/span><\/p>\n<p><a href=\"https:\/\/elinformanteperu.com\/wp-content\/uploads\/2026\/08\/ocopa-santa-rosa.jpg\"><img loading=\"lazy\" decoding=\"async\" class=\"size-full wp-image-152713 aligncenter\" src=\"https:\/\/elinformanteperu.com\/wp-content\/uploads\/2026\/08\/ocopa-santa-rosa.jpg\" alt=\"\" width=\"828\" height=\"544\" srcset=\"https:\/\/elinformanteperu.com\/wp-content\/uploads\/2026\/08\/ocopa-santa-rosa.jpg 828w, https:\/\/elinformanteperu.com\/wp-content\/uploads\/2026\/08\/ocopa-santa-rosa-300x197.jpg 300w, https:\/\/elinformanteperu.com\/wp-content\/uploads\/2026\/08\/ocopa-santa-rosa-768x505.jpg 768w\" sizes=\"(max-width: 828px) 100vw, 828px\" \/><\/a><strong><span style=\"color: #000000;\">Oxapampa<\/span><\/strong><\/p>\n<p><span style=\"color: #000000;\">Fundada hace 135 a\u00f1os con el nombre de Santa Rosa de Oxapampa, esta importante ciudad de la regi\u00f3n Pasco celebra su aniversario jubilar, en coincidencia con las festividades en honor a Santa Rosa de Lima, patrona de esta provincia.<\/span><\/p>\n<p><span style=\"color: #000000;\">Como parte del programa oficial se realizan novenas, celebraciones lit\u00fargicas y recorridos procesionales por las principales v\u00edas de la ciudad. Tambi\u00e9n se llevan a cabo ferias gastron\u00f3micas que ofrecen los platos m\u00e1s representativos de la regi\u00f3n Pasco, que se nutren de insumos y tradiciones procedentes de la selva y sierra.<\/span><\/p>\n<p><span style=\"color: #000000;\">Asimismo, hay exhibici\u00f3n de danzas t\u00edpicas que expresan la simbiosis cultural de las comunidades ind\u00edgenas ancestrales y de los colonos procedentes de otras regiones del Per\u00fa e incluso de los austroalemanes que se asentaron en el siglo XIX.<\/span><\/p>\n<p><a href=\"https:\/\/elinformanteperu.com\/wp-content\/uploads\/2026\/08\/oxapampa-santa-rosa.jpg\"><img loading=\"lazy\" decoding=\"async\" class=\"size-full wp-image-152714 aligncenter\" src=\"https:\/\/elinformanteperu.com\/wp-content\/uploads\/2026\/08\/oxapampa-santa-rosa.jpg\" alt=\"\" width=\"828\" height=\"550\" srcset=\"https:\/\/elinformanteperu.com\/wp-content\/uploads\/2026\/08\/oxapampa-santa-rosa.jpg 828w, https:\/\/elinformanteperu.com\/wp-content\/uploads\/2026\/08\/oxapampa-santa-rosa-300x199.jpg 300w, https:\/\/elinformanteperu.com\/wp-content\/uploads\/2026\/08\/oxapampa-santa-rosa-768x510.jpg 768w\" sizes=\"(max-width: 828px) 100vw, 828px\" \/><\/a><strong><span style=\"color: #000000;\">Yanama<\/span><\/strong><\/p>\n<p><span style=\"color: #000000;\">En el distrito de Yanama, uno de los ocho que integran la provincia ancashina de Yungay, las fiestas de Santa Rosa se inician desde el 23 de agosto e incluyen actividades religiosas, culturales, art\u00edsticas y festivales gastron\u00f3micos.\u00a0<\/span><\/p>\n<p><span style=\"color: #000000;\">La fiesta se prolonga hasta inicios de septiembre, donde los lugare\u00f1os y visitantes aprovechan el feriado en honor a la santa para expresarle su devoci\u00f3n y disfrutar tambi\u00e9n de los bellos paisajes y la sabrosa culinaria t\u00edpica de la zona.<\/span><\/p>\n<p><a href=\"https:\/\/elinformanteperu.com\/wp-content\/uploads\/2026\/08\/yanama-santa-rosa.jpg\"><img loading=\"lazy\" decoding=\"async\" class=\"size-full wp-image-152715 aligncenter\" src=\"https:\/\/elinformanteperu.com\/wp-content\/uploads\/2026\/08\/yanama-santa-rosa.jpg\" alt=\"\" width=\"827\" height=\"555\" srcset=\"https:\/\/elinformanteperu.com\/wp-content\/uploads\/2026\/08\/yanama-santa-rosa.jpg 827w, https:\/\/elinformanteperu.com\/wp-content\/uploads\/2026\/08\/yanama-santa-rosa-300x201.jpg 300w, https:\/\/elinformanteperu.com\/wp-content\/uploads\/2026\/08\/yanama-santa-rosa-768x515.jpg 768w\" sizes=\"(max-width: 827px) 100vw, 827px\" \/><\/a><strong><span style=\"color: #000000;\">Celebraci\u00f3n en otras localidades<\/span><\/strong><\/p>\n<p><span style=\"color: #000000;\">Otras localidades donde se rinde homenaje a Santa Rosa son Castrovirreyna y Huaytar\u00e1, en la regi\u00f3n Huancavelica; Ambo y Tomayquichua, en Hu\u00e1nuco. Del mismo modo, en la regi\u00f3n Apur\u00edmac se desarrolla en los pueblos de San Pedro de Cachora, Huayana y Patahuasi en la provincia de Abancay, as\u00ed como en Cocharcas, Peccoy, San Miguel de Chaccrampa y Pacucha, en la provincia de Andahuaylas; y tambi\u00e9n en Aymaraes, Chalhuanca, Soraya, Sa\u00f1ayca, Toraya, Ccarhuatani, Copaya, Mosecca, y Tambobamba, en la provincia de Cotabambas.\u00a0<\/span><\/p>\n<p><span style=\"color: #000000;\">En el norte del pa\u00eds, se recuerda con gran fervor religioso, acompa\u00f1ado de actividades costumbristas en los distritos de Chulucanas y Morrop\u00f3n, en la regi\u00f3n Piura, as\u00ed como en Trujillo, Piura y Tumbes.\u00a0<\/span><\/p>\n<p><span style=\"color: #000000;\">En la Amazon\u00eda se celebra en las ciudades de Lamas y Huallaga, en la regi\u00f3n San Mart\u00edn; Pucallpa, en la regi\u00f3n Ucayali, y en la regi\u00f3n Amazonas. De esta manera, la festividad en honor de Santa Rosa se extiende a todas las regiones, con los matices caracter\u00edsticos de sus tradiciones. <strong>(ANDINA).<\/strong><\/span><\/p>\n<p><a href=\"https:\/\/elinformanteperu.com\/wp-content\/uploads\/2026\/08\/santa-rosa-de-lima-peru1.jpg\"><img loading=\"lazy\" decoding=\"async\" class=\"size-full wp-image-152716 aligncenter\" src=\"https:\/\/elinformanteperu.com\/wp-content\/uploads\/2026\/08\/santa-rosa-de-lima-peru1.jpg\" alt=\"\" width=\"825\" height=\"555\" srcset=\"https:\/\/elinformanteperu.com\/wp-content\/uploads\/2026\/08\/santa-rosa-de-lima-peru1.jpg 825w, https:\/\/elinformanteperu.com\/wp-content\/uploads\/2026\/08\/santa-rosa-de-lima-peru1-300x202.jpg 300w, https:\/\/elinformanteperu.com\/wp-content\/uploads\/2026\/08\/santa-rosa-de-lima-peru1-768x517.jpg 768w\" sizes=\"(max-width: 825px) 100vw, 825px\" \/><\/a><\/p>\n","protected":false},"excerpt":{"rendered":"<p>Tradiciones y costumbres llenas de color y alegr\u00eda en ciudades y pueblos de costa, sierra y selva Lima, 30 Agosto 2026.- Aunque la festividad en honor a Santa Rosa, este 30 de agosto, cobra mayor realce en Lima por ser la ciudad donde naci\u00f3, vivi\u00f3 y falleci\u00f3, los homenajes se extienden y se celebran con [&hellip;]<\/p>\n","protected":false},"author":1,"featured_media":152708,"comment_status":"closed","ping_status":"closed","sticky":false,"template":"","format":"standard","meta":{"rop_custom_images_group":[],"rop_custom_messages_group":[],"rop_publish_now":"initial","rop_publish_now_accounts":[],"rop_publish_now_history":[],"rop_publish_now_status":"pending","footnotes":""},"categories":[10,13],"tags":[6771],"class_list":["post-152707","post","type-post","status-publish","format-standard","has-post-thumbnail","hentry","category-actualidad-municipal","category-hemeroteca-virtual","tag-santa-rosa-de-lima"],"_links":{"self":[{"href":"https:\/\/elinformanteperu.com\/index.php\/wp-json\/wp\/v2\/posts\/152707","targetHints":{"allow":["GET"]}}],"collection":[{"href":"https:\/\/elinformanteperu.com\/index.php\/wp-json\/wp\/v2\/posts"}],"about":[{"href":"https:\/\/elinformanteperu.com\/index.php\/wp-json\/wp\/v2\/types\/post"}],"author":[{"embeddable":true,"href":"https:\/\/elinformanteperu.com\/index.php\/wp-json\/wp\/v2\/users\/1"}],"replies":[{"embeddable":true,"href":"https:\/\/elinformanteperu.com\/index.php\/wp-json\/wp\/v2\/comments?post=152707"}],"version-history":[{"count":1,"href":"https:\/\/elinformanteperu.com\/index.php\/wp-json\/wp\/v2\/posts\/152707\/revisions"}],"predecessor-version":[{"id":152717,"href":"https:\/\/elinformanteperu.com\/index.php\/wp-json\/wp\/v2\/posts\/152707\/revisions\/152717"}],"wp:featuredmedia":[{"embeddable":true,"href":"https:\/\/elinformanteperu.com\/index.php\/wp-json\/wp\/v2\/media\/152708"}],"wp:attachment":[{"href":"https:\/\/elinformanteperu.com\/index.php\/wp-json\/wp\/v2\/media?parent=152707"}],"wp:term":[{"taxonomy":"category","embeddable":true,"href":"https:\/\/elinformanteperu.com\/index.php\/wp-json\/wp\/v2\/categories?post=152707"},{"taxonomy":"post_tag","embeddable":true,"href":"https:\/\/elinformanteperu.com\/index.php\/wp-json\/wp\/v2\/tags?post=152707"}],"curies":[{"name":"wp","href":"https:\/\/api.w.org\/{rel}","templated":true}]}}