{"id":152699,"date":"2026-08-30T13:46:56","date_gmt":"2026-08-30T18:46:56","guid":{"rendered":"https:\/\/elinformanteperu.com\/?p=152699"},"modified":"2026-08-30T13:46:56","modified_gmt":"2026-08-30T18:46:56","slug":"con-sismo-en-tacna-de-magnitud-5-2-se-alcanza-los-609-registrados-en-lo-que-va-de-2026","status":"publish","type":"post","link":"https:\/\/elinformanteperu.com\/index.php\/2026\/08\/30\/con-sismo-en-tacna-de-magnitud-5-2-se-alcanza-los-609-registrados-en-lo-que-va-de-2026\/","title":{"rendered":"Con sismo en Tacna de magnitud 5.2 se alcanza los 609 registrados en lo que va de 2026"},"content":{"rendered":"<p><strong><span style=\"color: #000000;\">Movimiento tel\u00farico se registro\u00f3a esta madrugada, report\u00f3 el IGP<\/span><\/strong><\/p>\n<p><span style=\"color: #000000;\"><strong>Lima, 30 Agosto 2026.-<\/strong> El Centro Sismol\u00f3gico Nacional del Instituto Geof\u00edsico del Per\u00fa (IGP) report\u00f3 esta madrugada un sismo de magnitud 5.2 con epicentro a 413 kil\u00f3metros al sur del distrito de Tacna, en la provincia y departamento del mismo nombre, con lo que la cifra de movimientos tel\u00faricos en el pa\u00eds alcanza los 609 sismos en lo que va del a\u00f1o.<\/span><\/p>\n<p><span style=\"color: #000000;\">El sismo se registr\u00f3 a las 00.19 horas y tuvo una profundidad de 42 kil\u00f3metros. Se sinti\u00f3 con una intensidad de III en Tacna.<\/span><\/p>\n<p><a href=\"https:\/\/elinformanteperu.com\/wp-content\/uploads\/2026\/08\/sismo-reporte-tacna.jpg\"><img fetchpriority=\"high\" decoding=\"async\" class=\"size-full wp-image-152700 aligncenter\" src=\"https:\/\/elinformanteperu.com\/wp-content\/uploads\/2026\/08\/sismo-reporte-tacna.jpg\" alt=\"\" width=\"541\" height=\"391\" srcset=\"https:\/\/elinformanteperu.com\/wp-content\/uploads\/2026\/08\/sismo-reporte-tacna.jpg 541w, https:\/\/elinformanteperu.com\/wp-content\/uploads\/2026\/08\/sismo-reporte-tacna-300x217.jpg 300w\" sizes=\"(max-width: 541px) 100vw, 541px\" \/><\/a><span style=\"color: #000000;\">En la v\u00edspera se registraron cuatros sismos moderados en Arequipa, Piura, \u00c1ncash y Pasco; mientras el 28 de agosto, en Tacna y la localidad de Chilca, en la provincia lime\u00f1a de Ca\u00f1ete. El 27 de agosto cerca de la medianoche otro temblor se registr\u00f3 en Arequipa.<\/span><\/p>\n<p><span style=\"color: #000000;\">De acuerdo con los reportes emitidos por el Centro Sismol\u00f3gico Nacional (Censis) del Instituto Geof\u00edsico del Per\u00fa (IGP), se super\u00f3 los 600 sismos con el reporte IGP\/CENSIS\/RS 2026-0602, correspondiente al temblor de magnitud 3.4 ocurrido el 28 de agosto a las 08:19:54 horas, cuyo epicentro se ubic\u00f3 a 11 kil\u00f3metros al sur del distrito de Chilca, provincia de Ca\u00f1ete, regi\u00f3n Lima.<\/span><\/p>\n<p><span style=\"color: #000000;\">Seg\u00fan el reporte s\u00edsmico, el movimiento tel\u00farico tuvo una profundidad de 48 kil\u00f3metros, con coordenadas de latitud -12.61 y longitud -76.77. El evento alcanz\u00f3 una intensidad de II en Chilca, por lo que fue considerado un sismo de baja intensidad en la escala de Mercalli Modificada.<\/span><\/p>\n<p><span style=\"color: #000000;\">El Censis inform\u00f3, adem\u00e1s, que otro movimiento tel\u00farico de similar magnitud se produjo cerca de la medianoche del jueves 27 de agosto a las 23:55:03 horas.<\/span><\/p>\n<p><span style=\"color: #000000;\">Este evento tuvo una magnitud de 3.4, una profundidad de 15 kil\u00f3metros y su epicentro se ubic\u00f3 a 21 kil\u00f3metros al sureste de V\u00edtor, provincia y regi\u00f3n Arequipa. La intensidad reportada fue de II en V\u00edtor.<\/span><\/p>\n<p><strong><span style=\"color: #000000;\">M\u00e1s de 600 eventos s\u00edsmicos en ocho meses<\/span><\/strong><\/p>\n<p><span style=\"color: #000000;\">Con el reporte 0602, la numeraci\u00f3n de los registros del Censis del IGP alcanza los 602 eventos s\u00edsmicos en el territorio peruano y zonas pr\u00f3ximas monitoreadas por la instituci\u00f3n durante 2026.<\/span><\/p>\n<p><span style=\"color: #000000;\">La cifra refleja la actividad s\u00edsmica permanente que caracteriza al territorio peruano, ubicado en una de las zonas de mayor actividad s\u00edsmica del planeta debido a la interacci\u00f3n de las placas de Nazca y Sudamericana.<\/span><\/p>\n<p><span style=\"color: #000000;\">La cantidad de eventos registrados no significa que todos hayan sido percibidos por la poblaci\u00f3n ni que representen sismos de gran magnitud. La mayor\u00eda de movimientos tel\u00faricos son de magnitudes bajas y, dependiendo de su profundidad, distancia al epicentro y caracter\u00edsticas del terreno, pueden no ser sentidos.<\/span><\/p>\n<p><a href=\"https:\/\/elinformanteperu.com\/wp-content\/uploads\/2026\/07\/junin-sismo.jpg\"><img decoding=\"async\" class=\"size-full wp-image-150764 aligncenter\" src=\"https:\/\/elinformanteperu.com\/wp-content\/uploads\/2026\/07\/junin-sismo.jpg\" alt=\"\" width=\"843\" height=\"560\" srcset=\"https:\/\/elinformanteperu.com\/wp-content\/uploads\/2026\/07\/junin-sismo.jpg 843w, https:\/\/elinformanteperu.com\/wp-content\/uploads\/2026\/07\/junin-sismo-300x199.jpg 300w, https:\/\/elinformanteperu.com\/wp-content\/uploads\/2026\/07\/junin-sismo-768x510.jpg 768w\" sizes=\"(max-width: 843px) 100vw, 843px\" \/><\/a><\/p>\n<p><strong><span style=\"color: #000000;\">El sismo m\u00e1s da\u00f1ino de 2026<\/span><\/strong><\/p>\n<p><span style=\"color: #000000;\">El evento que ha ocasionado las mayores p\u00e9rdidas humanas y da\u00f1os materiales en lo que va del a\u00f1o ocurri\u00f3 la noche del s\u00e1bado 18 de julio en la regi\u00f3n Jun\u00edn.<\/span><\/p>\n<p><span style=\"color: #000000;\">El fuerte sismo de magnitud 5.4, con epicentro en el distrito de Chongos Bajo, provincia de Chupaca, dej\u00f3 seis personas fallecidas, decenas de heridos, viviendas colapsadas, infraestructura p\u00fablica afectada y cortes del servicio el\u00e9ctrico en Huancayo, Chupaca y otras localidades de la regi\u00f3n.<\/span><\/p>\n<p><span style=\"color: #000000;\">Tambi\u00e9n se reportaron da\u00f1os en establecimientos de salud, entre ellos el Hospital Regional Materno Infantil El Carmen y el Hospital Daniel Alcides Carri\u00f3n.<\/span><\/p>\n<p><span style=\"color: #000000;\">Tras este evento, el IGP registr\u00f3 varias r\u00e9plicas en la misma zona, convirtiendo a Chupaca en uno de los sectores con mayor actividad s\u00edsmica de los \u00faltimos d\u00edas.<\/span><\/p>\n<p><span style=\"color: #000000;\">Luego se encuentra el sismo de magnitud 7.2 registrado el 20 de agosto en Coracora, provincia de Parinacochas, regi\u00f3n Ayacucho. El temblor dej\u00f3 tres personas heridas, da\u00f1os en decenas de viviendas y provoc\u00f3 deslizamientos en carreteras y la interrupci\u00f3n del servicio el\u00e9ctrico.<\/span><\/p>\n<p><span style=\"color: #000000;\">El movimiento tel\u00farico alcanz\u00f3 una intensidad de III-IV en Coracora, y gener\u00f3 la alarma en la poblaci\u00f3n de varias ciudades de Ayacucho, Ica, Huancavelica y Arequipa.<\/span><\/p>\n<p><a href=\"https:\/\/elinformanteperu.com\/wp-content\/uploads\/2026\/08\/sismo-chupaca-junin5.jpg\"><img decoding=\"async\" class=\"size-full wp-image-151716 aligncenter\" src=\"https:\/\/elinformanteperu.com\/wp-content\/uploads\/2026\/08\/sismo-chupaca-junin5.jpg\" alt=\"\" width=\"830\" height=\"543\" srcset=\"https:\/\/elinformanteperu.com\/wp-content\/uploads\/2026\/08\/sismo-chupaca-junin5.jpg 830w, https:\/\/elinformanteperu.com\/wp-content\/uploads\/2026\/08\/sismo-chupaca-junin5-300x196.jpg 300w, https:\/\/elinformanteperu.com\/wp-content\/uploads\/2026\/08\/sismo-chupaca-junin5-768x502.jpg 768w\" sizes=\"(max-width: 830px) 100vw, 830px\" \/><\/a><strong><span style=\"color: #000000;\">Los sismos de mayor magnitud registrados en 2026<\/span><\/strong><\/p>\n<p><span style=\"color: #000000;\">Seg\u00fan los reportes oficiales del IGP, los movimientos de mayor magnitud registrados durante el a\u00f1o corresponden principalmente a la costa central y sur del pa\u00eds. Adem\u00e1s de Chupaca y Coracora, figuran:<\/span><\/p>\n<p><span style=\"color: #000000;\"><strong>30 de junio \u2013<\/strong> Ucayali: magnitud 5.0, con epicentro cerca de Curiman\u00e1, en la provincia de Padre Abad; y diversos sismos de magnitudes entre 4.5 y 4.9 registrados frente a las costas de Ica, Arequipa, Lima y Jun\u00edn, as\u00ed como en la Amazon\u00eda peruana, sin provocar da\u00f1os de consideraci\u00f3n.<\/span><\/p>\n<p><span style=\"color: #000000;\">Aunque la magnitud mide la energ\u00eda liberada por un terremoto, la intensidad refleja c\u00f3mo fue percibido por la poblaci\u00f3n y el nivel de da\u00f1os ocasionados.<\/span><\/p>\n<p><span style=\"color: #000000;\">En 2026, el sismo de Chongos Bajo (Jun\u00edn) alcanz\u00f3 las mayores intensidades registradas, siendo percibido entre VI y VII en la escala de Mercalli Modificada en varias localidades cercanas al epicentro, lo que explica los severos da\u00f1os en edificaciones de adobe y otras estructuras vulnerables.<\/span><\/p>\n<p><span style=\"color: #000000;\">La mayor\u00eda de los dem\u00e1s sismos registrados durante el a\u00f1o presentaron intensidades entre II y IV, consideradas leves o moderadas.<\/span><\/p>\n<p><strong><span style=\"color: #000000;\">Regiones con mayor actividad s\u00edsmica<\/span><\/strong><\/p>\n<p><span style=\"color: #000000;\">El an\u00e1lisis de los reportes emitidos por el Centro Sismol\u00f3gico Nacional muestra que la actividad s\u00edsmica se concentra principalmente en: Ica, Arequipa, Lima, Jun\u00edn, Ucayali y Pasco.<\/span><\/p>\n<p><span style=\"color: #000000;\">Estas regiones registran una elevada frecuencia de eventos debido a su ubicaci\u00f3n sobre la zona de subducci\u00f3n entre las placas de Nasca y Sudamericana o por la presencia de fallas geol\u00f3gicas activas en la cordillera andina y la selva central.<\/span><\/p>\n<p><span style=\"color: #000000;\">El IGP recomienda mantener siempre una cultura de prevenci\u00f3n ante la posibilidad de un sismo de mayor magnitud y contar con un plan familiar de emergencia, identificar zonas seguras dentro y fuera de la vivienda y preparar una mochila para emergencias. <strong>(ANDINA).<\/strong><\/span><\/p>\n<p><a href=\"https:\/\/elinformanteperu.com\/wp-content\/uploads\/2026\/07\/junin-bomberos-sismo.jpg\"><img loading=\"lazy\" decoding=\"async\" class=\"size-full wp-image-150421 aligncenter\" src=\"https:\/\/elinformanteperu.com\/wp-content\/uploads\/2026\/07\/junin-bomberos-sismo.jpg\" alt=\"\" width=\"842\" height=\"556\" srcset=\"https:\/\/elinformanteperu.com\/wp-content\/uploads\/2026\/07\/junin-bomberos-sismo.jpg 842w, https:\/\/elinformanteperu.com\/wp-content\/uploads\/2026\/07\/junin-bomberos-sismo-300x198.jpg 300w, https:\/\/elinformanteperu.com\/wp-content\/uploads\/2026\/07\/junin-bomberos-sismo-768x507.jpg 768w\" sizes=\"(max-width: 842px) 100vw, 842px\" \/><\/a><\/p>\n","protected":false},"excerpt":{"rendered":"<p>Movimiento tel\u00farico se registro\u00f3a esta madrugada, report\u00f3 el IGP Lima, 30 Agosto 2026.- El Centro Sismol\u00f3gico Nacional del Instituto Geof\u00edsico del Per\u00fa (IGP) report\u00f3 esta madrugada un sismo de magnitud 5.2 con epicentro a 413 kil\u00f3metros al sur del distrito de Tacna, en la provincia y departamento del mismo nombre, con lo que la cifra [&hellip;]<\/p>\n","protected":false},"author":1,"featured_media":151780,"comment_status":"closed","ping_status":"closed","sticky":false,"template":"","format":"standard","meta":{"rop_custom_images_group":[],"rop_custom_messages_group":[],"rop_publish_now":"initial","rop_publish_now_accounts":[],"rop_publish_now_history":[],"rop_publish_now_status":"pending","footnotes":""},"categories":[10],"tags":[426,3992],"class_list":["post-152699","post","type-post","status-publish","format-standard","has-post-thumbnail","hentry","category-actualidad-municipal","tag-sismo","tag-tacna"],"_links":{"self":[{"href":"https:\/\/elinformanteperu.com\/index.php\/wp-json\/wp\/v2\/posts\/152699","targetHints":{"allow":["GET"]}}],"collection":[{"href":"https:\/\/elinformanteperu.com\/index.php\/wp-json\/wp\/v2\/posts"}],"about":[{"href":"https:\/\/elinformanteperu.com\/index.php\/wp-json\/wp\/v2\/types\/post"}],"author":[{"embeddable":true,"href":"https:\/\/elinformanteperu.com\/index.php\/wp-json\/wp\/v2\/users\/1"}],"replies":[{"embeddable":true,"href":"https:\/\/elinformanteperu.com\/index.php\/wp-json\/wp\/v2\/comments?post=152699"}],"version-history":[{"count":1,"href":"https:\/\/elinformanteperu.com\/index.php\/wp-json\/wp\/v2\/posts\/152699\/revisions"}],"predecessor-version":[{"id":152701,"href":"https:\/\/elinformanteperu.com\/index.php\/wp-json\/wp\/v2\/posts\/152699\/revisions\/152701"}],"wp:featuredmedia":[{"embeddable":true,"href":"https:\/\/elinformanteperu.com\/index.php\/wp-json\/wp\/v2\/media\/151780"}],"wp:attachment":[{"href":"https:\/\/elinformanteperu.com\/index.php\/wp-json\/wp\/v2\/media?parent=152699"}],"wp:term":[{"taxonomy":"category","embeddable":true,"href":"https:\/\/elinformanteperu.com\/index.php\/wp-json\/wp\/v2\/categories?post=152699"},{"taxonomy":"post_tag","embeddable":true,"href":"https:\/\/elinformanteperu.com\/index.php\/wp-json\/wp\/v2\/tags?post=152699"}],"curies":[{"name":"wp","href":"https:\/\/api.w.org\/{rel}","templated":true}]}}