{"id":152666,"date":"2026-08-30T12:24:16","date_gmt":"2026-08-30T17:24:16","guid":{"rendered":"https:\/\/elinformanteperu.com\/?p=152666"},"modified":"2026-08-30T12:25:43","modified_gmt":"2026-08-30T17:25:43","slug":"alianza-lima-a-cuantos-puntos-del-garcilaso-y-universitario-quedo-el-equipo-intimo","status":"publish","type":"post","link":"https:\/\/elinformanteperu.com\/index.php\/2026\/08\/30\/alianza-lima-a-cuantos-puntos-del-garcilaso-y-universitario-quedo-el-equipo-intimo\/","title":{"rendered":"Alianza Lima: \u00bfA cu\u00e1ntos puntos del Garcilaso y Universitario qued\u00f3 el equipo \u00edntimo?"},"content":{"rendered":"<p><strong><span style=\"color: #000000;\">El equipo \u00edntimo, que mostr\u00f3 su peor versi\u00f3n, sum\u00f3 su primera derrota en el Torneo Clausura<\/span><\/strong><\/p>\n<p><span style=\"color: #000000;\"><strong>Lima, 30 Agosto 2026 (El Informante Per\u00fa).-<\/strong> Con la dura derrota de 1-0 sufrida ante Deporitvo Garcilaso, en el Estadio Alejandro Villanueva, Alianza Lima desnud\u00f3 muchas falencias que hacen dudar a su afici\u00f3n de lograr el objetivo de ganar el Torneo Clausura y eso se demuestra en la tabla de posiciones al ponerse a cuatro puntos de los l\u00edderes.<\/span><\/p>\n<p><span style=\"color: #000000;\">La noche del s\u00e1bado fue para el olvido para el equipo \u00edntimos, que mostr\u00f3 su peor cara en lo que va de la Liga 1. Cay\u00f3 ante el equipo que estaba obligado a no perder porque es un oponente directo al t\u00edtulo del segundo torneo del a\u00f1o.<\/span><\/p>\n<p><span style=\"color: #000000;\">Es cierto que fue su primera derrota del Torneo Clausura, pero tambi\u00e9n es real de que con lo apretada que est\u00e1 la clasificaci\u00f3n no puede pesta\u00f1ar y m\u00e1s a\u00fan jugando en casa, donde caer no es una opci\u00f3n.<\/span><\/p>\n<p><span style=\"color: #000000;\">Varios jugadores llamados a liderar el equipo dejaron mucho que desear. Uno de ellos es Luis Adv\u00edncula, quien confirm\u00f3 que no pasa por un buen momento futbol\u00edstico porque su aporte se redujo a la m\u00ednima expresi\u00f3n cuando ataca y defiende.\u00a0<\/span><\/p>\n<p><span style=\"color: #000000;\">La hinchada aliancista se pregunta qu\u00e9 le ocurri\u00f3 a Alan Cantero porque pas\u00f3 de ser el mejor jugador de la pretemporada, con actuaciones sobresalientes en amistosos con rivales fuertes del extranjero, a un elementos que deambula en la cancha sin peso futbol\u00edstico.<\/span><\/p>\n<p><span style=\"color: #000000;\">Ante el equipo cusque\u00f1o inici\u00f3 de las acciones como titular y realmente su rendimiento fue muy bajo. Al parecer el cambio de camiseta con Lionel Messi, su \u00eddolo de siempre,\u00a0 en el amistoso entre Alianza ante Inter Miami, a principio de a\u00f1o, anul\u00f3 todos su f\u00fatbol porque desde all\u00ed no fue m\u00e1s el Cantero encarador y definidor.<\/span><\/p>\n<p><span style=\"color: #000000;\">No es un secreto de que Paolo Guerrero dej\u00f3 de ser un referente de gol en Alianza Lima porque su juego ya es lento y predecible para los rivales. Su accionar se limita m\u00e1s a pelearse con sus marcadores y reclamar airadamente al \u00e1rbitro.<\/span><\/p>\n<p><span style=\"color: #000000;\">El t\u00e9cnico Pablo Guede debe entender que el &#8216;depredador&#8217; es una opci\u00f3n m\u00e1s como pieza de recambio, por lo que tiene que buscar alternativas ofensivas m\u00e1s certeras porque ante el equipo cusque\u00f1o se gener\u00f3 ocasiones de anotar, pero fallaron en la definici\u00f3n.<\/span><\/p>\n<blockquote class=\"twitter-tweet\">\n<p dir=\"ltr\" lang=\"es\">\ud835\udde8\ud835\uddfb \ud835\uddf4\ud835\uddfc\ud835\uddf9 \ud835\uddfe\ud835\ude02\ud835\uddf2 \ud835\uddfa\ud835\uddee\ud835\uddfb\ud835\ude01\ud835\uddf6\ud835\uddf2\ud835\uddfb\ud835\uddf2 \ud835\uddf9\ud835\uddee \ud835\uddf6\ud835\uddf9\ud835\ude02\ud835\ude00\ud835\uddf6\ud835\uddfc\u0301\ud835\uddfb \ud835\uddf6\ud835\uddfb\ud835\ude01\ud835\uddee\ud835\uddf0\ud835\ude01\ud835\uddee \ud835\uddf1\ud835\uddf2\ud835\uddf9 &#8216;\ud835\udde5\ud835\uddf6\ud835\uddf0\ud835\uddfc \ud835\uddda\ud835\uddee\ud835\uddff\ud835\uddf0\ud835\uddf6&#8217; \u26bd\ud83e\ude75<\/p>\n<p>\ud83d\udcf8 C\u00e1mara Exclusiva Te Apuesto<a href=\"https:\/\/x.com\/hashtag\/Liga1TeApuesto?src=hash&amp;ref_src=twsrc%5Etfw\">#Liga1TeApuesto<\/a><a href=\"https:\/\/x.com\/hashtag\/ElADNdelHincha?src=hash&amp;ref_src=twsrc%5Etfw\">#ElADNdelHincha<\/a> <a href=\"https:\/\/t.co\/5XVZsi3GPx\">pic.twitter.com\/5XVZsi3GPx<\/a><\/p>\n<p>\u2014 Liga1 Te Apuesto (@Liga1TeApuesto) <a href=\"https:\/\/x.com\/Liga1TeApuesto\/status\/2093893688233476533?ref_src=twsrc%5Etfw\">August 30, 2026<\/a><\/p><\/blockquote>\n<p><script async src=\"https:\/\/platform.x.com\/widgets.js\" charset=\"utf-8\"><\/script><\/p>\n<p><strong><span style=\"color: #000000;\">Camino cuesta arriba<\/span><\/strong><\/p>\n<p><span style=\"color: #000000;\">Con esta derrota, Alianza Lima se qued\u00f3 con 12 puntos y moment\u00e1neamente se ubica en la tercera casilla, a cuatro puntos de los l\u00edderes Deportivo Garcilaso y Universitario de Deportes, quienes tienen 16 unidades.<\/span><\/p>\n<p><span style=\"color: #000000;\">Por su parte, en la tabla acumulada (Apertura+Clausura) los aliancistas siguen como l\u00edderes con 52 puntos, pero dejaron que Universitario, en segunda posici\u00f3n,\u00a0 acorten diferencias y sumen 45 unidades.<\/span><\/p>\n<p><span style=\"color: #000000;\">En la pr\u00f3xima fecha, la octava, los \u00edntimos viajar\u00e1n a Chongoyape para enfrentar a Juan Pablo II, el domingo 6 de setiembre (15:00 horas).<\/span><\/p>\n<p><span style=\"color: #000000;\">Luego de ese partido, Alianza Lima quedar\u00e1 expedito para jugar el supercl\u00e1sico del f\u00fatbol peruano ante Universitario de Deportes en el Alejandro Villanueva, el s\u00e1bado 12 de setiembre (20:00 horas), cotejo que podr\u00eda definir muchas cosas para los blanquiazules. <strong>(ANDINA).<\/strong><\/span><\/p>\n<p><a href=\"https:\/\/elinformanteperu.com\/wp-content\/uploads\/2026\/08\/tabla-clausura-26-fecha-7.jpg\"><img fetchpriority=\"high\" decoding=\"async\" class=\"wp-image-152668 aligncenter\" src=\"https:\/\/elinformanteperu.com\/wp-content\/uploads\/2026\/08\/tabla-clausura-26-fecha-7.jpg\" alt=\"\" width=\"631\" height=\"755\" srcset=\"https:\/\/elinformanteperu.com\/wp-content\/uploads\/2026\/08\/tabla-clausura-26-fecha-7.jpg 746w, https:\/\/elinformanteperu.com\/wp-content\/uploads\/2026\/08\/tabla-clausura-26-fecha-7-251x300.jpg 251w\" sizes=\"(max-width: 631px) 100vw, 631px\" \/><\/a><\/p>\n<blockquote class=\"twitter-tweet\"><p>&nbsp;<\/p><\/blockquote>\n<p><script async src=\"https:\/\/platform.x.com\/widgets.js\" charset=\"utf-8\"><\/script><\/p>\n","protected":false},"excerpt":{"rendered":"<p>El equipo \u00edntimo, que mostr\u00f3 su peor versi\u00f3n, sum\u00f3 su primera derrota en el Torneo Clausura Lima, 30 Agosto 2026 (El Informante Per\u00fa).- Con la dura derrota de 1-0 sufrida ante Deporitvo Garcilaso, en el Estadio Alejandro Villanueva, Alianza Lima desnud\u00f3 muchas falencias que hacen dudar a su afici\u00f3n de lograr el objetivo de ganar [&hellip;]<\/p>\n","protected":false},"author":1,"featured_media":152667,"comment_status":"closed","ping_status":"closed","sticky":false,"template":"","format":"standard","meta":{"rop_custom_images_group":[],"rop_custom_messages_group":[],"rop_publish_now":"initial","rop_publish_now_accounts":[],"rop_publish_now_history":[],"rop_publish_now_status":"pending","footnotes":""},"categories":[8],"tags":[8690,8843,7458],"class_list":["post-152666","post","type-post","status-publish","format-standard","has-post-thumbnail","hentry","category-disciplinas-deportivas","tag-alianza-lima-2026","tag-clausura-de-la-liga-1-2026","tag-deportivo-garcilaso"],"_links":{"self":[{"href":"https:\/\/elinformanteperu.com\/index.php\/wp-json\/wp\/v2\/posts\/152666","targetHints":{"allow":["GET"]}}],"collection":[{"href":"https:\/\/elinformanteperu.com\/index.php\/wp-json\/wp\/v2\/posts"}],"about":[{"href":"https:\/\/elinformanteperu.com\/index.php\/wp-json\/wp\/v2\/types\/post"}],"author":[{"embeddable":true,"href":"https:\/\/elinformanteperu.com\/index.php\/wp-json\/wp\/v2\/users\/1"}],"replies":[{"embeddable":true,"href":"https:\/\/elinformanteperu.com\/index.php\/wp-json\/wp\/v2\/comments?post=152666"}],"version-history":[{"count":3,"href":"https:\/\/elinformanteperu.com\/index.php\/wp-json\/wp\/v2\/posts\/152666\/revisions"}],"predecessor-version":[{"id":152671,"href":"https:\/\/elinformanteperu.com\/index.php\/wp-json\/wp\/v2\/posts\/152666\/revisions\/152671"}],"wp:featuredmedia":[{"embeddable":true,"href":"https:\/\/elinformanteperu.com\/index.php\/wp-json\/wp\/v2\/media\/152667"}],"wp:attachment":[{"href":"https:\/\/elinformanteperu.com\/index.php\/wp-json\/wp\/v2\/media?parent=152666"}],"wp:term":[{"taxonomy":"category","embeddable":true,"href":"https:\/\/elinformanteperu.com\/index.php\/wp-json\/wp\/v2\/categories?post=152666"},{"taxonomy":"post_tag","embeddable":true,"href":"https:\/\/elinformanteperu.com\/index.php\/wp-json\/wp\/v2\/tags?post=152666"}],"curies":[{"name":"wp","href":"https:\/\/api.w.org\/{rel}","templated":true}]}}