{"id":152650,"date":"2026-08-30T11:44:47","date_gmt":"2026-08-30T16:44:47","guid":{"rendered":"https:\/\/elinformanteperu.com\/?p=152650"},"modified":"2026-08-30T11:54:09","modified_gmt":"2026-08-30T16:54:09","slug":"lima-2027-muestra-sus-avances-ante-panam-sports-y-reafirma-preparacion-del-peru-para-los-juegos-panamericanos-y-parapanamericanos","status":"publish","type":"post","link":"https:\/\/elinformanteperu.com\/index.php\/2026\/08\/30\/lima-2027-muestra-sus-avances-ante-panam-sports-y-reafirma-preparacion-del-peru-para-los-juegos-panamericanos-y-parapanamericanos\/","title":{"rendered":"Lima 2027 muestra sus avances ante Panam Sports"},"content":{"rendered":"<p><strong><span style=\"color: #000000;\">Presidente del IPD y del Comit\u00e9 Organizador de Lima 2027, \u00d3scar Fern\u00e1ndez dio a conocer avances en infraestructura, operaciones y servicios a las principales autoridades de Panam Sports.<\/span><\/strong><\/p>\n<p><span style=\"color: #000000;\"><strong>Lima, 29 Agosto 2026 (El Informante Per\u00fa).-<\/strong> El presidente del Instituto Peruano del Deporte (IPD) y del Comit\u00e9 Organizador de Lima 2027, \u00d3scar Fern\u00e1ndez C\u00e1ceres, expuso los principales avances de los Juegos Panamericanos y Parapanamericanos durante la LXIV Asamblea General de Panam Sports, realizada en Lima como parte de la Panam Sports Week 2026.<\/span><\/p>\n<p><span style=\"color: #000000;\">La jornada reuni\u00f3 a las m\u00e1ximas autoridades del deporte ol\u00edmpico y panamericano, entre ellas el presidente de Panam Sports, Neven Ilic; el titular del Comit\u00e9 Ol\u00edmpico Peruano, Renzo Manyari; y la miembro del Comit\u00e9 Ol\u00edmpico Internacional (COI), Cecilia Tait Villacorta, adem\u00e1s de representantes de los 41 Comit\u00e9s Ol\u00edmpicos Nacionales.<\/span><\/p>\n<p><span style=\"color: #000000;\">Ante los representantes del movimiento deportivo continental, Fern\u00e1ndez C\u00e1ceres present\u00f3 la hoja de ruta que viene ejecutando el Per\u00fa a menos de un a\u00f1o de Lima 2027, destacando los avances en infraestructura, operaci\u00f3n de sedes, transporte, tecnolog\u00eda, seguridad, accesibilidad, atenci\u00f3n m\u00e9dica, alojamiento y log\u00edstica.<\/span><\/p>\n<p><span style=\"color: #000000;\">Durante su exposici\u00f3n, destac\u00f3 los avances y el trabajo articulado en aspectos fundamentales como infraestructura, operaci\u00f3n de sedes, transporte, tecnolog\u00eda, seguridad, accesibilidad, servicios m\u00e9dicos, alojamiento y log\u00edstica.<\/span><\/p>\n<p><span style=\"color: #000000;\">\u201cTrabajamos de manera simult\u00e1nea en infraestructura, operaci\u00f3n de recintos, transporte, tecnolog\u00eda, seguridad, accesibilidad, servicios m\u00e9dicos, alojamiento y log\u00edstica\u201d, asegur\u00f3.<\/span><\/p>\n<p><span style=\"color: #000000;\">Asimismo, el presidente del IPD y del Comit\u00e9 Organizador de Lima 2027 resalt\u00f3 que la instituci\u00f3n cuenta con un equipo comprometido que trabaja con una sola meta: superar los est\u00e1ndares que exige un evento de esta magnitud<\/span><\/p>\n<p><strong><span style=\"color: #000000;\">Secretario t\u00e9cnico<\/span><\/strong><\/p>\n<p><a href=\"https:\/\/elinformanteperu.com\/wp-content\/uploads\/2026\/08\/IPD-joseph-stein-ante-panam-sport-1.png\"><img fetchpriority=\"high\" decoding=\"async\" class=\"size-full wp-image-152652 aligncenter\" src=\"https:\/\/elinformanteperu.com\/wp-content\/uploads\/2026\/08\/IPD-joseph-stein-ante-panam-sport-1.png\" alt=\"\" width=\"700\" height=\"395\" srcset=\"https:\/\/elinformanteperu.com\/wp-content\/uploads\/2026\/08\/IPD-joseph-stein-ante-panam-sport-1.png 700w, https:\/\/elinformanteperu.com\/wp-content\/uploads\/2026\/08\/IPD-joseph-stein-ante-panam-sport-1-300x169.png 300w, https:\/\/elinformanteperu.com\/wp-content\/uploads\/2026\/08\/IPD-joseph-stein-ante-panam-sport-1-620x350.png 620w\" sizes=\"(max-width: 700px) 100vw, 700px\" \/><\/a><span style=\"color: #000000;\">Por su parte, el gerente general del IPD y secretario t\u00e9cnico del Comit\u00e9 Organizador de Lima 2027, Joseph Stein Bertr\u00e1n, resalt\u00f3 el fortalecimiento de los procesos de planificaci\u00f3n y ejecuci\u00f3n que permitir\u00e1n recibir a las delegaciones del continente en las mejores condiciones.<\/span><\/p>\n<p><span style=\"color: #000000;\">\u201cCon pie firme hacia una exitosa planificaci\u00f3n de estos Juegos, nos venimos fortaleciendo en todos los procesos que permitir\u00e1n recibir a nuestros hermanos de las Am\u00e9ricas\u201d, se\u00f1al\u00f3.<\/span><\/p>\n<p><span style=\"color: #000000;\">La presentaci\u00f3n permiti\u00f3 compartir con la comunidad deportiva panamericana los avances alcanzados por el Per\u00fa y fortalecer la coordinaci\u00f3n con los organismos responsables del desarrollo de los Juegos.<\/span><\/p>\n<p><span style=\"color: #000000;\">La Asamblea General puso fin a la Panam Sports Week 2026, que incluy\u00f3 reuniones de trabajo, foros especializados y visitas t\u00e9cnicas a las principales sedes que albergar\u00e1n Lima 2027.<\/span><\/p>\n<p><span style=\"color: #000000;\">Como parte de esta agenda, los dirigentes recorrieron la Villa Panamericana y la Videna, donde conocieron la infraestructura que estar\u00e1 al servicio de deportistas y paradeportistas durante el evento continental.<\/span><\/p>\n<p><a href=\"https:\/\/elinformanteperu.com\/wp-content\/uploads\/2026\/08\/IPD-Oscar-fernandez-ante-panam-sport-1.png\"><img decoding=\"async\" class=\"size-full wp-image-152653 aligncenter\" src=\"https:\/\/elinformanteperu.com\/wp-content\/uploads\/2026\/08\/IPD-Oscar-fernandez-ante-panam-sport-1.png\" alt=\"\" width=\"700\" height=\"395\" srcset=\"https:\/\/elinformanteperu.com\/wp-content\/uploads\/2026\/08\/IPD-Oscar-fernandez-ante-panam-sport-1.png 700w, https:\/\/elinformanteperu.com\/wp-content\/uploads\/2026\/08\/IPD-Oscar-fernandez-ante-panam-sport-1-300x169.png 300w, https:\/\/elinformanteperu.com\/wp-content\/uploads\/2026\/08\/IPD-Oscar-fernandez-ante-panam-sport-1-620x350.png 620w\" sizes=\"(max-width: 700px) 100vw, 700px\" \/><\/a><\/p>\n","protected":false},"excerpt":{"rendered":"<p>Presidente del IPD y del Comit\u00e9 Organizador de Lima 2027, \u00d3scar Fern\u00e1ndez dio a conocer avances en infraestructura, operaciones y servicios a las principales autoridades de Panam Sports. Lima, 29 Agosto 2026 (El Informante Per\u00fa).- El presidente del Instituto Peruano del Deporte (IPD) y del Comit\u00e9 Organizador de Lima 2027, \u00d3scar Fern\u00e1ndez C\u00e1ceres, expuso los [&hellip;]<\/p>\n","protected":false},"author":1,"featured_media":152651,"comment_status":"closed","ping_status":"closed","sticky":false,"template":"","format":"standard","meta":{"rop_custom_images_group":[],"rop_custom_messages_group":[],"rop_publish_now":"initial","rop_publish_now_accounts":[],"rop_publish_now_history":[],"rop_publish_now_status":"pending","footnotes":""},"categories":[8],"tags":[920,417,8055,3611,8118],"class_list":["post-152650","post","type-post","status-publish","format-standard","has-post-thumbnail","hentry","category-disciplinas-deportivas","tag-instituto-peruano-del-deporte","tag-ipd","tag-juegos-panamericanos-lima-2027","tag-panam-sports","tag-parapanamericanos-lima-2027"],"_links":{"self":[{"href":"https:\/\/elinformanteperu.com\/index.php\/wp-json\/wp\/v2\/posts\/152650","targetHints":{"allow":["GET"]}}],"collection":[{"href":"https:\/\/elinformanteperu.com\/index.php\/wp-json\/wp\/v2\/posts"}],"about":[{"href":"https:\/\/elinformanteperu.com\/index.php\/wp-json\/wp\/v2\/types\/post"}],"author":[{"embeddable":true,"href":"https:\/\/elinformanteperu.com\/index.php\/wp-json\/wp\/v2\/users\/1"}],"replies":[{"embeddable":true,"href":"https:\/\/elinformanteperu.com\/index.php\/wp-json\/wp\/v2\/comments?post=152650"}],"version-history":[{"count":2,"href":"https:\/\/elinformanteperu.com\/index.php\/wp-json\/wp\/v2\/posts\/152650\/revisions"}],"predecessor-version":[{"id":152659,"href":"https:\/\/elinformanteperu.com\/index.php\/wp-json\/wp\/v2\/posts\/152650\/revisions\/152659"}],"wp:featuredmedia":[{"embeddable":true,"href":"https:\/\/elinformanteperu.com\/index.php\/wp-json\/wp\/v2\/media\/152651"}],"wp:attachment":[{"href":"https:\/\/elinformanteperu.com\/index.php\/wp-json\/wp\/v2\/media?parent=152650"}],"wp:term":[{"taxonomy":"category","embeddable":true,"href":"https:\/\/elinformanteperu.com\/index.php\/wp-json\/wp\/v2\/categories?post=152650"},{"taxonomy":"post_tag","embeddable":true,"href":"https:\/\/elinformanteperu.com\/index.php\/wp-json\/wp\/v2\/tags?post=152650"}],"curies":[{"name":"wp","href":"https:\/\/api.w.org\/{rel}","templated":true}]}}